{"id":991,"date":"2003-06-12T00:00:00","date_gmt":"2003-06-12T00:00:00","guid":{"rendered":"http:\/\/www.gruene-wuppertal.de\/fraktion\/presse\/grune-warnen-vor-hysterie\/"},"modified":"2003-06-12T00:00:00","modified_gmt":"2003-06-12T00:00:00","slug":"grune-warnen-vor-hysterie","status":"publish","type":"pressemitteilungen","link":"https:\/\/gruene-wuppertal.de\/fraktion\/pressemitteilungen\/grune-warnen-vor-hysterie\/","title":{"rendered":"GR\u00dcNE warnen vor Hysterie"},"content":{"rendered":"<p>&quot;Das Thema Sauberkeit und Ordnung ist seit Jahren aktuell und es gibt genug bundes- und kommunalrechtliche Grundlagen f\u00fcr die Ahndung von Verst\u00f6\u00dfen gegen die Stra\u00dfensatzung, sie m\u00fcssen nur konsequent angewendet werden&quot;, so Fraktionssprecher Peter Vorsteher. &quot;Uns wundert es, dass jetzt so getan wird, als sei dieses Thema neu. Womit hat sich eigentlich der  Eigenbetrieb Stra\u00dfenreinigung Wuppertal (ESW) in den letzten Jahren besch\u00e4ftigt?&quot; <\/p>\n<p>Dass die jetzt aktuelle Diskussion \u00fcber die Sauberkeit in unserer Stadt den Bergischen Einzelhandelsverband zu einem Feldzug gegen so genannte soziale Randgruppen ermuntert, h\u00e4lt die b\u00fcndnisgr\u00fcne Fraktion f\u00fcr sehr bedenklich.  <\/p>\n<p>&quot;Im Rahmen der kommunalen Ordnungspartnerschaften, die seit Jahren erfolgreich zusammenarbeiten, sollten die Probleme gemeinsam von allen Beteiligten jetzt angegangen und gel\u00f6st werden. Es ist sehr befremdlich, dass Menschen in unserer Stadt in einem Atemzug mit M\u00fcll und Abfall genannt werden, den es zu &acute;entsorgen&acute; gilt. Wir wehren uns entschieden gegen diese menschenverachtende Kategorisierung von Obdachlosen. Erst einmal sollten wir alles in unserer Macht stehende tun, um allen WuppertalerInnen und Wuppertalern die Chance auf ein Leben jenseits der Armutsgrenze zu erm\u00f6glichen&quot;, so Peter Vorsteher abschie\u00dfend.<\/p>\n","protected":false},"excerpt":{"rendered":"<p>Die Fraktion B\u00fcndnis 90\/DIE GR\u00dcNEN h\u00e4lt nichts von der hektischen Betriebsamkeit, die sowohl die anderen Fraktionen als auch der Wuppertaler Einzelhandelsverband an den Tag legen und fordert dazu auf, wieder auf den Boden der Tatsachen zu gelangen.<\/p>\n","protected":false},"author":1,"featured_media":0,"menu_order":0,"comment_status":"closed","ping_status":"closed","template":"","meta":{"_wp_rev_ctl_limit":""},"themen":[],"yoast_head":"<!-- This site is optimized with the Yoast SEO plugin v21.8 - https:\/\/yoast.com\/wordpress\/plugins\/seo\/ -->\n<title>GR\u00dcNE warnen vor Hysterie - Fraktion von B\u00fcndnis 90 \/ DIE GR\u00dcNEN im Rat der Stadt Wuppertal<\/title>\n<meta name=\"robots\" content=\"index, follow, max-snippet:-1, max-image-preview:large, max-video-preview:-1\" \/>\n<link rel=\"canonical\" href=\"https:\/\/gruene-wuppertal.de\/fraktion\/pressemitteilungen\/grune-warnen-vor-hysterie\/\" \/>\n<meta property=\"og:locale\" content=\"de_DE\" \/>\n<meta property=\"og:type\" content=\"article\" \/>\n<meta property=\"og:title\" content=\"GR\u00dcNE warnen vor Hysterie - Fraktion von B\u00fcndnis 90 \/ DIE GR\u00dcNEN im Rat der Stadt Wuppertal\" \/>\n<meta property=\"og:description\" content=\"Die Fraktion B\u00fcndnis 90\/DIE GR\u00dcNEN h\u00e4lt nichts von der hektischen Betriebsamkeit, die sowohl die anderen Fraktionen als auch der Wuppertaler Einzelhandelsverband an den Tag legen und fordert dazu auf, wieder auf den Boden der Tatsachen zu gelangen.\" \/>\n<meta property=\"og:url\" content=\"https:\/\/gruene-wuppertal.de\/fraktion\/pressemitteilungen\/grune-warnen-vor-hysterie\/\" \/>\n<meta property=\"og:site_name\" content=\"Fraktion von B\u00fcndnis 90 \/ DIE GR\u00dcNEN im Rat der Stadt Wuppertal\" \/>\n<meta name=\"twitter:card\" content=\"summary_large_image\" \/>\n<meta name=\"twitter:label1\" content=\"Gesch\u00e4tzte Lesezeit\" \/>\n\t<meta name=\"twitter:data1\" content=\"1 Minute\" \/>\n<script type=\"application\/ld+json\" class=\"yoast-schema-graph\">{\"@context\":\"https:\/\/schema.org\",\"@graph\":[{\"@type\":\"WebPage\",\"@id\":\"https:\/\/gruene-wuppertal.de\/fraktion\/pressemitteilungen\/grune-warnen-vor-hysterie\/\",\"url\":\"https:\/\/gruene-wuppertal.de\/fraktion\/pressemitteilungen\/grune-warnen-vor-hysterie\/\",\"name\":\"GR\u00dcNE warnen vor Hysterie - Fraktion von B\u00fcndnis 90 \/ DIE GR\u00dcNEN im Rat der Stadt Wuppertal\",\"isPartOf\":{\"@id\":\"https:\/\/gruene-wuppertal.de\/fraktion\/#website\"},\"datePublished\":\"2003-06-12T00:00:00+00:00\",\"dateModified\":\"2003-06-12T00:00:00+00:00\",\"breadcrumb\":{\"@id\":\"https:\/\/gruene-wuppertal.de\/fraktion\/pressemitteilungen\/grune-warnen-vor-hysterie\/#breadcrumb\"},\"inLanguage\":\"de-DE\",\"potentialAction\":[{\"@type\":\"ReadAction\",\"target\":[\"https:\/\/gruene-wuppertal.de\/fraktion\/pressemitteilungen\/grune-warnen-vor-hysterie\/\"]}]},{\"@type\":\"BreadcrumbList\",\"@id\":\"https:\/\/gruene-wuppertal.de\/fraktion\/pressemitteilungen\/grune-warnen-vor-hysterie\/#breadcrumb\",\"itemListElement\":[{\"@type\":\"ListItem\",\"position\":1,\"name\":\"Startseite\",\"item\":\"https:\/\/gruene-wuppertal.de\/fraktion\/\"},{\"@type\":\"ListItem\",\"position\":2,\"name\":\"GR\u00dcNE warnen vor Hysterie\"}]},{\"@type\":\"WebSite\",\"@id\":\"https:\/\/gruene-wuppertal.de\/fraktion\/#website\",\"url\":\"https:\/\/gruene-wuppertal.de\/fraktion\/\",\"name\":\"Fraktion von B\u00fcndnis 90 \/ DIE GR\u00dcNEN im Rat der Stadt Wuppertal\",\"description\":\"\",\"potentialAction\":[{\"@type\":\"SearchAction\",\"target\":{\"@type\":\"EntryPoint\",\"urlTemplate\":\"https:\/\/gruene-wuppertal.de\/fraktion\/?s={search_term_string}\"},\"query-input\":\"required name=search_term_string\"}],\"inLanguage\":\"de-DE\"}]}<\/script>\n<!-- \/ Yoast SEO plugin. -->","yoast_head_json":{"title":"GR\u00dcNE warnen vor Hysterie - Fraktion von B\u00fcndnis 90 \/ DIE GR\u00dcNEN im Rat der Stadt Wuppertal","robots":{"index":"index","follow":"follow","max-snippet":"max-snippet:-1","max-image-preview":"max-image-preview:large","max-video-preview":"max-video-preview:-1"},"canonical":"https:\/\/gruene-wuppertal.de\/fraktion\/pressemitteilungen\/grune-warnen-vor-hysterie\/","og_locale":"de_DE","og_type":"article","og_title":"GR\u00dcNE warnen vor Hysterie - Fraktion von B\u00fcndnis 90 \/ DIE GR\u00dcNEN im Rat der Stadt Wuppertal","og_description":"Die Fraktion B\u00fcndnis 90\/DIE GR\u00dcNEN h\u00e4lt nichts von der hektischen Betriebsamkeit, die sowohl die anderen Fraktionen als auch der Wuppertaler Einzelhandelsverband an den Tag legen und fordert dazu auf, wieder auf den Boden der Tatsachen zu gelangen.","og_url":"https:\/\/gruene-wuppertal.de\/fraktion\/pressemitteilungen\/grune-warnen-vor-hysterie\/","og_site_name":"Fraktion von B\u00fcndnis 90 \/ DIE GR\u00dcNEN im Rat der Stadt Wuppertal","twitter_card":"summary_large_image","twitter_misc":{"Gesch\u00e4tzte Lesezeit":"1 Minute"},"schema":{"@context":"https:\/\/schema.org","@graph":[{"@type":"WebPage","@id":"https:\/\/gruene-wuppertal.de\/fraktion\/pressemitteilungen\/grune-warnen-vor-hysterie\/","url":"https:\/\/gruene-wuppertal.de\/fraktion\/pressemitteilungen\/grune-warnen-vor-hysterie\/","name":"GR\u00dcNE warnen vor Hysterie - Fraktion von B\u00fcndnis 90 \/ DIE GR\u00dcNEN im Rat der Stadt Wuppertal","isPartOf":{"@id":"https:\/\/gruene-wuppertal.de\/fraktion\/#website"},"datePublished":"2003-06-12T00:00:00+00:00","dateModified":"2003-06-12T00:00:00+00:00","breadcrumb":{"@id":"https:\/\/gruene-wuppertal.de\/fraktion\/pressemitteilungen\/grune-warnen-vor-hysterie\/#breadcrumb"},"inLanguage":"de-DE","potentialAction":[{"@type":"ReadAction","target":["https:\/\/gruene-wuppertal.de\/fraktion\/pressemitteilungen\/grune-warnen-vor-hysterie\/"]}]},{"@type":"BreadcrumbList","@id":"https:\/\/gruene-wuppertal.de\/fraktion\/pressemitteilungen\/grune-warnen-vor-hysterie\/#breadcrumb","itemListElement":[{"@type":"ListItem","position":1,"name":"Startseite","item":"https:\/\/gruene-wuppertal.de\/fraktion\/"},{"@type":"ListItem","position":2,"name":"GR\u00dcNE warnen vor Hysterie"}]},{"@type":"WebSite","@id":"https:\/\/gruene-wuppertal.de\/fraktion\/#website","url":"https:\/\/gruene-wuppertal.de\/fraktion\/","name":"Fraktion von B\u00fcndnis 90 \/ DIE GR\u00dcNEN im Rat der Stadt Wuppertal","description":"","potentialAction":[{"@type":"SearchAction","target":{"@type":"EntryPoint","urlTemplate":"https:\/\/gruene-wuppertal.de\/fraktion\/?s={search_term_string}"},"query-input":"required name=search_term_string"}],"inLanguage":"de-DE"}]}},"post_mailing_queue_ids":[],"_links":{"self":[{"href":"https:\/\/gruene-wuppertal.de\/fraktion\/wp-json\/wp\/v2\/pressemitteilungen\/991"}],"collection":[{"href":"https:\/\/gruene-wuppertal.de\/fraktion\/wp-json\/wp\/v2\/pressemitteilungen"}],"about":[{"href":"https:\/\/gruene-wuppertal.de\/fraktion\/wp-json\/wp\/v2\/types\/pressemitteilungen"}],"author":[{"embeddable":true,"href":"https:\/\/gruene-wuppertal.de\/fraktion\/wp-json\/wp\/v2\/users\/1"}],"replies":[{"embeddable":true,"href":"https:\/\/gruene-wuppertal.de\/fraktion\/wp-json\/wp\/v2\/comments?post=991"}],"version-history":[{"count":0,"href":"https:\/\/gruene-wuppertal.de\/fraktion\/wp-json\/wp\/v2\/pressemitteilungen\/991\/revisions"}],"wp:attachment":[{"href":"https:\/\/gruene-wuppertal.de\/fraktion\/wp-json\/wp\/v2\/media?parent=991"}],"wp:term":[{"taxonomy":"themen","embeddable":true,"href":"https:\/\/gruene-wuppertal.de\/fraktion\/wp-json\/wp\/v2\/themen?post=991"}],"curies":[{"name":"wp","href":"https:\/\/api.w.org\/{rel}","templated":true}]}}