{"id":989,"date":"2003-05-29T00:00:00","date_gmt":"2003-05-29T00:00:00","guid":{"rendered":"http:\/\/www.gruene-wuppertal.de\/fraktion\/presse\/grune-fur-klare-entscheidung-zur-rolltreppe\/"},"modified":"2003-05-29T00:00:00","modified_gmt":"2003-05-29T00:00:00","slug":"grune-fur-klare-entscheidung-zur-rolltreppe","status":"publish","type":"pressemitteilungen","link":"https:\/\/gruene-wuppertal.de\/fraktion\/pressemitteilungen\/grune-fur-klare-entscheidung-zur-rolltreppe\/","title":{"rendered":"GR\u00dcNE f\u00fcr klare Entscheidung zur Rolltreppe"},"content":{"rendered":"<p>Seit fast einem Jahr ist die Rolltreppe defekt. Niemand hat z.B. die Bezirksvertretung Elberfeld oder andere Ratsgremien \u00fcber den Sachverhalt und die anstehenden Reparaturkosten unterrichtet.  <\/p>\n<p>&quot;Ein Jahr lang ist einfach gar nichts passiert. Probleme l\u00f6st man nicht durch Nichtstun&quot;, so der b\u00fcndnisgr\u00fcne Bezirksvertreter Klaus L\u00fcdemann.  <\/p>\n<p>Deshalb hat die b\u00fcndnisgr\u00fcne Fraktion in der Bezirksvertretung das Thema bereits bei der letzten Sitzung am 22.5.2003 (Medienvertreter waren leider nicht anwesend) angesprochen. Die Elberfelder Gr\u00fcnen werden zur n\u00e4chsten Sitzung der Bezirksvertretung am 25. Juni einen Tagesordnungspunkt beantragen und erwarten einen detaillierten schriftlichen Bericht der Verwaltung mit Handlungsalternativen.  <\/p>\n<p>&quot;F\u00fcr viele Menschen ist die Rolltreppe sehr wichtig, um den Bussteig zu erreichen. Daher muss vor der Sommerpause glasklar entschieden werden, ob die Reparatur f\u00fcr 150.000 Euro in Anbetracht des anstehenden Umbaus des D\u00f6ppersberg im Zusammenhang mit der Regionale 2006 m\u00f6glich und sinnvoll ist oder ob es eine andere L\u00f6sung zur Vermeidung der Treppe gibt&quot;, so Klaus L\u00fcdemann abschlie\u00dfend.<\/p>\n","protected":false},"excerpt":{"rendered":"<p>Die Ratsfraktion von B\u00fcndnis 90\/DIE GR\u00dcNEN hat sich f\u00fcr eine klare Entscheidung \u00fcber die Rolltreppe am Bussteig 7 des Bushahnhofes am D\u00f6ppersberg ausgesprochen. <\/p>\n","protected":false},"author":1,"featured_media":0,"menu_order":0,"comment_status":"closed","ping_status":"closed","template":"","meta":{"_wp_rev_ctl_limit":""},"themen":[],"yoast_head":"<!-- This site is optimized with the Yoast SEO plugin v21.8 - https:\/\/yoast.com\/wordpress\/plugins\/seo\/ -->\n<title>GR\u00dcNE f\u00fcr klare Entscheidung zur Rolltreppe - Fraktion von B\u00fcndnis 90 \/ DIE GR\u00dcNEN im Rat der Stadt Wuppertal<\/title>\n<meta name=\"robots\" content=\"index, follow, max-snippet:-1, max-image-preview:large, max-video-preview:-1\" \/>\n<link rel=\"canonical\" href=\"https:\/\/gruene-wuppertal.de\/fraktion\/pressemitteilungen\/grune-fur-klare-entscheidung-zur-rolltreppe\/\" \/>\n<meta property=\"og:locale\" content=\"de_DE\" \/>\n<meta property=\"og:type\" content=\"article\" \/>\n<meta property=\"og:title\" content=\"GR\u00dcNE f\u00fcr klare Entscheidung zur Rolltreppe - Fraktion von B\u00fcndnis 90 \/ DIE GR\u00dcNEN im Rat der Stadt Wuppertal\" \/>\n<meta property=\"og:description\" content=\"Die Ratsfraktion von B\u00fcndnis 90\/DIE GR\u00dcNEN hat sich f\u00fcr eine klare Entscheidung \u00fcber die Rolltreppe am Bussteig 7 des Bushahnhofes am D\u00f6ppersberg ausgesprochen.\" \/>\n<meta property=\"og:url\" content=\"https:\/\/gruene-wuppertal.de\/fraktion\/pressemitteilungen\/grune-fur-klare-entscheidung-zur-rolltreppe\/\" \/>\n<meta property=\"og:site_name\" content=\"Fraktion von B\u00fcndnis 90 \/ DIE GR\u00dcNEN im Rat der Stadt Wuppertal\" \/>\n<meta name=\"twitter:card\" content=\"summary_large_image\" \/>\n<meta name=\"twitter:label1\" content=\"Gesch\u00e4tzte Lesezeit\" \/>\n\t<meta name=\"twitter:data1\" content=\"1 Minute\" \/>\n<script type=\"application\/ld+json\" class=\"yoast-schema-graph\">{\"@context\":\"https:\/\/schema.org\",\"@graph\":[{\"@type\":\"WebPage\",\"@id\":\"https:\/\/gruene-wuppertal.de\/fraktion\/pressemitteilungen\/grune-fur-klare-entscheidung-zur-rolltreppe\/\",\"url\":\"https:\/\/gruene-wuppertal.de\/fraktion\/pressemitteilungen\/grune-fur-klare-entscheidung-zur-rolltreppe\/\",\"name\":\"GR\u00dcNE f\u00fcr klare Entscheidung zur Rolltreppe - Fraktion von B\u00fcndnis 90 \/ DIE GR\u00dcNEN im Rat der Stadt Wuppertal\",\"isPartOf\":{\"@id\":\"https:\/\/gruene-wuppertal.de\/fraktion\/#website\"},\"datePublished\":\"2003-05-29T00:00:00+00:00\",\"dateModified\":\"2003-05-29T00:00:00+00:00\",\"breadcrumb\":{\"@id\":\"https:\/\/gruene-wuppertal.de\/fraktion\/pressemitteilungen\/grune-fur-klare-entscheidung-zur-rolltreppe\/#breadcrumb\"},\"inLanguage\":\"de-DE\",\"potentialAction\":[{\"@type\":\"ReadAction\",\"target\":[\"https:\/\/gruene-wuppertal.de\/fraktion\/pressemitteilungen\/grune-fur-klare-entscheidung-zur-rolltreppe\/\"]}]},{\"@type\":\"BreadcrumbList\",\"@id\":\"https:\/\/gruene-wuppertal.de\/fraktion\/pressemitteilungen\/grune-fur-klare-entscheidung-zur-rolltreppe\/#breadcrumb\",\"itemListElement\":[{\"@type\":\"ListItem\",\"position\":1,\"name\":\"Startseite\",\"item\":\"https:\/\/gruene-wuppertal.de\/fraktion\/\"},{\"@type\":\"ListItem\",\"position\":2,\"name\":\"GR\u00dcNE f\u00fcr klare Entscheidung zur Rolltreppe\"}]},{\"@type\":\"WebSite\",\"@id\":\"https:\/\/gruene-wuppertal.de\/fraktion\/#website\",\"url\":\"https:\/\/gruene-wuppertal.de\/fraktion\/\",\"name\":\"Fraktion von B\u00fcndnis 90 \/ DIE GR\u00dcNEN im Rat der Stadt Wuppertal\",\"description\":\"\",\"potentialAction\":[{\"@type\":\"SearchAction\",\"target\":{\"@type\":\"EntryPoint\",\"urlTemplate\":\"https:\/\/gruene-wuppertal.de\/fraktion\/?s={search_term_string}\"},\"query-input\":\"required name=search_term_string\"}],\"inLanguage\":\"de-DE\"}]}<\/script>\n<!-- \/ Yoast SEO plugin. -->","yoast_head_json":{"title":"GR\u00dcNE f\u00fcr klare Entscheidung zur Rolltreppe - Fraktion von B\u00fcndnis 90 \/ DIE GR\u00dcNEN im Rat der Stadt Wuppertal","robots":{"index":"index","follow":"follow","max-snippet":"max-snippet:-1","max-image-preview":"max-image-preview:large","max-video-preview":"max-video-preview:-1"},"canonical":"https:\/\/gruene-wuppertal.de\/fraktion\/pressemitteilungen\/grune-fur-klare-entscheidung-zur-rolltreppe\/","og_locale":"de_DE","og_type":"article","og_title":"GR\u00dcNE f\u00fcr klare Entscheidung zur Rolltreppe - Fraktion von B\u00fcndnis 90 \/ DIE GR\u00dcNEN im Rat der Stadt Wuppertal","og_description":"Die Ratsfraktion von B\u00fcndnis 90\/DIE GR\u00dcNEN hat sich f\u00fcr eine klare Entscheidung \u00fcber die Rolltreppe am Bussteig 7 des Bushahnhofes am D\u00f6ppersberg ausgesprochen.","og_url":"https:\/\/gruene-wuppertal.de\/fraktion\/pressemitteilungen\/grune-fur-klare-entscheidung-zur-rolltreppe\/","og_site_name":"Fraktion von B\u00fcndnis 90 \/ DIE GR\u00dcNEN im Rat der Stadt Wuppertal","twitter_card":"summary_large_image","twitter_misc":{"Gesch\u00e4tzte Lesezeit":"1 Minute"},"schema":{"@context":"https:\/\/schema.org","@graph":[{"@type":"WebPage","@id":"https:\/\/gruene-wuppertal.de\/fraktion\/pressemitteilungen\/grune-fur-klare-entscheidung-zur-rolltreppe\/","url":"https:\/\/gruene-wuppertal.de\/fraktion\/pressemitteilungen\/grune-fur-klare-entscheidung-zur-rolltreppe\/","name":"GR\u00dcNE f\u00fcr klare Entscheidung zur Rolltreppe - Fraktion von B\u00fcndnis 90 \/ DIE GR\u00dcNEN im Rat der Stadt Wuppertal","isPartOf":{"@id":"https:\/\/gruene-wuppertal.de\/fraktion\/#website"},"datePublished":"2003-05-29T00:00:00+00:00","dateModified":"2003-05-29T00:00:00+00:00","breadcrumb":{"@id":"https:\/\/gruene-wuppertal.de\/fraktion\/pressemitteilungen\/grune-fur-klare-entscheidung-zur-rolltreppe\/#breadcrumb"},"inLanguage":"de-DE","potentialAction":[{"@type":"ReadAction","target":["https:\/\/gruene-wuppertal.de\/fraktion\/pressemitteilungen\/grune-fur-klare-entscheidung-zur-rolltreppe\/"]}]},{"@type":"BreadcrumbList","@id":"https:\/\/gruene-wuppertal.de\/fraktion\/pressemitteilungen\/grune-fur-klare-entscheidung-zur-rolltreppe\/#breadcrumb","itemListElement":[{"@type":"ListItem","position":1,"name":"Startseite","item":"https:\/\/gruene-wuppertal.de\/fraktion\/"},{"@type":"ListItem","position":2,"name":"GR\u00dcNE f\u00fcr klare Entscheidung zur Rolltreppe"}]},{"@type":"WebSite","@id":"https:\/\/gruene-wuppertal.de\/fraktion\/#website","url":"https:\/\/gruene-wuppertal.de\/fraktion\/","name":"Fraktion von B\u00fcndnis 90 \/ DIE GR\u00dcNEN im Rat der Stadt Wuppertal","description":"","potentialAction":[{"@type":"SearchAction","target":{"@type":"EntryPoint","urlTemplate":"https:\/\/gruene-wuppertal.de\/fraktion\/?s={search_term_string}"},"query-input":"required name=search_term_string"}],"inLanguage":"de-DE"}]}},"post_mailing_queue_ids":[],"_links":{"self":[{"href":"https:\/\/gruene-wuppertal.de\/fraktion\/wp-json\/wp\/v2\/pressemitteilungen\/989"}],"collection":[{"href":"https:\/\/gruene-wuppertal.de\/fraktion\/wp-json\/wp\/v2\/pressemitteilungen"}],"about":[{"href":"https:\/\/gruene-wuppertal.de\/fraktion\/wp-json\/wp\/v2\/types\/pressemitteilungen"}],"author":[{"embeddable":true,"href":"https:\/\/gruene-wuppertal.de\/fraktion\/wp-json\/wp\/v2\/users\/1"}],"replies":[{"embeddable":true,"href":"https:\/\/gruene-wuppertal.de\/fraktion\/wp-json\/wp\/v2\/comments?post=989"}],"version-history":[{"count":0,"href":"https:\/\/gruene-wuppertal.de\/fraktion\/wp-json\/wp\/v2\/pressemitteilungen\/989\/revisions"}],"wp:attachment":[{"href":"https:\/\/gruene-wuppertal.de\/fraktion\/wp-json\/wp\/v2\/media?parent=989"}],"wp:term":[{"taxonomy":"themen","embeddable":true,"href":"https:\/\/gruene-wuppertal.de\/fraktion\/wp-json\/wp\/v2\/themen?post=989"}],"curies":[{"name":"wp","href":"https:\/\/api.w.org\/{rel}","templated":true}]}}