{"id":988,"date":"2003-05-27T00:00:00","date_gmt":"2003-05-27T00:00:00","guid":{"rendered":"http:\/\/www.gruene-wuppertal.de\/fraktion\/presse\/grunes-licht-furpilotprojekt-offene-ganztagsschule\/"},"modified":"2003-05-27T00:00:00","modified_gmt":"2003-05-27T00:00:00","slug":"grunes-licht-furpilotprojekt-offene-ganztagsschule","status":"publish","type":"pressemitteilungen","link":"https:\/\/gruene-wuppertal.de\/fraktion\/pressemitteilungen\/grunes-licht-furpilotprojekt-offene-ganztagsschule\/","title":{"rendered":"GR\u00dcNES Licht f\u00fcrPilotprojekt Offene Ganztagsschule"},"content":{"rendered":"<p>Gerhard Sch\u00e4fer, f\u00fcr die GR\u00dcNEN Mitglied im Schulausschuss:  <\/p>\n<p>&quot;Wir sind hoch erfreut, dass eine Schule in Ronsdorf gern das Pilotprojekt Offene Ganztagsschule umsetzen m\u00f6chte. Das ist von fast allen Fraktionen in dem heutigen Spitzengespr\u00e4ch begr\u00fc\u00dft worden.  <\/p>\n<p>Wir freuen uns insbesondere f\u00fcr die Eltern und Kinder, dass damit mehr Betreuung f\u00fcr Grundsch\u00fclerInnen in Wuppertal schon im Schuljahr 2003\/4 umgesetzt wird. Das hei\u00dft auch, dass wir jetzt schon von den Mitteln die Land und Bund profitieren. Rund 68,5 Mio. Euro stehen im kommenden Schuljahr in NRW f\u00fcr diesen Zweck zur Verf\u00fcgung.&quot; <\/p>\n<p>Die letzte Entscheidung wird in der Ratssitzung am kommenden Montag getroffen.  <\/p>\n<p>Gerhard Sch\u00e4fer abschlie\u00dfend: &quot;Eine Mehrheit f\u00fcr das Pilotprojekt ist jetzt schon mehr als wahrscheinlich. Wir hoffen, dass das Projekt am Montag von alle Fraktionen im Rat unterst\u00fctzt wird.&quot; <\/p>\n","protected":false},"excerpt":{"rendered":"<p>Die GR\u00dcNEN hatten bereits fr\u00fchzeitig alles daran gesetzt, dass in Wuppertal bereits im n\u00e4chsten Schuljahr im Modellversuch die Offene Ganztagsschule erprobt werden kann.  <\/p>\n","protected":false},"author":1,"featured_media":0,"menu_order":0,"comment_status":"closed","ping_status":"closed","template":"","meta":{"_wp_rev_ctl_limit":""},"themen":[],"yoast_head":"<!-- This site is optimized with the Yoast SEO plugin v21.8 - https:\/\/yoast.com\/wordpress\/plugins\/seo\/ -->\n<title>GR\u00dcNES Licht f\u00fcrPilotprojekt Offene Ganztagsschule - Fraktion von B\u00fcndnis 90 \/ DIE GR\u00dcNEN im Rat der Stadt Wuppertal<\/title>\n<meta name=\"robots\" content=\"index, follow, max-snippet:-1, max-image-preview:large, max-video-preview:-1\" \/>\n<link rel=\"canonical\" href=\"https:\/\/gruene-wuppertal.de\/fraktion\/pressemitteilungen\/grunes-licht-furpilotprojekt-offene-ganztagsschule\/\" \/>\n<meta property=\"og:locale\" content=\"de_DE\" \/>\n<meta property=\"og:type\" content=\"article\" \/>\n<meta property=\"og:title\" content=\"GR\u00dcNES Licht f\u00fcrPilotprojekt Offene Ganztagsschule - Fraktion von B\u00fcndnis 90 \/ DIE GR\u00dcNEN im Rat der Stadt Wuppertal\" \/>\n<meta property=\"og:description\" content=\"Die GR\u00dcNEN hatten bereits fr\u00fchzeitig alles daran gesetzt, dass in Wuppertal bereits im n\u00e4chsten Schuljahr im Modellversuch die Offene Ganztagsschule erprobt werden kann.\" \/>\n<meta property=\"og:url\" content=\"https:\/\/gruene-wuppertal.de\/fraktion\/pressemitteilungen\/grunes-licht-furpilotprojekt-offene-ganztagsschule\/\" \/>\n<meta property=\"og:site_name\" content=\"Fraktion von B\u00fcndnis 90 \/ DIE GR\u00dcNEN im Rat der Stadt Wuppertal\" \/>\n<meta name=\"twitter:card\" content=\"summary_large_image\" \/>\n<meta name=\"twitter:label1\" content=\"Gesch\u00e4tzte Lesezeit\" \/>\n\t<meta name=\"twitter:data1\" content=\"1 Minute\" \/>\n<script type=\"application\/ld+json\" class=\"yoast-schema-graph\">{\"@context\":\"https:\/\/schema.org\",\"@graph\":[{\"@type\":\"WebPage\",\"@id\":\"https:\/\/gruene-wuppertal.de\/fraktion\/pressemitteilungen\/grunes-licht-furpilotprojekt-offene-ganztagsschule\/\",\"url\":\"https:\/\/gruene-wuppertal.de\/fraktion\/pressemitteilungen\/grunes-licht-furpilotprojekt-offene-ganztagsschule\/\",\"name\":\"GR\u00dcNES Licht f\u00fcrPilotprojekt Offene Ganztagsschule - Fraktion von B\u00fcndnis 90 \/ DIE GR\u00dcNEN im Rat der Stadt Wuppertal\",\"isPartOf\":{\"@id\":\"https:\/\/gruene-wuppertal.de\/fraktion\/#website\"},\"datePublished\":\"2003-05-27T00:00:00+00:00\",\"dateModified\":\"2003-05-27T00:00:00+00:00\",\"breadcrumb\":{\"@id\":\"https:\/\/gruene-wuppertal.de\/fraktion\/pressemitteilungen\/grunes-licht-furpilotprojekt-offene-ganztagsschule\/#breadcrumb\"},\"inLanguage\":\"de-DE\",\"potentialAction\":[{\"@type\":\"ReadAction\",\"target\":[\"https:\/\/gruene-wuppertal.de\/fraktion\/pressemitteilungen\/grunes-licht-furpilotprojekt-offene-ganztagsschule\/\"]}]},{\"@type\":\"BreadcrumbList\",\"@id\":\"https:\/\/gruene-wuppertal.de\/fraktion\/pressemitteilungen\/grunes-licht-furpilotprojekt-offene-ganztagsschule\/#breadcrumb\",\"itemListElement\":[{\"@type\":\"ListItem\",\"position\":1,\"name\":\"Startseite\",\"item\":\"https:\/\/gruene-wuppertal.de\/fraktion\/\"},{\"@type\":\"ListItem\",\"position\":2,\"name\":\"GR\u00dcNES Licht f\u00fcrPilotprojekt Offene Ganztagsschule\"}]},{\"@type\":\"WebSite\",\"@id\":\"https:\/\/gruene-wuppertal.de\/fraktion\/#website\",\"url\":\"https:\/\/gruene-wuppertal.de\/fraktion\/\",\"name\":\"Fraktion von B\u00fcndnis 90 \/ DIE GR\u00dcNEN im Rat der Stadt Wuppertal\",\"description\":\"\",\"potentialAction\":[{\"@type\":\"SearchAction\",\"target\":{\"@type\":\"EntryPoint\",\"urlTemplate\":\"https:\/\/gruene-wuppertal.de\/fraktion\/?s={search_term_string}\"},\"query-input\":\"required name=search_term_string\"}],\"inLanguage\":\"de-DE\"}]}<\/script>\n<!-- \/ Yoast SEO plugin. -->","yoast_head_json":{"title":"GR\u00dcNES Licht f\u00fcrPilotprojekt Offene Ganztagsschule - Fraktion von B\u00fcndnis 90 \/ DIE GR\u00dcNEN im Rat der Stadt Wuppertal","robots":{"index":"index","follow":"follow","max-snippet":"max-snippet:-1","max-image-preview":"max-image-preview:large","max-video-preview":"max-video-preview:-1"},"canonical":"https:\/\/gruene-wuppertal.de\/fraktion\/pressemitteilungen\/grunes-licht-furpilotprojekt-offene-ganztagsschule\/","og_locale":"de_DE","og_type":"article","og_title":"GR\u00dcNES Licht f\u00fcrPilotprojekt Offene Ganztagsschule - Fraktion von B\u00fcndnis 90 \/ DIE GR\u00dcNEN im Rat der Stadt Wuppertal","og_description":"Die GR\u00dcNEN hatten bereits fr\u00fchzeitig alles daran gesetzt, dass in Wuppertal bereits im n\u00e4chsten Schuljahr im Modellversuch die Offene Ganztagsschule erprobt werden kann.","og_url":"https:\/\/gruene-wuppertal.de\/fraktion\/pressemitteilungen\/grunes-licht-furpilotprojekt-offene-ganztagsschule\/","og_site_name":"Fraktion von B\u00fcndnis 90 \/ DIE GR\u00dcNEN im Rat der Stadt Wuppertal","twitter_card":"summary_large_image","twitter_misc":{"Gesch\u00e4tzte Lesezeit":"1 Minute"},"schema":{"@context":"https:\/\/schema.org","@graph":[{"@type":"WebPage","@id":"https:\/\/gruene-wuppertal.de\/fraktion\/pressemitteilungen\/grunes-licht-furpilotprojekt-offene-ganztagsschule\/","url":"https:\/\/gruene-wuppertal.de\/fraktion\/pressemitteilungen\/grunes-licht-furpilotprojekt-offene-ganztagsschule\/","name":"GR\u00dcNES Licht f\u00fcrPilotprojekt Offene Ganztagsschule - Fraktion von B\u00fcndnis 90 \/ DIE GR\u00dcNEN im Rat der Stadt Wuppertal","isPartOf":{"@id":"https:\/\/gruene-wuppertal.de\/fraktion\/#website"},"datePublished":"2003-05-27T00:00:00+00:00","dateModified":"2003-05-27T00:00:00+00:00","breadcrumb":{"@id":"https:\/\/gruene-wuppertal.de\/fraktion\/pressemitteilungen\/grunes-licht-furpilotprojekt-offene-ganztagsschule\/#breadcrumb"},"inLanguage":"de-DE","potentialAction":[{"@type":"ReadAction","target":["https:\/\/gruene-wuppertal.de\/fraktion\/pressemitteilungen\/grunes-licht-furpilotprojekt-offene-ganztagsschule\/"]}]},{"@type":"BreadcrumbList","@id":"https:\/\/gruene-wuppertal.de\/fraktion\/pressemitteilungen\/grunes-licht-furpilotprojekt-offene-ganztagsschule\/#breadcrumb","itemListElement":[{"@type":"ListItem","position":1,"name":"Startseite","item":"https:\/\/gruene-wuppertal.de\/fraktion\/"},{"@type":"ListItem","position":2,"name":"GR\u00dcNES Licht f\u00fcrPilotprojekt Offene Ganztagsschule"}]},{"@type":"WebSite","@id":"https:\/\/gruene-wuppertal.de\/fraktion\/#website","url":"https:\/\/gruene-wuppertal.de\/fraktion\/","name":"Fraktion von B\u00fcndnis 90 \/ DIE GR\u00dcNEN im Rat der Stadt Wuppertal","description":"","potentialAction":[{"@type":"SearchAction","target":{"@type":"EntryPoint","urlTemplate":"https:\/\/gruene-wuppertal.de\/fraktion\/?s={search_term_string}"},"query-input":"required name=search_term_string"}],"inLanguage":"de-DE"}]}},"post_mailing_queue_ids":[],"_links":{"self":[{"href":"https:\/\/gruene-wuppertal.de\/fraktion\/wp-json\/wp\/v2\/pressemitteilungen\/988"}],"collection":[{"href":"https:\/\/gruene-wuppertal.de\/fraktion\/wp-json\/wp\/v2\/pressemitteilungen"}],"about":[{"href":"https:\/\/gruene-wuppertal.de\/fraktion\/wp-json\/wp\/v2\/types\/pressemitteilungen"}],"author":[{"embeddable":true,"href":"https:\/\/gruene-wuppertal.de\/fraktion\/wp-json\/wp\/v2\/users\/1"}],"replies":[{"embeddable":true,"href":"https:\/\/gruene-wuppertal.de\/fraktion\/wp-json\/wp\/v2\/comments?post=988"}],"version-history":[{"count":0,"href":"https:\/\/gruene-wuppertal.de\/fraktion\/wp-json\/wp\/v2\/pressemitteilungen\/988\/revisions"}],"wp:attachment":[{"href":"https:\/\/gruene-wuppertal.de\/fraktion\/wp-json\/wp\/v2\/media?parent=988"}],"wp:term":[{"taxonomy":"themen","embeddable":true,"href":"https:\/\/gruene-wuppertal.de\/fraktion\/wp-json\/wp\/v2\/themen?post=988"}],"curies":[{"name":"wp","href":"https:\/\/api.w.org\/{rel}","templated":true}]}}