{"id":987,"date":"2003-05-27T00:00:00","date_gmt":"2003-05-27T00:00:00","guid":{"rendered":"http:\/\/www.gruene-wuppertal.de\/fraktion\/presse\/grune-strikt-gegen-senat\/"},"modified":"2003-05-27T00:00:00","modified_gmt":"2003-05-27T00:00:00","slug":"grune-strikt-gegen-senat","status":"publish","type":"pressemitteilungen","link":"https:\/\/gruene-wuppertal.de\/fraktion\/pressemitteilungen\/grune-strikt-gegen-senat\/","title":{"rendered":"GR\u00dcNE strikt gegen Senat"},"content":{"rendered":"<p>Peter Vorsteher (Fraktionssprecher) und Michael Hohagen (Sprecher des Kreisverbandes) sind gern bereit, mit der B\u00fcrger Bewegung das Gespr\u00e4ch zu f\u00fchren.  <\/p>\n<p>Der jetzt in die \u00d6ffentlichkeit gelangte Vorschlag der B\u00fcrger Bewegung, einen Senat zu bilden, wird jedoch von den GR\u00dcNEN als nicht akzeptabler, da h\u00f6chst undemokratischer Vorschlag abgelehnt.  <\/p>\n<p>Michael Hohagen: &quot;Es w\u00e4re grundfalsch, wenn wir in Wuppertal eine weitere Entscheidungsebene einf\u00fchren w\u00fcrden. Die VolksvertreterInnen werden, wie das Wort schon klar zum Ausdruck bringt, vom Volk gew\u00e4hlt und damit demokratisch legitimiert. Einen nicht demokratisch legitimierten Senat lehnen wir ab. Die Infragestellung demokratischer Entscheidungsprozesse k\u00f6nnen wir auf keinen Fall mittragen.&quot;  <\/p>\n<p>Peter Vorsteher: &quot;Was Wuppertal braucht, sind konstruktive Vorschl\u00e4ge, wie wir aus der finanziellen Misere gelangen k\u00f6nnen. Michael Hohagen und ich sind gern bereit, hier\u00fcber auch mit der B\u00fcrger Bewegung das Gespr\u00e4ch zu f\u00fchren.&quot;  <\/p>\n<p>Michael Hohagen abschlie\u00dfend: &quot;Wenn die B\u00fcrger Bewegung in der ersten Reihe an politischen Entscheidungen beteiligt sein will, sollte sie den Mut aufbringen und sich der Wuppertaler Bev\u00f6lkerung bei der n\u00e4chsten Kommunalwahl zur Wahl stellen und ihre Vorstellungen mit denen der anderen Parteien messen. Ein Senat ist auf keinen Fall f\u00fcr Wuppertal vorstellbar.&quot; <\/p>\n","protected":false},"excerpt":{"rendered":"<p>Fraktion und Kreisvorstand von B\u00fcndnis 90\/DIE GR\u00dcNEN Wuppertal begr\u00fc\u00dfen die Initiative B\u00fcrger Bewegung als eine Bereicherung der Wuppertaler Initiativenlandschaft.<\/p>\n","protected":false},"author":1,"featured_media":0,"menu_order":0,"comment_status":"closed","ping_status":"closed","template":"","meta":{"_wp_rev_ctl_limit":""},"themen":[],"yoast_head":"<!-- This site is optimized with the Yoast SEO plugin v21.8 - https:\/\/yoast.com\/wordpress\/plugins\/seo\/ -->\n<title>GR\u00dcNE strikt gegen Senat - Fraktion von B\u00fcndnis 90 \/ DIE GR\u00dcNEN im Rat der Stadt Wuppertal<\/title>\n<meta name=\"robots\" content=\"index, follow, max-snippet:-1, max-image-preview:large, max-video-preview:-1\" \/>\n<link rel=\"canonical\" href=\"https:\/\/gruene-wuppertal.de\/fraktion\/pressemitteilungen\/grune-strikt-gegen-senat\/\" \/>\n<meta property=\"og:locale\" content=\"de_DE\" \/>\n<meta property=\"og:type\" content=\"article\" \/>\n<meta property=\"og:title\" content=\"GR\u00dcNE strikt gegen Senat - Fraktion von B\u00fcndnis 90 \/ DIE GR\u00dcNEN im Rat der Stadt Wuppertal\" \/>\n<meta property=\"og:description\" content=\"Fraktion und Kreisvorstand von B\u00fcndnis 90\/DIE GR\u00dcNEN Wuppertal begr\u00fc\u00dfen die Initiative B\u00fcrger Bewegung als eine Bereicherung der Wuppertaler Initiativenlandschaft.\" \/>\n<meta property=\"og:url\" content=\"https:\/\/gruene-wuppertal.de\/fraktion\/pressemitteilungen\/grune-strikt-gegen-senat\/\" \/>\n<meta property=\"og:site_name\" content=\"Fraktion von B\u00fcndnis 90 \/ DIE GR\u00dcNEN im Rat der Stadt Wuppertal\" \/>\n<meta name=\"twitter:card\" content=\"summary_large_image\" \/>\n<meta name=\"twitter:label1\" content=\"Gesch\u00e4tzte Lesezeit\" \/>\n\t<meta name=\"twitter:data1\" content=\"1 Minute\" \/>\n<script type=\"application\/ld+json\" class=\"yoast-schema-graph\">{\"@context\":\"https:\/\/schema.org\",\"@graph\":[{\"@type\":\"WebPage\",\"@id\":\"https:\/\/gruene-wuppertal.de\/fraktion\/pressemitteilungen\/grune-strikt-gegen-senat\/\",\"url\":\"https:\/\/gruene-wuppertal.de\/fraktion\/pressemitteilungen\/grune-strikt-gegen-senat\/\",\"name\":\"GR\u00dcNE strikt gegen Senat - Fraktion von B\u00fcndnis 90 \/ DIE GR\u00dcNEN im Rat der Stadt Wuppertal\",\"isPartOf\":{\"@id\":\"https:\/\/gruene-wuppertal.de\/fraktion\/#website\"},\"datePublished\":\"2003-05-27T00:00:00+00:00\",\"dateModified\":\"2003-05-27T00:00:00+00:00\",\"breadcrumb\":{\"@id\":\"https:\/\/gruene-wuppertal.de\/fraktion\/pressemitteilungen\/grune-strikt-gegen-senat\/#breadcrumb\"},\"inLanguage\":\"de-DE\",\"potentialAction\":[{\"@type\":\"ReadAction\",\"target\":[\"https:\/\/gruene-wuppertal.de\/fraktion\/pressemitteilungen\/grune-strikt-gegen-senat\/\"]}]},{\"@type\":\"BreadcrumbList\",\"@id\":\"https:\/\/gruene-wuppertal.de\/fraktion\/pressemitteilungen\/grune-strikt-gegen-senat\/#breadcrumb\",\"itemListElement\":[{\"@type\":\"ListItem\",\"position\":1,\"name\":\"Startseite\",\"item\":\"https:\/\/gruene-wuppertal.de\/fraktion\/\"},{\"@type\":\"ListItem\",\"position\":2,\"name\":\"GR\u00dcNE strikt gegen Senat\"}]},{\"@type\":\"WebSite\",\"@id\":\"https:\/\/gruene-wuppertal.de\/fraktion\/#website\",\"url\":\"https:\/\/gruene-wuppertal.de\/fraktion\/\",\"name\":\"Fraktion von B\u00fcndnis 90 \/ DIE GR\u00dcNEN im Rat der Stadt Wuppertal\",\"description\":\"\",\"potentialAction\":[{\"@type\":\"SearchAction\",\"target\":{\"@type\":\"EntryPoint\",\"urlTemplate\":\"https:\/\/gruene-wuppertal.de\/fraktion\/?s={search_term_string}\"},\"query-input\":\"required name=search_term_string\"}],\"inLanguage\":\"de-DE\"}]}<\/script>\n<!-- \/ Yoast SEO plugin. -->","yoast_head_json":{"title":"GR\u00dcNE strikt gegen Senat - Fraktion von B\u00fcndnis 90 \/ DIE GR\u00dcNEN im Rat der Stadt Wuppertal","robots":{"index":"index","follow":"follow","max-snippet":"max-snippet:-1","max-image-preview":"max-image-preview:large","max-video-preview":"max-video-preview:-1"},"canonical":"https:\/\/gruene-wuppertal.de\/fraktion\/pressemitteilungen\/grune-strikt-gegen-senat\/","og_locale":"de_DE","og_type":"article","og_title":"GR\u00dcNE strikt gegen Senat - Fraktion von B\u00fcndnis 90 \/ DIE GR\u00dcNEN im Rat der Stadt Wuppertal","og_description":"Fraktion und Kreisvorstand von B\u00fcndnis 90\/DIE GR\u00dcNEN Wuppertal begr\u00fc\u00dfen die Initiative B\u00fcrger Bewegung als eine Bereicherung der Wuppertaler Initiativenlandschaft.","og_url":"https:\/\/gruene-wuppertal.de\/fraktion\/pressemitteilungen\/grune-strikt-gegen-senat\/","og_site_name":"Fraktion von B\u00fcndnis 90 \/ DIE GR\u00dcNEN im Rat der Stadt Wuppertal","twitter_card":"summary_large_image","twitter_misc":{"Gesch\u00e4tzte Lesezeit":"1 Minute"},"schema":{"@context":"https:\/\/schema.org","@graph":[{"@type":"WebPage","@id":"https:\/\/gruene-wuppertal.de\/fraktion\/pressemitteilungen\/grune-strikt-gegen-senat\/","url":"https:\/\/gruene-wuppertal.de\/fraktion\/pressemitteilungen\/grune-strikt-gegen-senat\/","name":"GR\u00dcNE strikt gegen Senat - Fraktion von B\u00fcndnis 90 \/ DIE GR\u00dcNEN im Rat der Stadt Wuppertal","isPartOf":{"@id":"https:\/\/gruene-wuppertal.de\/fraktion\/#website"},"datePublished":"2003-05-27T00:00:00+00:00","dateModified":"2003-05-27T00:00:00+00:00","breadcrumb":{"@id":"https:\/\/gruene-wuppertal.de\/fraktion\/pressemitteilungen\/grune-strikt-gegen-senat\/#breadcrumb"},"inLanguage":"de-DE","potentialAction":[{"@type":"ReadAction","target":["https:\/\/gruene-wuppertal.de\/fraktion\/pressemitteilungen\/grune-strikt-gegen-senat\/"]}]},{"@type":"BreadcrumbList","@id":"https:\/\/gruene-wuppertal.de\/fraktion\/pressemitteilungen\/grune-strikt-gegen-senat\/#breadcrumb","itemListElement":[{"@type":"ListItem","position":1,"name":"Startseite","item":"https:\/\/gruene-wuppertal.de\/fraktion\/"},{"@type":"ListItem","position":2,"name":"GR\u00dcNE strikt gegen Senat"}]},{"@type":"WebSite","@id":"https:\/\/gruene-wuppertal.de\/fraktion\/#website","url":"https:\/\/gruene-wuppertal.de\/fraktion\/","name":"Fraktion von B\u00fcndnis 90 \/ DIE GR\u00dcNEN im Rat der Stadt Wuppertal","description":"","potentialAction":[{"@type":"SearchAction","target":{"@type":"EntryPoint","urlTemplate":"https:\/\/gruene-wuppertal.de\/fraktion\/?s={search_term_string}"},"query-input":"required name=search_term_string"}],"inLanguage":"de-DE"}]}},"post_mailing_queue_ids":[],"_links":{"self":[{"href":"https:\/\/gruene-wuppertal.de\/fraktion\/wp-json\/wp\/v2\/pressemitteilungen\/987"}],"collection":[{"href":"https:\/\/gruene-wuppertal.de\/fraktion\/wp-json\/wp\/v2\/pressemitteilungen"}],"about":[{"href":"https:\/\/gruene-wuppertal.de\/fraktion\/wp-json\/wp\/v2\/types\/pressemitteilungen"}],"author":[{"embeddable":true,"href":"https:\/\/gruene-wuppertal.de\/fraktion\/wp-json\/wp\/v2\/users\/1"}],"replies":[{"embeddable":true,"href":"https:\/\/gruene-wuppertal.de\/fraktion\/wp-json\/wp\/v2\/comments?post=987"}],"version-history":[{"count":0,"href":"https:\/\/gruene-wuppertal.de\/fraktion\/wp-json\/wp\/v2\/pressemitteilungen\/987\/revisions"}],"wp:attachment":[{"href":"https:\/\/gruene-wuppertal.de\/fraktion\/wp-json\/wp\/v2\/media?parent=987"}],"wp:term":[{"taxonomy":"themen","embeddable":true,"href":"https:\/\/gruene-wuppertal.de\/fraktion\/wp-json\/wp\/v2\/themen?post=987"}],"curies":[{"name":"wp","href":"https:\/\/api.w.org\/{rel}","templated":true}]}}