{"id":959,"date":"2003-03-12T00:00:00","date_gmt":"2003-03-12T00:00:00","guid":{"rendered":"http:\/\/www.gruene-wuppertal.de\/fraktion\/presse\/verwaltung-ohne-visionen\/"},"modified":"2003-03-12T00:00:00","modified_gmt":"2003-03-12T00:00:00","slug":"verwaltung-ohne-visionen","status":"publish","type":"pressemitteilungen","link":"https:\/\/gruene-wuppertal.de\/fraktion\/pressemitteilungen\/verwaltung-ohne-visionen\/","title":{"rendered":"Verwaltung ohne Visionen"},"content":{"rendered":"<p>Lorenz Bahr, umweltpolitischer Sprecher der Fraktion B\u00fcndnis 90\/DIE GR\u00dcNEN dazu: <\/p>\n<p>&quot;Auff\u00e4llig war der Mangel an Visionen. Oberb\u00fcrgermeister Kremendahl vers\u00e4umte es, die Mitglieder des Umweltausschusses mit dem Ausblick auf eine wirklich nachhaltige Stadtentwicklung zu begeistern.  <\/p>\n<p>In der Abschaffung der Gemeinschaftsaufgabe Umweltschutz z.B. sehen wir einen R\u00fcckschritt in l\u00e4ngst vergangene Zeiten. Der Hinweis, der Verwaltungsvorstand  werde sich von nun an verantwortungsvoller bei der Umsetzung der Zielbestimmungen  der Lokalen Agenda zeigen, blieb unkonkret und hatte reinen Appellcharakter. Der Hinweis, dass der Stadtbetrieb Jugend und Freizeit  als einziger Bereich in der Stadtverwaltung ein \u00d6ko-Audit durchgef\u00fchrt hatte ist zwar sehr lobenswert, zeigt jedoch auch deutlich, dass sich ein Gro\u00dfteil der Stadtverwaltung bisher den Zielen der Lokalen Agenda verschlossen hat. <\/p>\n<p>Kontroverse Themen, in denen der Umweltschutz gegen wirtschaftliche Interessen steht, wie z.B. bei dem geplanten Gewerbegebiet Kleine H\u00f6he, hat die Verwaltung im Sinne einer nachhaltigen Entwicklung nicht zu l\u00f6sen vermocht, hier wird die Verantwortung auf die Politik abgeschoben. Wir haben den Eindruck, dass unter dem Deckm\u00e4ntelchen der Lokalen Agenda, doch nur die althergebrachten Strukturen stecken; ein konkretes, zukunftsf\u00e4higes Handlungskonzept ist nicht zu erkennen.&quot;<\/p>\n","protected":false},"excerpt":{"rendered":"<p>Auf Einladung des Umweltausschusses berichtete Oberb\u00fcrgermeister Kremendahl in der gestrigen Sitzung \u00fcber den neuesten Stand der Lokalen Agenda 21.<\/p>\n","protected":false},"author":1,"featured_media":0,"menu_order":0,"comment_status":"closed","ping_status":"closed","template":"","meta":{"_wp_rev_ctl_limit":""},"themen":[],"yoast_head":"<!-- This site is optimized with the Yoast SEO plugin v21.8 - https:\/\/yoast.com\/wordpress\/plugins\/seo\/ -->\n<title>Verwaltung ohne Visionen - Fraktion von B\u00fcndnis 90 \/ DIE GR\u00dcNEN im Rat der Stadt Wuppertal<\/title>\n<meta name=\"robots\" content=\"index, follow, max-snippet:-1, max-image-preview:large, max-video-preview:-1\" \/>\n<link rel=\"canonical\" href=\"https:\/\/gruene-wuppertal.de\/fraktion\/pressemitteilungen\/verwaltung-ohne-visionen\/\" \/>\n<meta property=\"og:locale\" content=\"de_DE\" \/>\n<meta property=\"og:type\" content=\"article\" \/>\n<meta property=\"og:title\" content=\"Verwaltung ohne Visionen - Fraktion von B\u00fcndnis 90 \/ DIE GR\u00dcNEN im Rat der Stadt Wuppertal\" \/>\n<meta property=\"og:description\" content=\"Auf Einladung des Umweltausschusses berichtete Oberb\u00fcrgermeister Kremendahl in der gestrigen Sitzung \u00fcber den neuesten Stand der Lokalen Agenda 21.\" \/>\n<meta property=\"og:url\" content=\"https:\/\/gruene-wuppertal.de\/fraktion\/pressemitteilungen\/verwaltung-ohne-visionen\/\" \/>\n<meta property=\"og:site_name\" content=\"Fraktion von B\u00fcndnis 90 \/ DIE GR\u00dcNEN im Rat der Stadt Wuppertal\" \/>\n<meta name=\"twitter:card\" content=\"summary_large_image\" \/>\n<meta name=\"twitter:label1\" content=\"Gesch\u00e4tzte Lesezeit\" \/>\n\t<meta name=\"twitter:data1\" content=\"1 Minute\" \/>\n<script type=\"application\/ld+json\" class=\"yoast-schema-graph\">{\"@context\":\"https:\/\/schema.org\",\"@graph\":[{\"@type\":\"WebPage\",\"@id\":\"https:\/\/gruene-wuppertal.de\/fraktion\/pressemitteilungen\/verwaltung-ohne-visionen\/\",\"url\":\"https:\/\/gruene-wuppertal.de\/fraktion\/pressemitteilungen\/verwaltung-ohne-visionen\/\",\"name\":\"Verwaltung ohne Visionen - Fraktion von B\u00fcndnis 90 \/ DIE GR\u00dcNEN im Rat der Stadt Wuppertal\",\"isPartOf\":{\"@id\":\"https:\/\/gruene-wuppertal.de\/fraktion\/#website\"},\"datePublished\":\"2003-03-12T00:00:00+00:00\",\"dateModified\":\"2003-03-12T00:00:00+00:00\",\"breadcrumb\":{\"@id\":\"https:\/\/gruene-wuppertal.de\/fraktion\/pressemitteilungen\/verwaltung-ohne-visionen\/#breadcrumb\"},\"inLanguage\":\"de-DE\",\"potentialAction\":[{\"@type\":\"ReadAction\",\"target\":[\"https:\/\/gruene-wuppertal.de\/fraktion\/pressemitteilungen\/verwaltung-ohne-visionen\/\"]}]},{\"@type\":\"BreadcrumbList\",\"@id\":\"https:\/\/gruene-wuppertal.de\/fraktion\/pressemitteilungen\/verwaltung-ohne-visionen\/#breadcrumb\",\"itemListElement\":[{\"@type\":\"ListItem\",\"position\":1,\"name\":\"Startseite\",\"item\":\"https:\/\/gruene-wuppertal.de\/fraktion\/\"},{\"@type\":\"ListItem\",\"position\":2,\"name\":\"Verwaltung ohne Visionen\"}]},{\"@type\":\"WebSite\",\"@id\":\"https:\/\/gruene-wuppertal.de\/fraktion\/#website\",\"url\":\"https:\/\/gruene-wuppertal.de\/fraktion\/\",\"name\":\"Fraktion von B\u00fcndnis 90 \/ DIE GR\u00dcNEN im Rat der Stadt Wuppertal\",\"description\":\"\",\"potentialAction\":[{\"@type\":\"SearchAction\",\"target\":{\"@type\":\"EntryPoint\",\"urlTemplate\":\"https:\/\/gruene-wuppertal.de\/fraktion\/?s={search_term_string}\"},\"query-input\":\"required name=search_term_string\"}],\"inLanguage\":\"de-DE\"}]}<\/script>\n<!-- \/ Yoast SEO plugin. -->","yoast_head_json":{"title":"Verwaltung ohne Visionen - Fraktion von B\u00fcndnis 90 \/ DIE GR\u00dcNEN im Rat der Stadt Wuppertal","robots":{"index":"index","follow":"follow","max-snippet":"max-snippet:-1","max-image-preview":"max-image-preview:large","max-video-preview":"max-video-preview:-1"},"canonical":"https:\/\/gruene-wuppertal.de\/fraktion\/pressemitteilungen\/verwaltung-ohne-visionen\/","og_locale":"de_DE","og_type":"article","og_title":"Verwaltung ohne Visionen - Fraktion von B\u00fcndnis 90 \/ DIE GR\u00dcNEN im Rat der Stadt Wuppertal","og_description":"Auf Einladung des Umweltausschusses berichtete Oberb\u00fcrgermeister Kremendahl in der gestrigen Sitzung \u00fcber den neuesten Stand der Lokalen Agenda 21.","og_url":"https:\/\/gruene-wuppertal.de\/fraktion\/pressemitteilungen\/verwaltung-ohne-visionen\/","og_site_name":"Fraktion von B\u00fcndnis 90 \/ DIE GR\u00dcNEN im Rat der Stadt Wuppertal","twitter_card":"summary_large_image","twitter_misc":{"Gesch\u00e4tzte Lesezeit":"1 Minute"},"schema":{"@context":"https:\/\/schema.org","@graph":[{"@type":"WebPage","@id":"https:\/\/gruene-wuppertal.de\/fraktion\/pressemitteilungen\/verwaltung-ohne-visionen\/","url":"https:\/\/gruene-wuppertal.de\/fraktion\/pressemitteilungen\/verwaltung-ohne-visionen\/","name":"Verwaltung ohne Visionen - Fraktion von B\u00fcndnis 90 \/ DIE GR\u00dcNEN im Rat der Stadt Wuppertal","isPartOf":{"@id":"https:\/\/gruene-wuppertal.de\/fraktion\/#website"},"datePublished":"2003-03-12T00:00:00+00:00","dateModified":"2003-03-12T00:00:00+00:00","breadcrumb":{"@id":"https:\/\/gruene-wuppertal.de\/fraktion\/pressemitteilungen\/verwaltung-ohne-visionen\/#breadcrumb"},"inLanguage":"de-DE","potentialAction":[{"@type":"ReadAction","target":["https:\/\/gruene-wuppertal.de\/fraktion\/pressemitteilungen\/verwaltung-ohne-visionen\/"]}]},{"@type":"BreadcrumbList","@id":"https:\/\/gruene-wuppertal.de\/fraktion\/pressemitteilungen\/verwaltung-ohne-visionen\/#breadcrumb","itemListElement":[{"@type":"ListItem","position":1,"name":"Startseite","item":"https:\/\/gruene-wuppertal.de\/fraktion\/"},{"@type":"ListItem","position":2,"name":"Verwaltung ohne Visionen"}]},{"@type":"WebSite","@id":"https:\/\/gruene-wuppertal.de\/fraktion\/#website","url":"https:\/\/gruene-wuppertal.de\/fraktion\/","name":"Fraktion von B\u00fcndnis 90 \/ DIE GR\u00dcNEN im Rat der Stadt Wuppertal","description":"","potentialAction":[{"@type":"SearchAction","target":{"@type":"EntryPoint","urlTemplate":"https:\/\/gruene-wuppertal.de\/fraktion\/?s={search_term_string}"},"query-input":"required name=search_term_string"}],"inLanguage":"de-DE"}]}},"post_mailing_queue_ids":[],"_links":{"self":[{"href":"https:\/\/gruene-wuppertal.de\/fraktion\/wp-json\/wp\/v2\/pressemitteilungen\/959"}],"collection":[{"href":"https:\/\/gruene-wuppertal.de\/fraktion\/wp-json\/wp\/v2\/pressemitteilungen"}],"about":[{"href":"https:\/\/gruene-wuppertal.de\/fraktion\/wp-json\/wp\/v2\/types\/pressemitteilungen"}],"author":[{"embeddable":true,"href":"https:\/\/gruene-wuppertal.de\/fraktion\/wp-json\/wp\/v2\/users\/1"}],"replies":[{"embeddable":true,"href":"https:\/\/gruene-wuppertal.de\/fraktion\/wp-json\/wp\/v2\/comments?post=959"}],"version-history":[{"count":0,"href":"https:\/\/gruene-wuppertal.de\/fraktion\/wp-json\/wp\/v2\/pressemitteilungen\/959\/revisions"}],"wp:attachment":[{"href":"https:\/\/gruene-wuppertal.de\/fraktion\/wp-json\/wp\/v2\/media?parent=959"}],"wp:term":[{"taxonomy":"themen","embeddable":true,"href":"https:\/\/gruene-wuppertal.de\/fraktion\/wp-json\/wp\/v2\/themen?post=959"}],"curies":[{"name":"wp","href":"https:\/\/api.w.org\/{rel}","templated":true}]}}