{"id":958,"date":"2003-03-10T00:00:00","date_gmt":"2003-03-10T00:00:00","guid":{"rendered":"http:\/\/www.gruene-wuppertal.de\/fraktion\/presse\/grune-39\/"},"modified":"2003-03-10T00:00:00","modified_gmt":"2003-03-10T00:00:00","slug":"grune-39","status":"publish","type":"pressemitteilungen","link":"https:\/\/gruene-wuppertal.de\/fraktion\/pressemitteilungen\/grune-39\/","title":{"rendered":"GR\u00dcNE:"},"content":{"rendered":"<p>Mit Erstaunen und Ver\u00e4rgerung nimmt die Ratsfraktion von B\u00fcndnis 90\/DIE GR\u00dcNEN zur Kenntnis, dass sich das Wuppertaler Arbeitsamt offensichtlich weniger denn je f\u00fcr sozialpolitische Geschehnisse in unserer Stadt interessiert.  <\/p>\n<p>&quot;Wir hatten zwar noch nie den Eindruck, dass die Betreuung insbesondere von Langzeitarbeitslosen, Sozialhilfeempf\u00e4ngerInnen und anderen teils schwer vermittelbaren Arbeitssuchenden den Notwendigkeiten mit vollem Einsatz und bedarfsdeckend Rechnung getragen wurde. Auch die Zusammenarbeit mit dem \u00f6rtlichen Sozialamt war noch nie v\u00f6llig problemlos.  <\/p>\n<p>Der derzeit praktizierte bzw. angek\u00fcndigte nahezu vollst\u00e4ndige R\u00fcckzug aus der F\u00f6rderung von qualifizierenden und arbeitsbeschaffenden Ma\u00dfnahmen stellt hier jedoch noch eine h\u00f6chst unerfreuliche Steigerung dar&quot;,  so Paul Yves Ramette, f\u00fcr die GR\u00dcNEN im Ausschuss Soziales und Gesundheit.  <\/p>\n<p>Haushaltskonsolidierung auf Kosten der Schwachen in unserer Gesellschaft geh\u00f6rt nicht zu den Aufgaben der Bundesanstalt f\u00fcr Arbeit.  <\/p>\n<p>Im Bereich der sozialen Sicherungssysteme stehen Wuppertal gro\u00dfe \u00c4nderungen bevor.  <\/p>\n<p>Es ist aus unserer Sicht sozialpolitisch fahrl\u00e4ssig, wenn das Wuppertaler Arbeitsamt schon im Vorgriff auf noch nicht in Kraft getretene Regelungen Langzeitarbeitslose in die Sozialhilfe abdr\u00e4ngt.  <\/p>\n<p>Das hat auch zur Folge, dass die unverzichtbare soziale Infrastruktur in unserer Stadt durch diese zus\u00e4tzliche Belastung der st\u00e4dtischen Finanzen noch gef\u00e4hrdeter ist.  <\/p>\n<p>&quot;Wir fordern die \u00f6rtliche Arbeitsverwaltung auf, im Rahmen der nach wie vor gegebenen M\u00f6glichkeiten gemeinsam mit der Stadt Wuppertal und den Freien Tr\u00e4gern alles Erdenkliche in Angriff zu nehmen, um einer weiteren Versch\u00e4rfung der krisenhaften Situation in den Bereichen Arbeit, Besch\u00e4ftigung und Qualifizierung entgegen zu wirken. Hierzu geh\u00f6rt auch die Bereitschaft, gemeinsam mit den genannten Tr\u00e4gern nach tragf\u00e4higen und finanzierbaren L\u00f6sungen zu suchen&quot;, so Michael Hohagen, Vertreter der GR\u00dcNEN im Ausschuss Soziales und Gesundheit abschlie\u00dfend.<\/p>\n","protected":false},"excerpt":{"rendered":"<p>Arbeitsamt auf Abwegen<\/p>\n","protected":false},"author":1,"featured_media":0,"menu_order":0,"comment_status":"closed","ping_status":"closed","template":"","meta":{"_wp_rev_ctl_limit":""},"themen":[],"yoast_head":"<!-- This site is optimized with the Yoast SEO plugin v21.8 - https:\/\/yoast.com\/wordpress\/plugins\/seo\/ -->\n<title>GR\u00dcNE: - Fraktion von B\u00fcndnis 90 \/ DIE GR\u00dcNEN im Rat der Stadt Wuppertal<\/title>\n<meta name=\"robots\" content=\"index, follow, max-snippet:-1, max-image-preview:large, max-video-preview:-1\" \/>\n<link rel=\"canonical\" href=\"https:\/\/gruene-wuppertal.de\/fraktion\/pressemitteilungen\/grune-39\/\" \/>\n<meta property=\"og:locale\" content=\"de_DE\" \/>\n<meta property=\"og:type\" content=\"article\" \/>\n<meta property=\"og:title\" content=\"GR\u00dcNE: - Fraktion von B\u00fcndnis 90 \/ DIE GR\u00dcNEN im Rat der Stadt Wuppertal\" \/>\n<meta property=\"og:description\" content=\"Arbeitsamt auf Abwegen\" \/>\n<meta property=\"og:url\" content=\"https:\/\/gruene-wuppertal.de\/fraktion\/pressemitteilungen\/grune-39\/\" \/>\n<meta property=\"og:site_name\" content=\"Fraktion von B\u00fcndnis 90 \/ DIE GR\u00dcNEN im Rat der Stadt Wuppertal\" \/>\n<meta name=\"twitter:card\" content=\"summary_large_image\" \/>\n<meta name=\"twitter:label1\" content=\"Gesch\u00e4tzte Lesezeit\" \/>\n\t<meta name=\"twitter:data1\" content=\"1 Minute\" \/>\n<script type=\"application\/ld+json\" class=\"yoast-schema-graph\">{\"@context\":\"https:\/\/schema.org\",\"@graph\":[{\"@type\":\"WebPage\",\"@id\":\"https:\/\/gruene-wuppertal.de\/fraktion\/pressemitteilungen\/grune-39\/\",\"url\":\"https:\/\/gruene-wuppertal.de\/fraktion\/pressemitteilungen\/grune-39\/\",\"name\":\"GR\u00dcNE: - Fraktion von B\u00fcndnis 90 \/ DIE GR\u00dcNEN im Rat der Stadt Wuppertal\",\"isPartOf\":{\"@id\":\"https:\/\/gruene-wuppertal.de\/fraktion\/#website\"},\"datePublished\":\"2003-03-10T00:00:00+00:00\",\"dateModified\":\"2003-03-10T00:00:00+00:00\",\"breadcrumb\":{\"@id\":\"https:\/\/gruene-wuppertal.de\/fraktion\/pressemitteilungen\/grune-39\/#breadcrumb\"},\"inLanguage\":\"de-DE\",\"potentialAction\":[{\"@type\":\"ReadAction\",\"target\":[\"https:\/\/gruene-wuppertal.de\/fraktion\/pressemitteilungen\/grune-39\/\"]}]},{\"@type\":\"BreadcrumbList\",\"@id\":\"https:\/\/gruene-wuppertal.de\/fraktion\/pressemitteilungen\/grune-39\/#breadcrumb\",\"itemListElement\":[{\"@type\":\"ListItem\",\"position\":1,\"name\":\"Startseite\",\"item\":\"https:\/\/gruene-wuppertal.de\/fraktion\/\"},{\"@type\":\"ListItem\",\"position\":2,\"name\":\"GR\u00dcNE:\"}]},{\"@type\":\"WebSite\",\"@id\":\"https:\/\/gruene-wuppertal.de\/fraktion\/#website\",\"url\":\"https:\/\/gruene-wuppertal.de\/fraktion\/\",\"name\":\"Fraktion von B\u00fcndnis 90 \/ DIE GR\u00dcNEN im Rat der Stadt Wuppertal\",\"description\":\"\",\"potentialAction\":[{\"@type\":\"SearchAction\",\"target\":{\"@type\":\"EntryPoint\",\"urlTemplate\":\"https:\/\/gruene-wuppertal.de\/fraktion\/?s={search_term_string}\"},\"query-input\":\"required name=search_term_string\"}],\"inLanguage\":\"de-DE\"}]}<\/script>\n<!-- \/ Yoast SEO plugin. -->","yoast_head_json":{"title":"GR\u00dcNE: - Fraktion von B\u00fcndnis 90 \/ DIE GR\u00dcNEN im Rat der Stadt Wuppertal","robots":{"index":"index","follow":"follow","max-snippet":"max-snippet:-1","max-image-preview":"max-image-preview:large","max-video-preview":"max-video-preview:-1"},"canonical":"https:\/\/gruene-wuppertal.de\/fraktion\/pressemitteilungen\/grune-39\/","og_locale":"de_DE","og_type":"article","og_title":"GR\u00dcNE: - Fraktion von B\u00fcndnis 90 \/ DIE GR\u00dcNEN im Rat der Stadt Wuppertal","og_description":"Arbeitsamt auf Abwegen","og_url":"https:\/\/gruene-wuppertal.de\/fraktion\/pressemitteilungen\/grune-39\/","og_site_name":"Fraktion von B\u00fcndnis 90 \/ DIE GR\u00dcNEN im Rat der Stadt Wuppertal","twitter_card":"summary_large_image","twitter_misc":{"Gesch\u00e4tzte Lesezeit":"1 Minute"},"schema":{"@context":"https:\/\/schema.org","@graph":[{"@type":"WebPage","@id":"https:\/\/gruene-wuppertal.de\/fraktion\/pressemitteilungen\/grune-39\/","url":"https:\/\/gruene-wuppertal.de\/fraktion\/pressemitteilungen\/grune-39\/","name":"GR\u00dcNE: - Fraktion von B\u00fcndnis 90 \/ DIE GR\u00dcNEN im Rat der Stadt Wuppertal","isPartOf":{"@id":"https:\/\/gruene-wuppertal.de\/fraktion\/#website"},"datePublished":"2003-03-10T00:00:00+00:00","dateModified":"2003-03-10T00:00:00+00:00","breadcrumb":{"@id":"https:\/\/gruene-wuppertal.de\/fraktion\/pressemitteilungen\/grune-39\/#breadcrumb"},"inLanguage":"de-DE","potentialAction":[{"@type":"ReadAction","target":["https:\/\/gruene-wuppertal.de\/fraktion\/pressemitteilungen\/grune-39\/"]}]},{"@type":"BreadcrumbList","@id":"https:\/\/gruene-wuppertal.de\/fraktion\/pressemitteilungen\/grune-39\/#breadcrumb","itemListElement":[{"@type":"ListItem","position":1,"name":"Startseite","item":"https:\/\/gruene-wuppertal.de\/fraktion\/"},{"@type":"ListItem","position":2,"name":"GR\u00dcNE:"}]},{"@type":"WebSite","@id":"https:\/\/gruene-wuppertal.de\/fraktion\/#website","url":"https:\/\/gruene-wuppertal.de\/fraktion\/","name":"Fraktion von B\u00fcndnis 90 \/ DIE GR\u00dcNEN im Rat der Stadt Wuppertal","description":"","potentialAction":[{"@type":"SearchAction","target":{"@type":"EntryPoint","urlTemplate":"https:\/\/gruene-wuppertal.de\/fraktion\/?s={search_term_string}"},"query-input":"required name=search_term_string"}],"inLanguage":"de-DE"}]}},"post_mailing_queue_ids":[],"_links":{"self":[{"href":"https:\/\/gruene-wuppertal.de\/fraktion\/wp-json\/wp\/v2\/pressemitteilungen\/958"}],"collection":[{"href":"https:\/\/gruene-wuppertal.de\/fraktion\/wp-json\/wp\/v2\/pressemitteilungen"}],"about":[{"href":"https:\/\/gruene-wuppertal.de\/fraktion\/wp-json\/wp\/v2\/types\/pressemitteilungen"}],"author":[{"embeddable":true,"href":"https:\/\/gruene-wuppertal.de\/fraktion\/wp-json\/wp\/v2\/users\/1"}],"replies":[{"embeddable":true,"href":"https:\/\/gruene-wuppertal.de\/fraktion\/wp-json\/wp\/v2\/comments?post=958"}],"version-history":[{"count":0,"href":"https:\/\/gruene-wuppertal.de\/fraktion\/wp-json\/wp\/v2\/pressemitteilungen\/958\/revisions"}],"wp:attachment":[{"href":"https:\/\/gruene-wuppertal.de\/fraktion\/wp-json\/wp\/v2\/media?parent=958"}],"wp:term":[{"taxonomy":"themen","embeddable":true,"href":"https:\/\/gruene-wuppertal.de\/fraktion\/wp-json\/wp\/v2\/themen?post=958"}],"curies":[{"name":"wp","href":"https:\/\/api.w.org\/{rel}","templated":true}]}}