{"id":945,"date":"2003-02-04T00:00:00","date_gmt":"2003-02-04T00:00:00","guid":{"rendered":"http:\/\/www.gruene-wuppertal.de\/fraktion\/presse\/grundschuldebatte-grune-sauer\/"},"modified":"2003-02-04T00:00:00","modified_gmt":"2003-02-04T00:00:00","slug":"grundschuldebatte-grune-sauer","status":"publish","type":"pressemitteilungen","link":"https:\/\/gruene-wuppertal.de\/fraktion\/pressemitteilungen\/grundschuldebatte-grune-sauer\/","title":{"rendered":"Grundschuldebatte: Gr\u00fcne sauer"},"content":{"rendered":"<p>Zutiefst irritiert zeigt sich die b\u00fcndnisgr\u00fcne Fraktion im Rat der Stadt Wuppertal \u00fcber die scheinbaren Zwischenl\u00f6sungen f\u00fcr die Schulen Kohlstra\u00dfe, Wilkhausstra\u00dfe und Cronenberger Stra\u00dfe, mit denen gestern Abend \u00fcberraschend die CDU-Fraktion und namentlich Herr K\u00fchme in einer Pressemitteilung auf das politische Parkett in Wuppertal traten. <\/p>\n<p>&quot;Erst schl\u00e4gt Herr K\u00fchme die Kohlstra\u00dfe zur Schlie\u00dfung vor und setzt diese durch, dann findet er scheinbare Zwischenl\u00f6sungen, diese und andere Schulen nach 2005\/06 entweder in der Einz\u00fcgigkeit oder in einzelnen Jahrg\u00e4ngen fortzusetzen,&quot; kommentiert Peter Vorsteher, Fraktionssprecher der gr\u00fcnen Ratsfraktion. <\/p>\n<p>Vorsteher fragt an K\u00fchme gerichtet: &quot;War ich in anderen Abstimmungsgespr\u00e4chen als Sie, Herr K\u00fchme, oder sind diese L\u00f6sungen &acute;eine Schule an zwei Standorten&acute; bisher von den Gr\u00fcnen vorgeschlagen worden und an dem Widerstand von Ihnen und der CDU gescheitert?&quot; <\/p>\n<p>Die b\u00fcndnisgr\u00fcne Fraktion im Rat der Stadt Wuppertal stellt zu dieser Doppelz\u00fcngigkeit der CDU fest, dass die CDU die Wuppertaler Grundschulen mehrheitlich auch ohne die Stimmen der Gr\u00fcnen schlie\u00dfen kann ebenso, wie die CDU zusammen mit der FDP auch die der Grundschulschlie\u00dfung unter anderem zugrundeliegende Haushaltskonsolidierung beschlossen hat. <\/p>\n","protected":false},"excerpt":{"rendered":"<p>K\u00fchme und CDU profilieren sich mit scheinbaren Zwischenl\u00f6sungen auf Kosten Anderer<\/p>\n","protected":false},"author":1,"featured_media":0,"menu_order":0,"comment_status":"closed","ping_status":"closed","template":"","meta":{"_wp_rev_ctl_limit":""},"themen":[],"yoast_head":"<!-- This site is optimized with the Yoast SEO plugin v21.8 - https:\/\/yoast.com\/wordpress\/plugins\/seo\/ -->\n<title>Grundschuldebatte: Gr\u00fcne sauer - Fraktion von B\u00fcndnis 90 \/ DIE GR\u00dcNEN im Rat der Stadt Wuppertal<\/title>\n<meta name=\"robots\" content=\"index, follow, max-snippet:-1, max-image-preview:large, max-video-preview:-1\" \/>\n<link rel=\"canonical\" href=\"https:\/\/gruene-wuppertal.de\/fraktion\/pressemitteilungen\/grundschuldebatte-grune-sauer\/\" \/>\n<meta property=\"og:locale\" content=\"de_DE\" \/>\n<meta property=\"og:type\" content=\"article\" \/>\n<meta property=\"og:title\" content=\"Grundschuldebatte: Gr\u00fcne sauer - Fraktion von B\u00fcndnis 90 \/ DIE GR\u00dcNEN im Rat der Stadt Wuppertal\" \/>\n<meta property=\"og:description\" content=\"K\u00fchme und CDU profilieren sich mit scheinbaren Zwischenl\u00f6sungen auf Kosten Anderer\" \/>\n<meta property=\"og:url\" content=\"https:\/\/gruene-wuppertal.de\/fraktion\/pressemitteilungen\/grundschuldebatte-grune-sauer\/\" \/>\n<meta property=\"og:site_name\" content=\"Fraktion von B\u00fcndnis 90 \/ DIE GR\u00dcNEN im Rat der Stadt Wuppertal\" \/>\n<meta name=\"twitter:card\" content=\"summary_large_image\" \/>\n<meta name=\"twitter:label1\" content=\"Gesch\u00e4tzte Lesezeit\" \/>\n\t<meta name=\"twitter:data1\" content=\"1 Minute\" \/>\n<script type=\"application\/ld+json\" class=\"yoast-schema-graph\">{\"@context\":\"https:\/\/schema.org\",\"@graph\":[{\"@type\":\"WebPage\",\"@id\":\"https:\/\/gruene-wuppertal.de\/fraktion\/pressemitteilungen\/grundschuldebatte-grune-sauer\/\",\"url\":\"https:\/\/gruene-wuppertal.de\/fraktion\/pressemitteilungen\/grundschuldebatte-grune-sauer\/\",\"name\":\"Grundschuldebatte: Gr\u00fcne sauer - Fraktion von B\u00fcndnis 90 \/ DIE GR\u00dcNEN im Rat der Stadt Wuppertal\",\"isPartOf\":{\"@id\":\"https:\/\/gruene-wuppertal.de\/fraktion\/#website\"},\"datePublished\":\"2003-02-04T00:00:00+00:00\",\"dateModified\":\"2003-02-04T00:00:00+00:00\",\"breadcrumb\":{\"@id\":\"https:\/\/gruene-wuppertal.de\/fraktion\/pressemitteilungen\/grundschuldebatte-grune-sauer\/#breadcrumb\"},\"inLanguage\":\"de-DE\",\"potentialAction\":[{\"@type\":\"ReadAction\",\"target\":[\"https:\/\/gruene-wuppertal.de\/fraktion\/pressemitteilungen\/grundschuldebatte-grune-sauer\/\"]}]},{\"@type\":\"BreadcrumbList\",\"@id\":\"https:\/\/gruene-wuppertal.de\/fraktion\/pressemitteilungen\/grundschuldebatte-grune-sauer\/#breadcrumb\",\"itemListElement\":[{\"@type\":\"ListItem\",\"position\":1,\"name\":\"Startseite\",\"item\":\"https:\/\/gruene-wuppertal.de\/fraktion\/\"},{\"@type\":\"ListItem\",\"position\":2,\"name\":\"Grundschuldebatte: Gr\u00fcne sauer\"}]},{\"@type\":\"WebSite\",\"@id\":\"https:\/\/gruene-wuppertal.de\/fraktion\/#website\",\"url\":\"https:\/\/gruene-wuppertal.de\/fraktion\/\",\"name\":\"Fraktion von B\u00fcndnis 90 \/ DIE GR\u00dcNEN im Rat der Stadt Wuppertal\",\"description\":\"\",\"potentialAction\":[{\"@type\":\"SearchAction\",\"target\":{\"@type\":\"EntryPoint\",\"urlTemplate\":\"https:\/\/gruene-wuppertal.de\/fraktion\/?s={search_term_string}\"},\"query-input\":\"required name=search_term_string\"}],\"inLanguage\":\"de-DE\"}]}<\/script>\n<!-- \/ Yoast SEO plugin. -->","yoast_head_json":{"title":"Grundschuldebatte: Gr\u00fcne sauer - Fraktion von B\u00fcndnis 90 \/ DIE GR\u00dcNEN im Rat der Stadt Wuppertal","robots":{"index":"index","follow":"follow","max-snippet":"max-snippet:-1","max-image-preview":"max-image-preview:large","max-video-preview":"max-video-preview:-1"},"canonical":"https:\/\/gruene-wuppertal.de\/fraktion\/pressemitteilungen\/grundschuldebatte-grune-sauer\/","og_locale":"de_DE","og_type":"article","og_title":"Grundschuldebatte: Gr\u00fcne sauer - Fraktion von B\u00fcndnis 90 \/ DIE GR\u00dcNEN im Rat der Stadt Wuppertal","og_description":"K\u00fchme und CDU profilieren sich mit scheinbaren Zwischenl\u00f6sungen auf Kosten Anderer","og_url":"https:\/\/gruene-wuppertal.de\/fraktion\/pressemitteilungen\/grundschuldebatte-grune-sauer\/","og_site_name":"Fraktion von B\u00fcndnis 90 \/ DIE GR\u00dcNEN im Rat der Stadt Wuppertal","twitter_card":"summary_large_image","twitter_misc":{"Gesch\u00e4tzte Lesezeit":"1 Minute"},"schema":{"@context":"https:\/\/schema.org","@graph":[{"@type":"WebPage","@id":"https:\/\/gruene-wuppertal.de\/fraktion\/pressemitteilungen\/grundschuldebatte-grune-sauer\/","url":"https:\/\/gruene-wuppertal.de\/fraktion\/pressemitteilungen\/grundschuldebatte-grune-sauer\/","name":"Grundschuldebatte: Gr\u00fcne sauer - Fraktion von B\u00fcndnis 90 \/ DIE GR\u00dcNEN im Rat der Stadt Wuppertal","isPartOf":{"@id":"https:\/\/gruene-wuppertal.de\/fraktion\/#website"},"datePublished":"2003-02-04T00:00:00+00:00","dateModified":"2003-02-04T00:00:00+00:00","breadcrumb":{"@id":"https:\/\/gruene-wuppertal.de\/fraktion\/pressemitteilungen\/grundschuldebatte-grune-sauer\/#breadcrumb"},"inLanguage":"de-DE","potentialAction":[{"@type":"ReadAction","target":["https:\/\/gruene-wuppertal.de\/fraktion\/pressemitteilungen\/grundschuldebatte-grune-sauer\/"]}]},{"@type":"BreadcrumbList","@id":"https:\/\/gruene-wuppertal.de\/fraktion\/pressemitteilungen\/grundschuldebatte-grune-sauer\/#breadcrumb","itemListElement":[{"@type":"ListItem","position":1,"name":"Startseite","item":"https:\/\/gruene-wuppertal.de\/fraktion\/"},{"@type":"ListItem","position":2,"name":"Grundschuldebatte: Gr\u00fcne sauer"}]},{"@type":"WebSite","@id":"https:\/\/gruene-wuppertal.de\/fraktion\/#website","url":"https:\/\/gruene-wuppertal.de\/fraktion\/","name":"Fraktion von B\u00fcndnis 90 \/ DIE GR\u00dcNEN im Rat der Stadt Wuppertal","description":"","potentialAction":[{"@type":"SearchAction","target":{"@type":"EntryPoint","urlTemplate":"https:\/\/gruene-wuppertal.de\/fraktion\/?s={search_term_string}"},"query-input":"required name=search_term_string"}],"inLanguage":"de-DE"}]}},"post_mailing_queue_ids":[],"_links":{"self":[{"href":"https:\/\/gruene-wuppertal.de\/fraktion\/wp-json\/wp\/v2\/pressemitteilungen\/945"}],"collection":[{"href":"https:\/\/gruene-wuppertal.de\/fraktion\/wp-json\/wp\/v2\/pressemitteilungen"}],"about":[{"href":"https:\/\/gruene-wuppertal.de\/fraktion\/wp-json\/wp\/v2\/types\/pressemitteilungen"}],"author":[{"embeddable":true,"href":"https:\/\/gruene-wuppertal.de\/fraktion\/wp-json\/wp\/v2\/users\/1"}],"replies":[{"embeddable":true,"href":"https:\/\/gruene-wuppertal.de\/fraktion\/wp-json\/wp\/v2\/comments?post=945"}],"version-history":[{"count":0,"href":"https:\/\/gruene-wuppertal.de\/fraktion\/wp-json\/wp\/v2\/pressemitteilungen\/945\/revisions"}],"wp:attachment":[{"href":"https:\/\/gruene-wuppertal.de\/fraktion\/wp-json\/wp\/v2\/media?parent=945"}],"wp:term":[{"taxonomy":"themen","embeddable":true,"href":"https:\/\/gruene-wuppertal.de\/fraktion\/wp-json\/wp\/v2\/themen?post=945"}],"curies":[{"name":"wp","href":"https:\/\/api.w.org\/{rel}","templated":true}]}}