{"id":944,"date":"2003-01-29T00:00:00","date_gmt":"2003-01-29T00:00:00","guid":{"rendered":"http:\/\/www.gruene-wuppertal.de\/fraktion\/presse\/grune-setzen-burgerinnenbeteiligung-um\/"},"modified":"2003-01-29T00:00:00","modified_gmt":"2003-01-29T00:00:00","slug":"grune-setzen-burgerinnenbeteiligung-um","status":"publish","type":"pressemitteilungen","link":"https:\/\/gruene-wuppertal.de\/fraktion\/pressemitteilungen\/grune-setzen-burgerinnenbeteiligung-um\/","title":{"rendered":"GR\u00dcNE setzen B\u00fcrgerInnenbeteiligung um"},"content":{"rendered":"<p>Die B\u00fcndnisGR\u00dcNEN erwarten, dass die B\u00fcrgerInnen auf dieser Veranstaltung umfassend \u00fcber die geplanten Standorte und m\u00f6gliche Gesundheitsgefahren informiert werden.  <\/p>\n<p>Klaus L\u00fcdemann, Bezirksvertreter der GR\u00dcNEN in Elberfeld:  <\/p>\n<p>&quot;Dies ist ein wichtiger Schritt f\u00fcr einen vern\u00fcnftigen Umgang mit den \u00c4ngsten der Bev\u00f6lkerung. Die umstrittenen Anlagen m\u00fcssen einzeln betrachtet werden. Uns war die Beteiligung der Menschen im Bezirk besonders wichtig, denn bisher wurden Anlagen oft ohne Wissen der NachbarInnen aufgestellt. Diesen Zustand m\u00fcssen wir beenden.&quot;<\/p>\n","protected":false},"excerpt":{"rendered":"<p>Wie schon in Cronenberg, hat jetzt auch die Bezirksvertretung Elberfeld einstimmig auf Initiative der GR\u00dcNEN eine B\u00fcrgerversammlung zu den geplanten Mobilfunkanlagen im Bezirk beschlossen. <\/p>\n","protected":false},"author":1,"featured_media":0,"menu_order":0,"comment_status":"closed","ping_status":"closed","template":"","meta":{"_wp_rev_ctl_limit":""},"themen":[],"yoast_head":"<!-- This site is optimized with the Yoast SEO plugin v21.8 - https:\/\/yoast.com\/wordpress\/plugins\/seo\/ -->\n<title>GR\u00dcNE setzen B\u00fcrgerInnenbeteiligung um - Fraktion von B\u00fcndnis 90 \/ DIE GR\u00dcNEN im Rat der Stadt Wuppertal<\/title>\n<meta name=\"robots\" content=\"index, follow, max-snippet:-1, max-image-preview:large, max-video-preview:-1\" \/>\n<link rel=\"canonical\" href=\"https:\/\/gruene-wuppertal.de\/fraktion\/pressemitteilungen\/grune-setzen-burgerinnenbeteiligung-um\/\" \/>\n<meta property=\"og:locale\" content=\"de_DE\" \/>\n<meta property=\"og:type\" content=\"article\" \/>\n<meta property=\"og:title\" content=\"GR\u00dcNE setzen B\u00fcrgerInnenbeteiligung um - Fraktion von B\u00fcndnis 90 \/ DIE GR\u00dcNEN im Rat der Stadt Wuppertal\" \/>\n<meta property=\"og:description\" content=\"Wie schon in Cronenberg, hat jetzt auch die Bezirksvertretung Elberfeld einstimmig auf Initiative der GR\u00dcNEN eine B\u00fcrgerversammlung zu den geplanten Mobilfunkanlagen im Bezirk beschlossen.\" \/>\n<meta property=\"og:url\" content=\"https:\/\/gruene-wuppertal.de\/fraktion\/pressemitteilungen\/grune-setzen-burgerinnenbeteiligung-um\/\" \/>\n<meta property=\"og:site_name\" content=\"Fraktion von B\u00fcndnis 90 \/ DIE GR\u00dcNEN im Rat der Stadt Wuppertal\" \/>\n<meta name=\"twitter:card\" content=\"summary_large_image\" \/>\n<script type=\"application\/ld+json\" class=\"yoast-schema-graph\">{\"@context\":\"https:\/\/schema.org\",\"@graph\":[{\"@type\":\"WebPage\",\"@id\":\"https:\/\/gruene-wuppertal.de\/fraktion\/pressemitteilungen\/grune-setzen-burgerinnenbeteiligung-um\/\",\"url\":\"https:\/\/gruene-wuppertal.de\/fraktion\/pressemitteilungen\/grune-setzen-burgerinnenbeteiligung-um\/\",\"name\":\"GR\u00dcNE setzen B\u00fcrgerInnenbeteiligung um - Fraktion von B\u00fcndnis 90 \/ DIE GR\u00dcNEN im Rat der Stadt Wuppertal\",\"isPartOf\":{\"@id\":\"https:\/\/gruene-wuppertal.de\/fraktion\/#website\"},\"datePublished\":\"2003-01-29T00:00:00+00:00\",\"dateModified\":\"2003-01-29T00:00:00+00:00\",\"breadcrumb\":{\"@id\":\"https:\/\/gruene-wuppertal.de\/fraktion\/pressemitteilungen\/grune-setzen-burgerinnenbeteiligung-um\/#breadcrumb\"},\"inLanguage\":\"de-DE\",\"potentialAction\":[{\"@type\":\"ReadAction\",\"target\":[\"https:\/\/gruene-wuppertal.de\/fraktion\/pressemitteilungen\/grune-setzen-burgerinnenbeteiligung-um\/\"]}]},{\"@type\":\"BreadcrumbList\",\"@id\":\"https:\/\/gruene-wuppertal.de\/fraktion\/pressemitteilungen\/grune-setzen-burgerinnenbeteiligung-um\/#breadcrumb\",\"itemListElement\":[{\"@type\":\"ListItem\",\"position\":1,\"name\":\"Startseite\",\"item\":\"https:\/\/gruene-wuppertal.de\/fraktion\/\"},{\"@type\":\"ListItem\",\"position\":2,\"name\":\"GR\u00dcNE setzen B\u00fcrgerInnenbeteiligung um\"}]},{\"@type\":\"WebSite\",\"@id\":\"https:\/\/gruene-wuppertal.de\/fraktion\/#website\",\"url\":\"https:\/\/gruene-wuppertal.de\/fraktion\/\",\"name\":\"Fraktion von B\u00fcndnis 90 \/ DIE GR\u00dcNEN im Rat der Stadt Wuppertal\",\"description\":\"\",\"potentialAction\":[{\"@type\":\"SearchAction\",\"target\":{\"@type\":\"EntryPoint\",\"urlTemplate\":\"https:\/\/gruene-wuppertal.de\/fraktion\/?s={search_term_string}\"},\"query-input\":\"required name=search_term_string\"}],\"inLanguage\":\"de-DE\"}]}<\/script>\n<!-- \/ Yoast SEO plugin. -->","yoast_head_json":{"title":"GR\u00dcNE setzen B\u00fcrgerInnenbeteiligung um - Fraktion von B\u00fcndnis 90 \/ DIE GR\u00dcNEN im Rat der Stadt Wuppertal","robots":{"index":"index","follow":"follow","max-snippet":"max-snippet:-1","max-image-preview":"max-image-preview:large","max-video-preview":"max-video-preview:-1"},"canonical":"https:\/\/gruene-wuppertal.de\/fraktion\/pressemitteilungen\/grune-setzen-burgerinnenbeteiligung-um\/","og_locale":"de_DE","og_type":"article","og_title":"GR\u00dcNE setzen B\u00fcrgerInnenbeteiligung um - Fraktion von B\u00fcndnis 90 \/ DIE GR\u00dcNEN im Rat der Stadt Wuppertal","og_description":"Wie schon in Cronenberg, hat jetzt auch die Bezirksvertretung Elberfeld einstimmig auf Initiative der GR\u00dcNEN eine B\u00fcrgerversammlung zu den geplanten Mobilfunkanlagen im Bezirk beschlossen.","og_url":"https:\/\/gruene-wuppertal.de\/fraktion\/pressemitteilungen\/grune-setzen-burgerinnenbeteiligung-um\/","og_site_name":"Fraktion von B\u00fcndnis 90 \/ DIE GR\u00dcNEN im Rat der Stadt Wuppertal","twitter_card":"summary_large_image","schema":{"@context":"https:\/\/schema.org","@graph":[{"@type":"WebPage","@id":"https:\/\/gruene-wuppertal.de\/fraktion\/pressemitteilungen\/grune-setzen-burgerinnenbeteiligung-um\/","url":"https:\/\/gruene-wuppertal.de\/fraktion\/pressemitteilungen\/grune-setzen-burgerinnenbeteiligung-um\/","name":"GR\u00dcNE setzen B\u00fcrgerInnenbeteiligung um - Fraktion von B\u00fcndnis 90 \/ DIE GR\u00dcNEN im Rat der Stadt Wuppertal","isPartOf":{"@id":"https:\/\/gruene-wuppertal.de\/fraktion\/#website"},"datePublished":"2003-01-29T00:00:00+00:00","dateModified":"2003-01-29T00:00:00+00:00","breadcrumb":{"@id":"https:\/\/gruene-wuppertal.de\/fraktion\/pressemitteilungen\/grune-setzen-burgerinnenbeteiligung-um\/#breadcrumb"},"inLanguage":"de-DE","potentialAction":[{"@type":"ReadAction","target":["https:\/\/gruene-wuppertal.de\/fraktion\/pressemitteilungen\/grune-setzen-burgerinnenbeteiligung-um\/"]}]},{"@type":"BreadcrumbList","@id":"https:\/\/gruene-wuppertal.de\/fraktion\/pressemitteilungen\/grune-setzen-burgerinnenbeteiligung-um\/#breadcrumb","itemListElement":[{"@type":"ListItem","position":1,"name":"Startseite","item":"https:\/\/gruene-wuppertal.de\/fraktion\/"},{"@type":"ListItem","position":2,"name":"GR\u00dcNE setzen B\u00fcrgerInnenbeteiligung um"}]},{"@type":"WebSite","@id":"https:\/\/gruene-wuppertal.de\/fraktion\/#website","url":"https:\/\/gruene-wuppertal.de\/fraktion\/","name":"Fraktion von B\u00fcndnis 90 \/ DIE GR\u00dcNEN im Rat der Stadt Wuppertal","description":"","potentialAction":[{"@type":"SearchAction","target":{"@type":"EntryPoint","urlTemplate":"https:\/\/gruene-wuppertal.de\/fraktion\/?s={search_term_string}"},"query-input":"required name=search_term_string"}],"inLanguage":"de-DE"}]}},"post_mailing_queue_ids":[],"_links":{"self":[{"href":"https:\/\/gruene-wuppertal.de\/fraktion\/wp-json\/wp\/v2\/pressemitteilungen\/944"}],"collection":[{"href":"https:\/\/gruene-wuppertal.de\/fraktion\/wp-json\/wp\/v2\/pressemitteilungen"}],"about":[{"href":"https:\/\/gruene-wuppertal.de\/fraktion\/wp-json\/wp\/v2\/types\/pressemitteilungen"}],"author":[{"embeddable":true,"href":"https:\/\/gruene-wuppertal.de\/fraktion\/wp-json\/wp\/v2\/users\/1"}],"replies":[{"embeddable":true,"href":"https:\/\/gruene-wuppertal.de\/fraktion\/wp-json\/wp\/v2\/comments?post=944"}],"version-history":[{"count":0,"href":"https:\/\/gruene-wuppertal.de\/fraktion\/wp-json\/wp\/v2\/pressemitteilungen\/944\/revisions"}],"wp:attachment":[{"href":"https:\/\/gruene-wuppertal.de\/fraktion\/wp-json\/wp\/v2\/media?parent=944"}],"wp:term":[{"taxonomy":"themen","embeddable":true,"href":"https:\/\/gruene-wuppertal.de\/fraktion\/wp-json\/wp\/v2\/themen?post=944"}],"curies":[{"name":"wp","href":"https:\/\/api.w.org\/{rel}","templated":true}]}}