{"id":943,"date":"2003-01-27T00:00:00","date_gmt":"2003-01-27T00:00:00","guid":{"rendered":"http:\/\/www.gruene-wuppertal.de\/fraktion\/presse\/grune-im-landtag-engagiert-fur-doppersberg\/"},"modified":"2003-01-27T00:00:00","modified_gmt":"2003-01-27T00:00:00","slug":"grune-im-landtag-engagiert-fur-doppersberg","status":"publish","type":"pressemitteilungen","link":"https:\/\/gruene-wuppertal.de\/fraktion\/pressemitteilungen\/grune-im-landtag-engagiert-fur-doppersberg\/","title":{"rendered":"GR\u00dcNE im Landtag engagiert f\u00fcr D\u00f6ppersberg"},"content":{"rendered":"<p>Mit Datum von gestern wandte sie sich in einem Brief an den Verkehrsminister Axel Horstmann (SPD) und bat eindringlich um Unterst\u00fctzung des Projektes durch Sicherstellung der Gesamtfinanzierung zur vollst\u00e4ndigen Umsetzung des Rahmenplanes auch auf Landesebene.  <\/p>\n<p>Hier der  Brief im Wortlaut:  <\/p>\n<p>Minister f\u00fcr Wirtschaft, Mittelstand <\/p>\n<p>Technologie und Verkehr <\/p>\n<p>Herrn Axel Horstmann <\/p>\n<p>Haroldstr. 4 <\/p>\n<p>40213 D\u00fcsseldorf <\/p>\n<p>F\u00f6rderung des Projekts &quot;D\u00f6ppersberg&quot; in Wuppertal <\/p>\n<p>Sehr geehrter Herr Minister, <\/p>\n<p>ich m\u00f6chte Sie &quot; wie sicherlich die regional zust\u00e4ndigen Kolleginnen und Kollegen der SPD-Fraktion auch &quot; sehr nachdr\u00fccklich um Unterst\u00fctzung einer Angelegenheit des Bergischen St\u00e4dtedreiecks bitten. <\/p>\n<p>Die Regionale 2006 f\u00fcr das Bergische St\u00e4dtedreieck Wuppertal, Solingen, Remscheid hat sehr wichtige st\u00e4dtebauliche, verkehrliche und kulturelle Impulse gegeben, die sich auch auf die wirtschaftliche Infrastruktur positiv auswirken werden. Sie werden wissen, dass die Landesf\u00f6rderung f\u00fcr das sehr wichtige st\u00e4dtebauliche Projekt f\u00fcr den Wuppertaler Hauptbahnhof (D\u00f6ppersberg) &quot; so zumindest die Presseberichte &quot; nicht gesichert war. Nun hat am vergangenen Dienstag vor Ort ein Spitzengespr\u00e4ch mit Vertretern auch Ihres Ministeriums stattgefunden, in dem deutlich wurde, dass das sehr umfassende Projekt mit seinen verkehrlichen, wirtschaftlichen und st\u00e4dtebaulichen Komponenten als Ganzes betrachtet und durchfinanziert werden m\u00fcsste. Die sehr weitreichenden baulichen Ver\u00e4nderungen im Bereich des D\u00f6ppersberg werden &quot; davon bin ich \u00fcberzeugt &quot; den notwendigen Strukturwandel in Wuppertal f\u00f6rdern. In besagtem Gespr\u00e4ch ist ein konkreter Zeitrahmen besprochen worden, um die Finanzierung des Gesamtprojektes mittelfristig zu sichern.  <\/p>\n<p>Ich halte die Regionale-Projekte, die mittlerweile in allen drei St\u00e4dten unter breiter Beteiligung erarbeitet und z.T. beantragt wurden, f\u00fcr einen der wichtigsten Impulse im Bergischen Land. Sie f\u00f6rdern das Zusammenwachsen der drei bergischen St\u00e4dte, was sich z.T. bereits heute in ganz konkreten, auch Regionale unabh\u00e4ngigen Kooperationen niederschl\u00e4gt. Ein Verzicht auf den Baustein D\u00f6ppersberg w\u00e4re in dem Zusammenhang ein fatales Signal. <\/p>\n<p>Von daher m\u00f6chte ich Sie dringend bitten, die Gesamtfinanzierung des Projekts D\u00f6ppersberg sicherzustellen.  <\/p>\n<p>Mit der Bitte um eine baldige positive Antwort verbleibe ich <\/p>\n<p>mit freundlichen Gr\u00fc\u00dfen <\/p>\n<p>Sylvia L\u00f6hrmann, MdL <\/p>\n<p>Fraktionsvorsitzende<\/p>\n","protected":false},"excerpt":{"rendered":"<p>Die Fraktionsvorsitzende der GR\u00dcNEN im Landtag NRW, Sylvia L\u00f6hrmann, setzt sich auf Bitten der GR\u00dcNEN Ratsfraktion Wuppertal engagiert f\u00fcr Landesmittel zur Finanzierung des D\u00f6ppersberg ein.<\/p>\n","protected":false},"author":1,"featured_media":0,"menu_order":0,"comment_status":"closed","ping_status":"closed","template":"","meta":{"_wp_rev_ctl_limit":""},"themen":[],"yoast_head":"<!-- This site is optimized with the Yoast SEO plugin v21.8 - https:\/\/yoast.com\/wordpress\/plugins\/seo\/ -->\n<title>GR\u00dcNE im Landtag engagiert f\u00fcr D\u00f6ppersberg - Fraktion von B\u00fcndnis 90 \/ DIE GR\u00dcNEN im Rat der Stadt Wuppertal<\/title>\n<meta name=\"robots\" content=\"index, follow, max-snippet:-1, max-image-preview:large, max-video-preview:-1\" \/>\n<link rel=\"canonical\" href=\"https:\/\/gruene-wuppertal.de\/fraktion\/pressemitteilungen\/grune-im-landtag-engagiert-fur-doppersberg\/\" \/>\n<meta property=\"og:locale\" content=\"de_DE\" \/>\n<meta property=\"og:type\" content=\"article\" \/>\n<meta property=\"og:title\" content=\"GR\u00dcNE im Landtag engagiert f\u00fcr D\u00f6ppersberg - Fraktion von B\u00fcndnis 90 \/ DIE GR\u00dcNEN im Rat der Stadt Wuppertal\" \/>\n<meta property=\"og:description\" content=\"Die Fraktionsvorsitzende der GR\u00dcNEN im Landtag NRW, Sylvia L\u00f6hrmann, setzt sich auf Bitten der GR\u00dcNEN Ratsfraktion Wuppertal engagiert f\u00fcr Landesmittel zur Finanzierung des D\u00f6ppersberg ein.\" \/>\n<meta property=\"og:url\" content=\"https:\/\/gruene-wuppertal.de\/fraktion\/pressemitteilungen\/grune-im-landtag-engagiert-fur-doppersberg\/\" \/>\n<meta property=\"og:site_name\" content=\"Fraktion von B\u00fcndnis 90 \/ DIE GR\u00dcNEN im Rat der Stadt Wuppertal\" \/>\n<meta name=\"twitter:card\" content=\"summary_large_image\" \/>\n<meta name=\"twitter:label1\" content=\"Gesch\u00e4tzte Lesezeit\" \/>\n\t<meta name=\"twitter:data1\" content=\"2 Minuten\" \/>\n<script type=\"application\/ld+json\" class=\"yoast-schema-graph\">{\"@context\":\"https:\/\/schema.org\",\"@graph\":[{\"@type\":\"WebPage\",\"@id\":\"https:\/\/gruene-wuppertal.de\/fraktion\/pressemitteilungen\/grune-im-landtag-engagiert-fur-doppersberg\/\",\"url\":\"https:\/\/gruene-wuppertal.de\/fraktion\/pressemitteilungen\/grune-im-landtag-engagiert-fur-doppersberg\/\",\"name\":\"GR\u00dcNE im Landtag engagiert f\u00fcr D\u00f6ppersberg - Fraktion von B\u00fcndnis 90 \/ DIE GR\u00dcNEN im Rat der Stadt Wuppertal\",\"isPartOf\":{\"@id\":\"https:\/\/gruene-wuppertal.de\/fraktion\/#website\"},\"datePublished\":\"2003-01-27T00:00:00+00:00\",\"dateModified\":\"2003-01-27T00:00:00+00:00\",\"breadcrumb\":{\"@id\":\"https:\/\/gruene-wuppertal.de\/fraktion\/pressemitteilungen\/grune-im-landtag-engagiert-fur-doppersberg\/#breadcrumb\"},\"inLanguage\":\"de-DE\",\"potentialAction\":[{\"@type\":\"ReadAction\",\"target\":[\"https:\/\/gruene-wuppertal.de\/fraktion\/pressemitteilungen\/grune-im-landtag-engagiert-fur-doppersberg\/\"]}]},{\"@type\":\"BreadcrumbList\",\"@id\":\"https:\/\/gruene-wuppertal.de\/fraktion\/pressemitteilungen\/grune-im-landtag-engagiert-fur-doppersberg\/#breadcrumb\",\"itemListElement\":[{\"@type\":\"ListItem\",\"position\":1,\"name\":\"Startseite\",\"item\":\"https:\/\/gruene-wuppertal.de\/fraktion\/\"},{\"@type\":\"ListItem\",\"position\":2,\"name\":\"GR\u00dcNE im Landtag engagiert f\u00fcr D\u00f6ppersberg\"}]},{\"@type\":\"WebSite\",\"@id\":\"https:\/\/gruene-wuppertal.de\/fraktion\/#website\",\"url\":\"https:\/\/gruene-wuppertal.de\/fraktion\/\",\"name\":\"Fraktion von B\u00fcndnis 90 \/ DIE GR\u00dcNEN im Rat der Stadt Wuppertal\",\"description\":\"\",\"potentialAction\":[{\"@type\":\"SearchAction\",\"target\":{\"@type\":\"EntryPoint\",\"urlTemplate\":\"https:\/\/gruene-wuppertal.de\/fraktion\/?s={search_term_string}\"},\"query-input\":\"required name=search_term_string\"}],\"inLanguage\":\"de-DE\"}]}<\/script>\n<!-- \/ Yoast SEO plugin. -->","yoast_head_json":{"title":"GR\u00dcNE im Landtag engagiert f\u00fcr D\u00f6ppersberg - Fraktion von B\u00fcndnis 90 \/ DIE GR\u00dcNEN im Rat der Stadt Wuppertal","robots":{"index":"index","follow":"follow","max-snippet":"max-snippet:-1","max-image-preview":"max-image-preview:large","max-video-preview":"max-video-preview:-1"},"canonical":"https:\/\/gruene-wuppertal.de\/fraktion\/pressemitteilungen\/grune-im-landtag-engagiert-fur-doppersberg\/","og_locale":"de_DE","og_type":"article","og_title":"GR\u00dcNE im Landtag engagiert f\u00fcr D\u00f6ppersberg - Fraktion von B\u00fcndnis 90 \/ DIE GR\u00dcNEN im Rat der Stadt Wuppertal","og_description":"Die Fraktionsvorsitzende der GR\u00dcNEN im Landtag NRW, Sylvia L\u00f6hrmann, setzt sich auf Bitten der GR\u00dcNEN Ratsfraktion Wuppertal engagiert f\u00fcr Landesmittel zur Finanzierung des D\u00f6ppersberg ein.","og_url":"https:\/\/gruene-wuppertal.de\/fraktion\/pressemitteilungen\/grune-im-landtag-engagiert-fur-doppersberg\/","og_site_name":"Fraktion von B\u00fcndnis 90 \/ DIE GR\u00dcNEN im Rat der Stadt Wuppertal","twitter_card":"summary_large_image","twitter_misc":{"Gesch\u00e4tzte Lesezeit":"2 Minuten"},"schema":{"@context":"https:\/\/schema.org","@graph":[{"@type":"WebPage","@id":"https:\/\/gruene-wuppertal.de\/fraktion\/pressemitteilungen\/grune-im-landtag-engagiert-fur-doppersberg\/","url":"https:\/\/gruene-wuppertal.de\/fraktion\/pressemitteilungen\/grune-im-landtag-engagiert-fur-doppersberg\/","name":"GR\u00dcNE im Landtag engagiert f\u00fcr D\u00f6ppersberg - Fraktion von B\u00fcndnis 90 \/ DIE GR\u00dcNEN im Rat der Stadt Wuppertal","isPartOf":{"@id":"https:\/\/gruene-wuppertal.de\/fraktion\/#website"},"datePublished":"2003-01-27T00:00:00+00:00","dateModified":"2003-01-27T00:00:00+00:00","breadcrumb":{"@id":"https:\/\/gruene-wuppertal.de\/fraktion\/pressemitteilungen\/grune-im-landtag-engagiert-fur-doppersberg\/#breadcrumb"},"inLanguage":"de-DE","potentialAction":[{"@type":"ReadAction","target":["https:\/\/gruene-wuppertal.de\/fraktion\/pressemitteilungen\/grune-im-landtag-engagiert-fur-doppersberg\/"]}]},{"@type":"BreadcrumbList","@id":"https:\/\/gruene-wuppertal.de\/fraktion\/pressemitteilungen\/grune-im-landtag-engagiert-fur-doppersberg\/#breadcrumb","itemListElement":[{"@type":"ListItem","position":1,"name":"Startseite","item":"https:\/\/gruene-wuppertal.de\/fraktion\/"},{"@type":"ListItem","position":2,"name":"GR\u00dcNE im Landtag engagiert f\u00fcr D\u00f6ppersberg"}]},{"@type":"WebSite","@id":"https:\/\/gruene-wuppertal.de\/fraktion\/#website","url":"https:\/\/gruene-wuppertal.de\/fraktion\/","name":"Fraktion von B\u00fcndnis 90 \/ DIE GR\u00dcNEN im Rat der Stadt Wuppertal","description":"","potentialAction":[{"@type":"SearchAction","target":{"@type":"EntryPoint","urlTemplate":"https:\/\/gruene-wuppertal.de\/fraktion\/?s={search_term_string}"},"query-input":"required name=search_term_string"}],"inLanguage":"de-DE"}]}},"post_mailing_queue_ids":[],"_links":{"self":[{"href":"https:\/\/gruene-wuppertal.de\/fraktion\/wp-json\/wp\/v2\/pressemitteilungen\/943"}],"collection":[{"href":"https:\/\/gruene-wuppertal.de\/fraktion\/wp-json\/wp\/v2\/pressemitteilungen"}],"about":[{"href":"https:\/\/gruene-wuppertal.de\/fraktion\/wp-json\/wp\/v2\/types\/pressemitteilungen"}],"author":[{"embeddable":true,"href":"https:\/\/gruene-wuppertal.de\/fraktion\/wp-json\/wp\/v2\/users\/1"}],"replies":[{"embeddable":true,"href":"https:\/\/gruene-wuppertal.de\/fraktion\/wp-json\/wp\/v2\/comments?post=943"}],"version-history":[{"count":0,"href":"https:\/\/gruene-wuppertal.de\/fraktion\/wp-json\/wp\/v2\/pressemitteilungen\/943\/revisions"}],"wp:attachment":[{"href":"https:\/\/gruene-wuppertal.de\/fraktion\/wp-json\/wp\/v2\/media?parent=943"}],"wp:term":[{"taxonomy":"themen","embeddable":true,"href":"https:\/\/gruene-wuppertal.de\/fraktion\/wp-json\/wp\/v2\/themen?post=943"}],"curies":[{"name":"wp","href":"https:\/\/api.w.org\/{rel}","templated":true}]}}