{"id":942,"date":"2003-01-26T00:00:00","date_gmt":"2003-01-26T00:00:00","guid":{"rendered":"http:\/\/www.gruene-wuppertal.de\/fraktion\/presse\/grune-38\/"},"modified":"2003-01-26T00:00:00","modified_gmt":"2003-01-26T00:00:00","slug":"grune-38","status":"publish","type":"pressemitteilungen","link":"https:\/\/gruene-wuppertal.de\/fraktion\/pressemitteilungen\/grune-38\/","title":{"rendered":"GR\u00dcNE:"},"content":{"rendered":"<p>Die b\u00fcndnisgr\u00fcne Fraktion in der Landschaftsversammlung Rheinland wird einer Erh\u00f6hung der sog. Landschaftsumlage um 1,6 Punkte nicht zustimmen. Zu diesem Ergebnis kam die LVR-Fraktion abweichend zum Haushaltsplanentwurf 2003\/04 im Rahmen ihrer diesj\u00e4hrigen Haushaltsklausur. Die GR\u00dcNE Fraktion Wuppertal spricht sich ebenfalls gegen eine Erh\u00f6hung der Umlage aus.  <\/p>\n<p>Lorenz Bahr, Mitglied der b\u00fcndnisgr\u00fcnen LVR-Fraktion und Stadtverordneter der GR\u00dcNEN in Wuppertal:  <\/p>\n<p>&quot;Einer zus\u00e4tzlichen finanziellen Belastung der LVR-Mitgliedsk\u00f6rperschaften k\u00f6nnen wir GR\u00dcNE nicht zustimmen. Der LVR und hier besonders die CDU, die \u00fcber eine absolute Mehrheit in der Landschaftsversammlung Rheinland verf\u00fcgt, sollen ihre Hausaufgaben kreativer bew\u00e4ltigen als durch simple Umlageerh\u00f6hungen. Solange der LVR genauso viel mit seiner Verwaltung kostet, wie er unmittelbar an B\u00fcrgerinnen und B\u00fcrger ausbezahlt, k\u00f6nnen wir weder eine \u00f6ffentliche Debatte um soziale Standards nachvollziehen, noch die ohnehin bankrotten St\u00e4dte zus\u00e4tzlich belasten.&quot;  <\/p>\n<p>Hintergrund  <\/p>\n<p>Ca. 1,8 Milliarden Euro hat der Landschaftsverband Rheinland im vergangenen Jahr an die B\u00fcrgerinnen und B\u00fcrger in den kreisfreien St\u00e4dten und Kreisen des Rheinlandes ausbezahlt. Dabei handelt es sich vornehmlich um Zusch\u00fcsse im Bereich der Kinder- und Jugendhilfe, der Behinderten- und Sozialhilfe, der Kriegsopferf\u00fcrsorge, aber auch f\u00fcr regionale Kulturpflege.  <\/p>\n<p>Ca. 1,6 Milliarden Euro erh\u00e4lt der LVR als Gebietsk\u00f6rperschaft unmittelbar von den kreisfreien St\u00e4dten und Kreisen als Mitgliedsk\u00f6rperschaften im Rahmen der von ihm selbst erhobenen Landschaftsumlage.  <\/p>\n<p>Die im Haushaltsplan des LVR vorgesehene Erh\u00f6hung der Landschaftsumlage um 1,6 Punkte macht nach Angaben des LVR eine Differenz von 2002 auf 2003 f\u00fcr Wuppertal in H\u00f6he von zus\u00e4tzlich \u00c3\u201e 1,1 Mio., f\u00fcr Remscheid von \u00c3\u201e 655.000,- und f\u00fcr Solingen von \u00c3\u201e 675.000,- aus. Der Kreis Mettmann m\u00fcsste zus\u00e4tzlich \u00c3\u201e 1,4 Mio. einkalkulieren.  <\/p>\n<p>Nach kommunalen Berechnungen wird die auf die St\u00e4dte umgelegte Gesamtsumme deutlich h\u00f6her ausfallen, die K\u00e4mmerei Wuppertal hat z.B. eine Erh\u00f6hung in der Summe von 2,93 Mio. \u00c3\u201e errechnet.  <\/p>\n<p>Das Gesamtvolumen des LVR-Haushaltes betr\u00e4gt ca. \u00c3\u201e 3,5 Milliarden j\u00e4hrlich.<\/p>\n","protected":false},"excerpt":{"rendered":"<p>Keine Erh\u00f6hung der Landschaftsumlage <\/p>\n","protected":false},"author":1,"featured_media":0,"menu_order":0,"comment_status":"closed","ping_status":"closed","template":"","meta":{"_wp_rev_ctl_limit":""},"themen":[],"yoast_head":"<!-- This site is optimized with the Yoast SEO plugin v21.8 - https:\/\/yoast.com\/wordpress\/plugins\/seo\/ -->\n<title>GR\u00dcNE: - Fraktion von B\u00fcndnis 90 \/ DIE GR\u00dcNEN im Rat der Stadt Wuppertal<\/title>\n<meta name=\"robots\" content=\"index, follow, max-snippet:-1, max-image-preview:large, max-video-preview:-1\" \/>\n<link rel=\"canonical\" href=\"https:\/\/gruene-wuppertal.de\/fraktion\/pressemitteilungen\/grune-38\/\" \/>\n<meta property=\"og:locale\" content=\"de_DE\" \/>\n<meta property=\"og:type\" content=\"article\" \/>\n<meta property=\"og:title\" content=\"GR\u00dcNE: - Fraktion von B\u00fcndnis 90 \/ DIE GR\u00dcNEN im Rat der Stadt Wuppertal\" \/>\n<meta property=\"og:description\" content=\"Keine Erh\u00f6hung der Landschaftsumlage\" \/>\n<meta property=\"og:url\" content=\"https:\/\/gruene-wuppertal.de\/fraktion\/pressemitteilungen\/grune-38\/\" \/>\n<meta property=\"og:site_name\" content=\"Fraktion von B\u00fcndnis 90 \/ DIE GR\u00dcNEN im Rat der Stadt Wuppertal\" \/>\n<meta name=\"twitter:card\" content=\"summary_large_image\" \/>\n<meta name=\"twitter:label1\" content=\"Gesch\u00e4tzte Lesezeit\" \/>\n\t<meta name=\"twitter:data1\" content=\"2 Minuten\" \/>\n<script type=\"application\/ld+json\" class=\"yoast-schema-graph\">{\"@context\":\"https:\/\/schema.org\",\"@graph\":[{\"@type\":\"WebPage\",\"@id\":\"https:\/\/gruene-wuppertal.de\/fraktion\/pressemitteilungen\/grune-38\/\",\"url\":\"https:\/\/gruene-wuppertal.de\/fraktion\/pressemitteilungen\/grune-38\/\",\"name\":\"GR\u00dcNE: - Fraktion von B\u00fcndnis 90 \/ DIE GR\u00dcNEN im Rat der Stadt Wuppertal\",\"isPartOf\":{\"@id\":\"https:\/\/gruene-wuppertal.de\/fraktion\/#website\"},\"datePublished\":\"2003-01-26T00:00:00+00:00\",\"dateModified\":\"2003-01-26T00:00:00+00:00\",\"breadcrumb\":{\"@id\":\"https:\/\/gruene-wuppertal.de\/fraktion\/pressemitteilungen\/grune-38\/#breadcrumb\"},\"inLanguage\":\"de-DE\",\"potentialAction\":[{\"@type\":\"ReadAction\",\"target\":[\"https:\/\/gruene-wuppertal.de\/fraktion\/pressemitteilungen\/grune-38\/\"]}]},{\"@type\":\"BreadcrumbList\",\"@id\":\"https:\/\/gruene-wuppertal.de\/fraktion\/pressemitteilungen\/grune-38\/#breadcrumb\",\"itemListElement\":[{\"@type\":\"ListItem\",\"position\":1,\"name\":\"Startseite\",\"item\":\"https:\/\/gruene-wuppertal.de\/fraktion\/\"},{\"@type\":\"ListItem\",\"position\":2,\"name\":\"GR\u00dcNE:\"}]},{\"@type\":\"WebSite\",\"@id\":\"https:\/\/gruene-wuppertal.de\/fraktion\/#website\",\"url\":\"https:\/\/gruene-wuppertal.de\/fraktion\/\",\"name\":\"Fraktion von B\u00fcndnis 90 \/ DIE GR\u00dcNEN im Rat der Stadt Wuppertal\",\"description\":\"\",\"potentialAction\":[{\"@type\":\"SearchAction\",\"target\":{\"@type\":\"EntryPoint\",\"urlTemplate\":\"https:\/\/gruene-wuppertal.de\/fraktion\/?s={search_term_string}\"},\"query-input\":\"required name=search_term_string\"}],\"inLanguage\":\"de-DE\"}]}<\/script>\n<!-- \/ Yoast SEO plugin. -->","yoast_head_json":{"title":"GR\u00dcNE: - Fraktion von B\u00fcndnis 90 \/ DIE GR\u00dcNEN im Rat der Stadt Wuppertal","robots":{"index":"index","follow":"follow","max-snippet":"max-snippet:-1","max-image-preview":"max-image-preview:large","max-video-preview":"max-video-preview:-1"},"canonical":"https:\/\/gruene-wuppertal.de\/fraktion\/pressemitteilungen\/grune-38\/","og_locale":"de_DE","og_type":"article","og_title":"GR\u00dcNE: - Fraktion von B\u00fcndnis 90 \/ DIE GR\u00dcNEN im Rat der Stadt Wuppertal","og_description":"Keine Erh\u00f6hung der Landschaftsumlage","og_url":"https:\/\/gruene-wuppertal.de\/fraktion\/pressemitteilungen\/grune-38\/","og_site_name":"Fraktion von B\u00fcndnis 90 \/ DIE GR\u00dcNEN im Rat der Stadt Wuppertal","twitter_card":"summary_large_image","twitter_misc":{"Gesch\u00e4tzte Lesezeit":"2 Minuten"},"schema":{"@context":"https:\/\/schema.org","@graph":[{"@type":"WebPage","@id":"https:\/\/gruene-wuppertal.de\/fraktion\/pressemitteilungen\/grune-38\/","url":"https:\/\/gruene-wuppertal.de\/fraktion\/pressemitteilungen\/grune-38\/","name":"GR\u00dcNE: - Fraktion von B\u00fcndnis 90 \/ DIE GR\u00dcNEN im Rat der Stadt Wuppertal","isPartOf":{"@id":"https:\/\/gruene-wuppertal.de\/fraktion\/#website"},"datePublished":"2003-01-26T00:00:00+00:00","dateModified":"2003-01-26T00:00:00+00:00","breadcrumb":{"@id":"https:\/\/gruene-wuppertal.de\/fraktion\/pressemitteilungen\/grune-38\/#breadcrumb"},"inLanguage":"de-DE","potentialAction":[{"@type":"ReadAction","target":["https:\/\/gruene-wuppertal.de\/fraktion\/pressemitteilungen\/grune-38\/"]}]},{"@type":"BreadcrumbList","@id":"https:\/\/gruene-wuppertal.de\/fraktion\/pressemitteilungen\/grune-38\/#breadcrumb","itemListElement":[{"@type":"ListItem","position":1,"name":"Startseite","item":"https:\/\/gruene-wuppertal.de\/fraktion\/"},{"@type":"ListItem","position":2,"name":"GR\u00dcNE:"}]},{"@type":"WebSite","@id":"https:\/\/gruene-wuppertal.de\/fraktion\/#website","url":"https:\/\/gruene-wuppertal.de\/fraktion\/","name":"Fraktion von B\u00fcndnis 90 \/ DIE GR\u00dcNEN im Rat der Stadt Wuppertal","description":"","potentialAction":[{"@type":"SearchAction","target":{"@type":"EntryPoint","urlTemplate":"https:\/\/gruene-wuppertal.de\/fraktion\/?s={search_term_string}"},"query-input":"required name=search_term_string"}],"inLanguage":"de-DE"}]}},"post_mailing_queue_ids":[],"_links":{"self":[{"href":"https:\/\/gruene-wuppertal.de\/fraktion\/wp-json\/wp\/v2\/pressemitteilungen\/942"}],"collection":[{"href":"https:\/\/gruene-wuppertal.de\/fraktion\/wp-json\/wp\/v2\/pressemitteilungen"}],"about":[{"href":"https:\/\/gruene-wuppertal.de\/fraktion\/wp-json\/wp\/v2\/types\/pressemitteilungen"}],"author":[{"embeddable":true,"href":"https:\/\/gruene-wuppertal.de\/fraktion\/wp-json\/wp\/v2\/users\/1"}],"replies":[{"embeddable":true,"href":"https:\/\/gruene-wuppertal.de\/fraktion\/wp-json\/wp\/v2\/comments?post=942"}],"version-history":[{"count":0,"href":"https:\/\/gruene-wuppertal.de\/fraktion\/wp-json\/wp\/v2\/pressemitteilungen\/942\/revisions"}],"wp:attachment":[{"href":"https:\/\/gruene-wuppertal.de\/fraktion\/wp-json\/wp\/v2\/media?parent=942"}],"wp:term":[{"taxonomy":"themen","embeddable":true,"href":"https:\/\/gruene-wuppertal.de\/fraktion\/wp-json\/wp\/v2\/themen?post=942"}],"curies":[{"name":"wp","href":"https:\/\/api.w.org\/{rel}","templated":true}]}}