{"id":8916,"date":"2016-05-31T12:27:15","date_gmt":"2016-05-31T12:27:15","guid":{"rendered":"http:\/\/www.gruene-wuppertal.de\/fraktion\/?post_type=presse&amp;p=8916"},"modified":"2016-05-31T12:27:15","modified_gmt":"2016-05-31T12:27:15","slug":"grune-haus-der-integration-ist-der-richtige-ansatz","status":"publish","type":"pressemitteilungen","link":"https:\/\/gruene-wuppertal.de\/fraktion\/pressemitteilungen\/grune-haus-der-integration-ist-der-richtige-ansatz\/","title":{"rendered":"GR\u00dcNE: \u201eHaus der Integration\u201c ist der richtige Ansatz"},"content":{"rendered":"<p>Mit gro\u00dfer Freude nimmt die Ratsfraktion B\u00dcNDNIS 90\/DIE GR\u00dcNEN zur Kenntnis, dass in der \u201eWick\u00fcler City\u201c in Unterbarmen das Haus der Integration entstehen soll.<\/p>\n<p>\u201eDer r\u00e4umliche Zusammenschluss von Jobcenter, Arbeitsagentur und Ressort Zuwanderung und Integration ist viel mehr als nur ein ge\u00e4ndertes Raumkonzept, sondern zeigt einen Quantensprung und eine neue Qualit\u00e4t der Zusammenarbeit. Sowohl f\u00fcr die Klient*innen als auch f\u00fcr die Mitarbeiter*innen der Institutionen wird es ein Haus der kurzen Wege\u201c, meint <b>Marcel Simon<\/b>, Stadtverordneter und Mitglied im Verwaltungsrat Jobcenter Wuppertal und im Integrationsrat.<\/p>\n<p>\u201eDer f\u00fcr September 2016 geplante Umzug in die \u201eWick\u00fcler City\u201c und die Schaffung des Hauses der Integration mit dem Kompetenzzentrum zur Arbeitsmarktintegration f\u00fcr Gefl\u00fcchtete setzt hier einen wichtigen Eckpfeiler und zeigt, dass Integrationsarbeit und Arbeitsmarktintegration Hand in Hand geschehen. Dadurch beweisen die Wuppertaler Verantwortlichen einen wichtigen und richtigen Innovationsgeist. Zu kl\u00e4ren bleibt allerdings, wie die nun frei werdenden Raumkapazit\u00e4ten \u201eAn der alten Bergbahn\u201c genutzt werden k\u00f6nnen.\u201c<\/p>\n<p>Im Haus der Integration sollen in Zukunft verschiedene Institutionen Beratung und Dienstleistung f\u00fcr MigrantInnen und Gefl\u00fcchtete anbieten.<\/p>\n<p>Dies sind unter anderem:<\/p>\n<ul>\n<li>zebera &#8211; Leistungsgew\u00e4hrung und berufliche Integration des Jobcenters&#8216;<\/li>\n<li>zebera &#8211; Rechtskreis\u00fcbergreifende Beratungs- und Clearingstelle f\u00fcr Ehrenamt und Unternehmen<\/li>\n<li>Integration Point und Berufsberatung der Agentur f\u00fcr Arbeit<\/li>\n<li>Team Arbeitsmarktintegration des Ressorts Zuwanderung und Integration (inkl. Sprachf\u00f6rderung und Berufsanerkennung)<\/li>\n<\/ul>\n<p>Auch ein Gro\u00dfteil der MitarbeiterInnen des Ressorts Zuwanderung und Integration wird an den zentral gelegenen Ort ziehen.<\/p>\n","protected":false},"excerpt":{"rendered":"<p>Mit gro\u00dfer Freude nimmt die Ratsfraktion B\u00dcNDNIS 90\/DIE GR\u00dcNEN zur Kenntnis, dass in der \u201eWick\u00fcler City\u201c in Unterbarmen das Haus der Integration entstehen soll. \u201eDer r\u00e4umliche Zusammenschluss von Jobcenter, Arbeitsagentur und Ressort Zuwanderung und Integration ist viel mehr als nur ein ge\u00e4ndertes Raumkonzept, sondern zeigt&#8230;<\/p>\n","protected":false},"author":20,"featured_media":0,"menu_order":0,"comment_status":"closed","ping_status":"closed","template":"","meta":{"_wp_rev_ctl_limit":""},"themen":[66,15,14,74],"yoast_head":"<!-- This site is optimized with the Yoast SEO plugin v21.8 - https:\/\/yoast.com\/wordpress\/plugins\/seo\/ -->\n<title>GR\u00dcNE: \u201eHaus der Integration\u201c ist der richtige Ansatz - Fraktion von B\u00fcndnis 90 \/ DIE GR\u00dcNEN im Rat der Stadt Wuppertal<\/title>\n<meta name=\"robots\" content=\"index, follow, max-snippet:-1, max-image-preview:large, max-video-preview:-1\" \/>\n<link rel=\"canonical\" href=\"https:\/\/gruene-wuppertal.de\/fraktion\/pressemitteilungen\/grune-haus-der-integration-ist-der-richtige-ansatz\/\" \/>\n<meta property=\"og:locale\" content=\"de_DE\" \/>\n<meta property=\"og:type\" content=\"article\" \/>\n<meta property=\"og:title\" content=\"GR\u00dcNE: \u201eHaus der Integration\u201c ist der richtige Ansatz - Fraktion von B\u00fcndnis 90 \/ DIE GR\u00dcNEN im Rat der Stadt Wuppertal\" \/>\n<meta property=\"og:description\" content=\"Mit gro\u00dfer Freude nimmt die Ratsfraktion B\u00dcNDNIS 90\/DIE GR\u00dcNEN zur Kenntnis, dass in der \u201eWick\u00fcler City\u201c in Unterbarmen das Haus der Integration entstehen soll. \u201eDer r\u00e4umliche Zusammenschluss von Jobcenter, Arbeitsagentur und Ressort Zuwanderung und Integration ist viel mehr als nur ein ge\u00e4ndertes Raumkonzept, sondern zeigt...\" \/>\n<meta property=\"og:url\" content=\"https:\/\/gruene-wuppertal.de\/fraktion\/pressemitteilungen\/grune-haus-der-integration-ist-der-richtige-ansatz\/\" \/>\n<meta property=\"og:site_name\" content=\"Fraktion von B\u00fcndnis 90 \/ DIE GR\u00dcNEN im Rat der Stadt Wuppertal\" \/>\n<meta name=\"twitter:card\" content=\"summary_large_image\" \/>\n<meta name=\"twitter:label1\" content=\"Gesch\u00e4tzte Lesezeit\" \/>\n\t<meta name=\"twitter:data1\" content=\"1 Minute\" \/>\n<script type=\"application\/ld+json\" class=\"yoast-schema-graph\">{\"@context\":\"https:\/\/schema.org\",\"@graph\":[{\"@type\":\"WebPage\",\"@id\":\"https:\/\/gruene-wuppertal.de\/fraktion\/pressemitteilungen\/grune-haus-der-integration-ist-der-richtige-ansatz\/\",\"url\":\"https:\/\/gruene-wuppertal.de\/fraktion\/pressemitteilungen\/grune-haus-der-integration-ist-der-richtige-ansatz\/\",\"name\":\"GR\u00dcNE: \u201eHaus der Integration\u201c ist der richtige Ansatz - Fraktion von B\u00fcndnis 90 \/ DIE GR\u00dcNEN im Rat der Stadt Wuppertal\",\"isPartOf\":{\"@id\":\"https:\/\/gruene-wuppertal.de\/fraktion\/#website\"},\"datePublished\":\"2016-05-31T12:27:15+00:00\",\"dateModified\":\"2016-05-31T12:27:15+00:00\",\"breadcrumb\":{\"@id\":\"https:\/\/gruene-wuppertal.de\/fraktion\/pressemitteilungen\/grune-haus-der-integration-ist-der-richtige-ansatz\/#breadcrumb\"},\"inLanguage\":\"de-DE\",\"potentialAction\":[{\"@type\":\"ReadAction\",\"target\":[\"https:\/\/gruene-wuppertal.de\/fraktion\/pressemitteilungen\/grune-haus-der-integration-ist-der-richtige-ansatz\/\"]}]},{\"@type\":\"BreadcrumbList\",\"@id\":\"https:\/\/gruene-wuppertal.de\/fraktion\/pressemitteilungen\/grune-haus-der-integration-ist-der-richtige-ansatz\/#breadcrumb\",\"itemListElement\":[{\"@type\":\"ListItem\",\"position\":1,\"name\":\"Startseite\",\"item\":\"https:\/\/gruene-wuppertal.de\/fraktion\/\"},{\"@type\":\"ListItem\",\"position\":2,\"name\":\"GR\u00dcNE: \u201eHaus der Integration\u201c ist der richtige Ansatz\"}]},{\"@type\":\"WebSite\",\"@id\":\"https:\/\/gruene-wuppertal.de\/fraktion\/#website\",\"url\":\"https:\/\/gruene-wuppertal.de\/fraktion\/\",\"name\":\"Fraktion von B\u00fcndnis 90 \/ DIE GR\u00dcNEN im Rat der Stadt Wuppertal\",\"description\":\"\",\"potentialAction\":[{\"@type\":\"SearchAction\",\"target\":{\"@type\":\"EntryPoint\",\"urlTemplate\":\"https:\/\/gruene-wuppertal.de\/fraktion\/?s={search_term_string}\"},\"query-input\":\"required name=search_term_string\"}],\"inLanguage\":\"de-DE\"}]}<\/script>\n<!-- \/ Yoast SEO plugin. -->","yoast_head_json":{"title":"GR\u00dcNE: \u201eHaus der Integration\u201c ist der richtige Ansatz - Fraktion von B\u00fcndnis 90 \/ DIE GR\u00dcNEN im Rat der Stadt Wuppertal","robots":{"index":"index","follow":"follow","max-snippet":"max-snippet:-1","max-image-preview":"max-image-preview:large","max-video-preview":"max-video-preview:-1"},"canonical":"https:\/\/gruene-wuppertal.de\/fraktion\/pressemitteilungen\/grune-haus-der-integration-ist-der-richtige-ansatz\/","og_locale":"de_DE","og_type":"article","og_title":"GR\u00dcNE: \u201eHaus der Integration\u201c ist der richtige Ansatz - Fraktion von B\u00fcndnis 90 \/ DIE GR\u00dcNEN im Rat der Stadt Wuppertal","og_description":"Mit gro\u00dfer Freude nimmt die Ratsfraktion B\u00dcNDNIS 90\/DIE GR\u00dcNEN zur Kenntnis, dass in der \u201eWick\u00fcler City\u201c in Unterbarmen das Haus der Integration entstehen soll. \u201eDer r\u00e4umliche Zusammenschluss von Jobcenter, Arbeitsagentur und Ressort Zuwanderung und Integration ist viel mehr als nur ein ge\u00e4ndertes Raumkonzept, sondern zeigt...","og_url":"https:\/\/gruene-wuppertal.de\/fraktion\/pressemitteilungen\/grune-haus-der-integration-ist-der-richtige-ansatz\/","og_site_name":"Fraktion von B\u00fcndnis 90 \/ DIE GR\u00dcNEN im Rat der Stadt Wuppertal","twitter_card":"summary_large_image","twitter_misc":{"Gesch\u00e4tzte Lesezeit":"1 Minute"},"schema":{"@context":"https:\/\/schema.org","@graph":[{"@type":"WebPage","@id":"https:\/\/gruene-wuppertal.de\/fraktion\/pressemitteilungen\/grune-haus-der-integration-ist-der-richtige-ansatz\/","url":"https:\/\/gruene-wuppertal.de\/fraktion\/pressemitteilungen\/grune-haus-der-integration-ist-der-richtige-ansatz\/","name":"GR\u00dcNE: \u201eHaus der Integration\u201c ist der richtige Ansatz - Fraktion von B\u00fcndnis 90 \/ DIE GR\u00dcNEN im Rat der Stadt Wuppertal","isPartOf":{"@id":"https:\/\/gruene-wuppertal.de\/fraktion\/#website"},"datePublished":"2016-05-31T12:27:15+00:00","dateModified":"2016-05-31T12:27:15+00:00","breadcrumb":{"@id":"https:\/\/gruene-wuppertal.de\/fraktion\/pressemitteilungen\/grune-haus-der-integration-ist-der-richtige-ansatz\/#breadcrumb"},"inLanguage":"de-DE","potentialAction":[{"@type":"ReadAction","target":["https:\/\/gruene-wuppertal.de\/fraktion\/pressemitteilungen\/grune-haus-der-integration-ist-der-richtige-ansatz\/"]}]},{"@type":"BreadcrumbList","@id":"https:\/\/gruene-wuppertal.de\/fraktion\/pressemitteilungen\/grune-haus-der-integration-ist-der-richtige-ansatz\/#breadcrumb","itemListElement":[{"@type":"ListItem","position":1,"name":"Startseite","item":"https:\/\/gruene-wuppertal.de\/fraktion\/"},{"@type":"ListItem","position":2,"name":"GR\u00dcNE: \u201eHaus der Integration\u201c ist der richtige Ansatz"}]},{"@type":"WebSite","@id":"https:\/\/gruene-wuppertal.de\/fraktion\/#website","url":"https:\/\/gruene-wuppertal.de\/fraktion\/","name":"Fraktion von B\u00fcndnis 90 \/ DIE GR\u00dcNEN im Rat der Stadt Wuppertal","description":"","potentialAction":[{"@type":"SearchAction","target":{"@type":"EntryPoint","urlTemplate":"https:\/\/gruene-wuppertal.de\/fraktion\/?s={search_term_string}"},"query-input":"required name=search_term_string"}],"inLanguage":"de-DE"}]}},"post_mailing_queue_ids":[],"_links":{"self":[{"href":"https:\/\/gruene-wuppertal.de\/fraktion\/wp-json\/wp\/v2\/pressemitteilungen\/8916"}],"collection":[{"href":"https:\/\/gruene-wuppertal.de\/fraktion\/wp-json\/wp\/v2\/pressemitteilungen"}],"about":[{"href":"https:\/\/gruene-wuppertal.de\/fraktion\/wp-json\/wp\/v2\/types\/pressemitteilungen"}],"author":[{"embeddable":true,"href":"https:\/\/gruene-wuppertal.de\/fraktion\/wp-json\/wp\/v2\/users\/20"}],"replies":[{"embeddable":true,"href":"https:\/\/gruene-wuppertal.de\/fraktion\/wp-json\/wp\/v2\/comments?post=8916"}],"version-history":[{"count":0,"href":"https:\/\/gruene-wuppertal.de\/fraktion\/wp-json\/wp\/v2\/pressemitteilungen\/8916\/revisions"}],"wp:attachment":[{"href":"https:\/\/gruene-wuppertal.de\/fraktion\/wp-json\/wp\/v2\/media?parent=8916"}],"wp:term":[{"taxonomy":"themen","embeddable":true,"href":"https:\/\/gruene-wuppertal.de\/fraktion\/wp-json\/wp\/v2\/themen?post=8916"}],"curies":[{"name":"wp","href":"https:\/\/api.w.org\/{rel}","templated":true}]}}