{"id":889,"date":"2002-09-12T00:00:00","date_gmt":"2002-09-12T00:00:00","guid":{"rendered":"http:\/\/www.gruene-wuppertal.de\/fraktion\/presse\/verzicht-auf-aktive-stadtentwicklung\/"},"modified":"2002-09-12T00:00:00","modified_gmt":"2002-09-12T00:00:00","slug":"verzicht-auf-aktive-stadtentwicklung","status":"publish","type":"pressemitteilungen","link":"https:\/\/gruene-wuppertal.de\/fraktion\/pressemitteilungen\/verzicht-auf-aktive-stadtentwicklung\/","title":{"rendered":"Verzicht auf aktive Stadtentwicklung"},"content":{"rendered":"<p>Selbst unter dem Eindruck der Flutkatastrophe und der wenig pr\u00e4zisen Verhandlungsergebnisse der Weltklimakonferenz in Johannesburg verzichteten CDU und FDP im Wuppertaler Stadtentwicklungsausschuss am 12. September 2002 auf die geplanten und bereits ausgewiesenen <\/p>\n<p>\u00d6kobau-Vorzeigeprojekte an der Girardet- und Ahrstra\u00dfe. Damit wurde zugleich ein urspr\u00fcnglich einstimmig gefasster Ratsbeschluss in Frage gestellt. Die eindringlichen Argumente und Appelle von B\u00fcndnis 90 \/ DIE GR\u00dcNEN, SPD, Umweltverb\u00e4nden und ortsans\u00e4ssigen Architekten verhallten <\/p>\n<p>vor dem Hintergrund kurzfristiger und kurzsichtiger Vermarktungsinteressen. <\/p>\n<p>Waren sich alle Beteiligten im Stadtentwicklungsausschuss im Rahmen einer Neufassung eines g\u00fcltigen Ratsbeschlusses noch dar\u00fcber einig, dass nicht allein an Bautr\u00e4gergesellschaften sondern auch an Einzelbewerber die zur Verf\u00fcgung stehenden Fl\u00e4chen ver\u00e4u\u00dfert werden sollten, schieden sich die Geister bereits \u00fcber die aktuellen, zugrunde zu legenden \u00d6kobau-Kriterien. Einigen konnten sich die Stadtentwickler dann aber nicht auf eine vertragliche Bindung der K\u00e4ufer und Bauherren, diese Kriterien auch verbindlich anzuwenden, so wie es der einstimmige Ratsbeschluss aus 1999 vorsah. <\/p>\n<p>Uneinsichtig zeigten sich CDU und FDP gerade gegen\u00fcber dem Argument, dass \u00d6kobau-Siedlungen in anderen Gro\u00dfst\u00e4dten zu einer erheblichen Attraktivit\u00e4tssteigerung beigetragen haben, die zugleich zum Publikumsmagnet und bevorzugten Wohnort vor allem junger Familien mit Kindern avancierten, so z.B. das ehemalige Vauban-Kasernengel\u00e4nde in Freiburg i.B.. <\/p>\n<p>Der stadtentwicklungspolitische Sprecher der b\u00fcndnis-gr\u00fcnen Ratsfraktion, Lorenz Bahr, kommentiert: &quot;Wir wollen niemandem vorschreiben, wie er zu bauen hat. Gerade das Einfamilienhausprogramm <\/p>\n<p>der Stadt Wuppertal l\u00e4sst gen\u00fcgend Platz f\u00fcr alle, die traditionell oder \u00f6kologisch bauen wollen. Aber uns fehlt in Wuppertal bis heute ein Beispiel gebendes \u00d6kobau-Vorzeigeprojekt, an dem sich zuk\u00fcnftige Bauherren orientieren k\u00f6nnen. An interessierten Familien mangelt es sicher nicht, eher doch an dem Willen von CDU und FDP, sich den Herausforderungen einer aktiven und nachhaltigen Stadtentwicklung zu stellen. Wir hoffen, dass sich beide Fraktionen bis zur n\u00e4chsten Ratssitzung besinnen und zu Kompromissen bereit sind.&quot;<\/p>\n","protected":false},"excerpt":{"rendered":"<p>\u00d6ko-Vorzeigeprojekte niedergestimmt <\/p>\n","protected":false},"author":1,"featured_media":0,"menu_order":0,"comment_status":"closed","ping_status":"closed","template":"","meta":{"_wp_rev_ctl_limit":""},"themen":[],"yoast_head":"<!-- This site is optimized with the Yoast SEO plugin v21.8 - https:\/\/yoast.com\/wordpress\/plugins\/seo\/ -->\n<title>Verzicht auf aktive Stadtentwicklung - Fraktion von B\u00fcndnis 90 \/ DIE GR\u00dcNEN im Rat der Stadt Wuppertal<\/title>\n<meta name=\"robots\" content=\"index, follow, max-snippet:-1, max-image-preview:large, max-video-preview:-1\" \/>\n<link rel=\"canonical\" href=\"https:\/\/gruene-wuppertal.de\/fraktion\/pressemitteilungen\/verzicht-auf-aktive-stadtentwicklung\/\" \/>\n<meta property=\"og:locale\" content=\"de_DE\" \/>\n<meta property=\"og:type\" content=\"article\" \/>\n<meta property=\"og:title\" content=\"Verzicht auf aktive Stadtentwicklung - Fraktion von B\u00fcndnis 90 \/ DIE GR\u00dcNEN im Rat der Stadt Wuppertal\" \/>\n<meta property=\"og:description\" content=\"\u00d6ko-Vorzeigeprojekte niedergestimmt\" \/>\n<meta property=\"og:url\" content=\"https:\/\/gruene-wuppertal.de\/fraktion\/pressemitteilungen\/verzicht-auf-aktive-stadtentwicklung\/\" \/>\n<meta property=\"og:site_name\" content=\"Fraktion von B\u00fcndnis 90 \/ DIE GR\u00dcNEN im Rat der Stadt Wuppertal\" \/>\n<meta name=\"twitter:card\" content=\"summary_large_image\" \/>\n<meta name=\"twitter:label1\" content=\"Gesch\u00e4tzte Lesezeit\" \/>\n\t<meta name=\"twitter:data1\" content=\"2 Minuten\" \/>\n<script type=\"application\/ld+json\" class=\"yoast-schema-graph\">{\"@context\":\"https:\/\/schema.org\",\"@graph\":[{\"@type\":\"WebPage\",\"@id\":\"https:\/\/gruene-wuppertal.de\/fraktion\/pressemitteilungen\/verzicht-auf-aktive-stadtentwicklung\/\",\"url\":\"https:\/\/gruene-wuppertal.de\/fraktion\/pressemitteilungen\/verzicht-auf-aktive-stadtentwicklung\/\",\"name\":\"Verzicht auf aktive Stadtentwicklung - Fraktion von B\u00fcndnis 90 \/ DIE GR\u00dcNEN im Rat der Stadt Wuppertal\",\"isPartOf\":{\"@id\":\"https:\/\/gruene-wuppertal.de\/fraktion\/#website\"},\"datePublished\":\"2002-09-12T00:00:00+00:00\",\"dateModified\":\"2002-09-12T00:00:00+00:00\",\"breadcrumb\":{\"@id\":\"https:\/\/gruene-wuppertal.de\/fraktion\/pressemitteilungen\/verzicht-auf-aktive-stadtentwicklung\/#breadcrumb\"},\"inLanguage\":\"de-DE\",\"potentialAction\":[{\"@type\":\"ReadAction\",\"target\":[\"https:\/\/gruene-wuppertal.de\/fraktion\/pressemitteilungen\/verzicht-auf-aktive-stadtentwicklung\/\"]}]},{\"@type\":\"BreadcrumbList\",\"@id\":\"https:\/\/gruene-wuppertal.de\/fraktion\/pressemitteilungen\/verzicht-auf-aktive-stadtentwicklung\/#breadcrumb\",\"itemListElement\":[{\"@type\":\"ListItem\",\"position\":1,\"name\":\"Startseite\",\"item\":\"https:\/\/gruene-wuppertal.de\/fraktion\/\"},{\"@type\":\"ListItem\",\"position\":2,\"name\":\"Verzicht auf aktive Stadtentwicklung\"}]},{\"@type\":\"WebSite\",\"@id\":\"https:\/\/gruene-wuppertal.de\/fraktion\/#website\",\"url\":\"https:\/\/gruene-wuppertal.de\/fraktion\/\",\"name\":\"Fraktion von B\u00fcndnis 90 \/ DIE GR\u00dcNEN im Rat der Stadt Wuppertal\",\"description\":\"\",\"potentialAction\":[{\"@type\":\"SearchAction\",\"target\":{\"@type\":\"EntryPoint\",\"urlTemplate\":\"https:\/\/gruene-wuppertal.de\/fraktion\/?s={search_term_string}\"},\"query-input\":\"required name=search_term_string\"}],\"inLanguage\":\"de-DE\"}]}<\/script>\n<!-- \/ Yoast SEO plugin. -->","yoast_head_json":{"title":"Verzicht auf aktive Stadtentwicklung - Fraktion von B\u00fcndnis 90 \/ DIE GR\u00dcNEN im Rat der Stadt Wuppertal","robots":{"index":"index","follow":"follow","max-snippet":"max-snippet:-1","max-image-preview":"max-image-preview:large","max-video-preview":"max-video-preview:-1"},"canonical":"https:\/\/gruene-wuppertal.de\/fraktion\/pressemitteilungen\/verzicht-auf-aktive-stadtentwicklung\/","og_locale":"de_DE","og_type":"article","og_title":"Verzicht auf aktive Stadtentwicklung - Fraktion von B\u00fcndnis 90 \/ DIE GR\u00dcNEN im Rat der Stadt Wuppertal","og_description":"\u00d6ko-Vorzeigeprojekte niedergestimmt","og_url":"https:\/\/gruene-wuppertal.de\/fraktion\/pressemitteilungen\/verzicht-auf-aktive-stadtentwicklung\/","og_site_name":"Fraktion von B\u00fcndnis 90 \/ DIE GR\u00dcNEN im Rat der Stadt Wuppertal","twitter_card":"summary_large_image","twitter_misc":{"Gesch\u00e4tzte Lesezeit":"2 Minuten"},"schema":{"@context":"https:\/\/schema.org","@graph":[{"@type":"WebPage","@id":"https:\/\/gruene-wuppertal.de\/fraktion\/pressemitteilungen\/verzicht-auf-aktive-stadtentwicklung\/","url":"https:\/\/gruene-wuppertal.de\/fraktion\/pressemitteilungen\/verzicht-auf-aktive-stadtentwicklung\/","name":"Verzicht auf aktive Stadtentwicklung - Fraktion von B\u00fcndnis 90 \/ DIE GR\u00dcNEN im Rat der Stadt Wuppertal","isPartOf":{"@id":"https:\/\/gruene-wuppertal.de\/fraktion\/#website"},"datePublished":"2002-09-12T00:00:00+00:00","dateModified":"2002-09-12T00:00:00+00:00","breadcrumb":{"@id":"https:\/\/gruene-wuppertal.de\/fraktion\/pressemitteilungen\/verzicht-auf-aktive-stadtentwicklung\/#breadcrumb"},"inLanguage":"de-DE","potentialAction":[{"@type":"ReadAction","target":["https:\/\/gruene-wuppertal.de\/fraktion\/pressemitteilungen\/verzicht-auf-aktive-stadtentwicklung\/"]}]},{"@type":"BreadcrumbList","@id":"https:\/\/gruene-wuppertal.de\/fraktion\/pressemitteilungen\/verzicht-auf-aktive-stadtentwicklung\/#breadcrumb","itemListElement":[{"@type":"ListItem","position":1,"name":"Startseite","item":"https:\/\/gruene-wuppertal.de\/fraktion\/"},{"@type":"ListItem","position":2,"name":"Verzicht auf aktive Stadtentwicklung"}]},{"@type":"WebSite","@id":"https:\/\/gruene-wuppertal.de\/fraktion\/#website","url":"https:\/\/gruene-wuppertal.de\/fraktion\/","name":"Fraktion von B\u00fcndnis 90 \/ DIE GR\u00dcNEN im Rat der Stadt Wuppertal","description":"","potentialAction":[{"@type":"SearchAction","target":{"@type":"EntryPoint","urlTemplate":"https:\/\/gruene-wuppertal.de\/fraktion\/?s={search_term_string}"},"query-input":"required name=search_term_string"}],"inLanguage":"de-DE"}]}},"post_mailing_queue_ids":[],"_links":{"self":[{"href":"https:\/\/gruene-wuppertal.de\/fraktion\/wp-json\/wp\/v2\/pressemitteilungen\/889"}],"collection":[{"href":"https:\/\/gruene-wuppertal.de\/fraktion\/wp-json\/wp\/v2\/pressemitteilungen"}],"about":[{"href":"https:\/\/gruene-wuppertal.de\/fraktion\/wp-json\/wp\/v2\/types\/pressemitteilungen"}],"author":[{"embeddable":true,"href":"https:\/\/gruene-wuppertal.de\/fraktion\/wp-json\/wp\/v2\/users\/1"}],"replies":[{"embeddable":true,"href":"https:\/\/gruene-wuppertal.de\/fraktion\/wp-json\/wp\/v2\/comments?post=889"}],"version-history":[{"count":0,"href":"https:\/\/gruene-wuppertal.de\/fraktion\/wp-json\/wp\/v2\/pressemitteilungen\/889\/revisions"}],"wp:attachment":[{"href":"https:\/\/gruene-wuppertal.de\/fraktion\/wp-json\/wp\/v2\/media?parent=889"}],"wp:term":[{"taxonomy":"themen","embeddable":true,"href":"https:\/\/gruene-wuppertal.de\/fraktion\/wp-json\/wp\/v2\/themen?post=889"}],"curies":[{"name":"wp","href":"https:\/\/api.w.org\/{rel}","templated":true}]}}