{"id":888,"date":"2002-09-09T00:00:00","date_gmt":"2002-09-09T00:00:00","guid":{"rendered":"http:\/\/www.gruene-wuppertal.de\/fraktion\/presse\/hungersnot-in-partnerstadt\/"},"modified":"2002-09-09T00:00:00","modified_gmt":"2002-09-09T00:00:00","slug":"hungersnot-in-partnerstadt","status":"publish","type":"pressemitteilungen","link":"https:\/\/gruene-wuppertal.de\/fraktion\/pressemitteilungen\/hungersnot-in-partnerstadt\/","title":{"rendered":"Hungersnot in Partnerstadt:"},"content":{"rendered":"<p>Anl\u00e4sslich der Hungertrag\u00f6die in unserer Partnerstadt Matagalpa erkl\u00e4rt die Fraktion von B\u00fcndnis 90 \/ DIE GR\u00dcNEN im Rat der Stadt Wuppertal: &quot;Wuppertalerinnen und Wuppertaler, kauft Wuppertal-Kaffee aus unserer Partnerstadt Matagalpa! Rettet mit Eurem Konsumverhalten Menschenleben! Helft mit, Arbeitspl\u00e4tze zu sichern!&quot; <\/p>\n<p>Hintergrund: <\/p>\n<p>Weitgehend unbemerkt von der Welt\u00f6ffentlichkeit bahnt sich im mittelamerika-nischen Nicaragua eine Hungertrag\u00f6die an. <\/p>\n<p>Menschenrechtsorganisationen meldeten aus der n\u00f6rdlichen Provinz Matagalpa bereits mindestens 15 verhungerte Menschen, darunter sieben Kinder. Als Ursache gilt an erster Stelle der Verfall der internationalen Kaffeepreise, der tausende Landarbeiter arbeitslos gemacht. <\/p>\n<p>In 1998 legte die Stadt Wuppertal auf Initiative der b\u00fcndnisgr\u00fcnen Ratsfraktion und in Kooperation mit dem in Wuppertal ortsans\u00e4ssigen fair-Handelshaus gepa eine eigenes Kaffeelabel &quot;Wuppertal Kaffee&quot; aus Matagalpa auf. Der verwendete Kaffee ist fair gehandelt, die Landarbeiter erhalten ein \u00fcber dem Weltmarktpreis garantiertes Entgelt und die Mindestabnahme des Kaffees ist langfristig gesichert. Nun gilt es, zus\u00e4tzliche Arbeitspl\u00e4tze zu schaffen, um so Menschenleben zu retten. <\/p>\n<p>Der Wuppertal Kaffee ist in einer auff\u00e4lligen blauen Verpackung in allen <\/p>\n<p>gr\u00f6\u00dferen Lebensmittelm\u00e4rkten in Wuppertal erh\u00e4ltlich oder direkt \u00fcber die gepa zu beziehen.<\/p>\n","protected":false},"excerpt":{"rendered":"<p>GR\u00dcNE rufen Wuppertaler und Wuppertalerinnen <\/p>\n<p>zum Kauf von Wuppertal Kaffee auf<\/p>\n","protected":false},"author":1,"featured_media":0,"menu_order":0,"comment_status":"closed","ping_status":"closed","template":"","meta":{"_wp_rev_ctl_limit":""},"themen":[],"yoast_head":"<!-- This site is optimized with the Yoast SEO plugin v21.8 - https:\/\/yoast.com\/wordpress\/plugins\/seo\/ -->\n<title>Hungersnot in Partnerstadt: - Fraktion von B\u00fcndnis 90 \/ DIE GR\u00dcNEN im Rat der Stadt Wuppertal<\/title>\n<meta name=\"robots\" content=\"index, follow, max-snippet:-1, max-image-preview:large, max-video-preview:-1\" \/>\n<link rel=\"canonical\" href=\"https:\/\/gruene-wuppertal.de\/fraktion\/pressemitteilungen\/hungersnot-in-partnerstadt\/\" \/>\n<meta property=\"og:locale\" content=\"de_DE\" \/>\n<meta property=\"og:type\" content=\"article\" \/>\n<meta property=\"og:title\" content=\"Hungersnot in Partnerstadt: - Fraktion von B\u00fcndnis 90 \/ DIE GR\u00dcNEN im Rat der Stadt Wuppertal\" \/>\n<meta property=\"og:description\" content=\"GR\u00dcNE rufen Wuppertaler und Wuppertalerinnen zum Kauf von Wuppertal Kaffee auf\" \/>\n<meta property=\"og:url\" content=\"https:\/\/gruene-wuppertal.de\/fraktion\/pressemitteilungen\/hungersnot-in-partnerstadt\/\" \/>\n<meta property=\"og:site_name\" content=\"Fraktion von B\u00fcndnis 90 \/ DIE GR\u00dcNEN im Rat der Stadt Wuppertal\" \/>\n<meta name=\"twitter:card\" content=\"summary_large_image\" \/>\n<meta name=\"twitter:label1\" content=\"Gesch\u00e4tzte Lesezeit\" \/>\n\t<meta name=\"twitter:data1\" content=\"1 Minute\" \/>\n<script type=\"application\/ld+json\" class=\"yoast-schema-graph\">{\"@context\":\"https:\/\/schema.org\",\"@graph\":[{\"@type\":\"WebPage\",\"@id\":\"https:\/\/gruene-wuppertal.de\/fraktion\/pressemitteilungen\/hungersnot-in-partnerstadt\/\",\"url\":\"https:\/\/gruene-wuppertal.de\/fraktion\/pressemitteilungen\/hungersnot-in-partnerstadt\/\",\"name\":\"Hungersnot in Partnerstadt: - Fraktion von B\u00fcndnis 90 \/ DIE GR\u00dcNEN im Rat der Stadt Wuppertal\",\"isPartOf\":{\"@id\":\"https:\/\/gruene-wuppertal.de\/fraktion\/#website\"},\"datePublished\":\"2002-09-09T00:00:00+00:00\",\"dateModified\":\"2002-09-09T00:00:00+00:00\",\"breadcrumb\":{\"@id\":\"https:\/\/gruene-wuppertal.de\/fraktion\/pressemitteilungen\/hungersnot-in-partnerstadt\/#breadcrumb\"},\"inLanguage\":\"de-DE\",\"potentialAction\":[{\"@type\":\"ReadAction\",\"target\":[\"https:\/\/gruene-wuppertal.de\/fraktion\/pressemitteilungen\/hungersnot-in-partnerstadt\/\"]}]},{\"@type\":\"BreadcrumbList\",\"@id\":\"https:\/\/gruene-wuppertal.de\/fraktion\/pressemitteilungen\/hungersnot-in-partnerstadt\/#breadcrumb\",\"itemListElement\":[{\"@type\":\"ListItem\",\"position\":1,\"name\":\"Startseite\",\"item\":\"https:\/\/gruene-wuppertal.de\/fraktion\/\"},{\"@type\":\"ListItem\",\"position\":2,\"name\":\"Hungersnot in Partnerstadt:\"}]},{\"@type\":\"WebSite\",\"@id\":\"https:\/\/gruene-wuppertal.de\/fraktion\/#website\",\"url\":\"https:\/\/gruene-wuppertal.de\/fraktion\/\",\"name\":\"Fraktion von B\u00fcndnis 90 \/ DIE GR\u00dcNEN im Rat der Stadt Wuppertal\",\"description\":\"\",\"potentialAction\":[{\"@type\":\"SearchAction\",\"target\":{\"@type\":\"EntryPoint\",\"urlTemplate\":\"https:\/\/gruene-wuppertal.de\/fraktion\/?s={search_term_string}\"},\"query-input\":\"required name=search_term_string\"}],\"inLanguage\":\"de-DE\"}]}<\/script>\n<!-- \/ Yoast SEO plugin. -->","yoast_head_json":{"title":"Hungersnot in Partnerstadt: - Fraktion von B\u00fcndnis 90 \/ DIE GR\u00dcNEN im Rat der Stadt Wuppertal","robots":{"index":"index","follow":"follow","max-snippet":"max-snippet:-1","max-image-preview":"max-image-preview:large","max-video-preview":"max-video-preview:-1"},"canonical":"https:\/\/gruene-wuppertal.de\/fraktion\/pressemitteilungen\/hungersnot-in-partnerstadt\/","og_locale":"de_DE","og_type":"article","og_title":"Hungersnot in Partnerstadt: - Fraktion von B\u00fcndnis 90 \/ DIE GR\u00dcNEN im Rat der Stadt Wuppertal","og_description":"GR\u00dcNE rufen Wuppertaler und Wuppertalerinnen zum Kauf von Wuppertal Kaffee auf","og_url":"https:\/\/gruene-wuppertal.de\/fraktion\/pressemitteilungen\/hungersnot-in-partnerstadt\/","og_site_name":"Fraktion von B\u00fcndnis 90 \/ DIE GR\u00dcNEN im Rat der Stadt Wuppertal","twitter_card":"summary_large_image","twitter_misc":{"Gesch\u00e4tzte Lesezeit":"1 Minute"},"schema":{"@context":"https:\/\/schema.org","@graph":[{"@type":"WebPage","@id":"https:\/\/gruene-wuppertal.de\/fraktion\/pressemitteilungen\/hungersnot-in-partnerstadt\/","url":"https:\/\/gruene-wuppertal.de\/fraktion\/pressemitteilungen\/hungersnot-in-partnerstadt\/","name":"Hungersnot in Partnerstadt: - Fraktion von B\u00fcndnis 90 \/ DIE GR\u00dcNEN im Rat der Stadt Wuppertal","isPartOf":{"@id":"https:\/\/gruene-wuppertal.de\/fraktion\/#website"},"datePublished":"2002-09-09T00:00:00+00:00","dateModified":"2002-09-09T00:00:00+00:00","breadcrumb":{"@id":"https:\/\/gruene-wuppertal.de\/fraktion\/pressemitteilungen\/hungersnot-in-partnerstadt\/#breadcrumb"},"inLanguage":"de-DE","potentialAction":[{"@type":"ReadAction","target":["https:\/\/gruene-wuppertal.de\/fraktion\/pressemitteilungen\/hungersnot-in-partnerstadt\/"]}]},{"@type":"BreadcrumbList","@id":"https:\/\/gruene-wuppertal.de\/fraktion\/pressemitteilungen\/hungersnot-in-partnerstadt\/#breadcrumb","itemListElement":[{"@type":"ListItem","position":1,"name":"Startseite","item":"https:\/\/gruene-wuppertal.de\/fraktion\/"},{"@type":"ListItem","position":2,"name":"Hungersnot in Partnerstadt:"}]},{"@type":"WebSite","@id":"https:\/\/gruene-wuppertal.de\/fraktion\/#website","url":"https:\/\/gruene-wuppertal.de\/fraktion\/","name":"Fraktion von B\u00fcndnis 90 \/ DIE GR\u00dcNEN im Rat der Stadt Wuppertal","description":"","potentialAction":[{"@type":"SearchAction","target":{"@type":"EntryPoint","urlTemplate":"https:\/\/gruene-wuppertal.de\/fraktion\/?s={search_term_string}"},"query-input":"required name=search_term_string"}],"inLanguage":"de-DE"}]}},"post_mailing_queue_ids":[],"_links":{"self":[{"href":"https:\/\/gruene-wuppertal.de\/fraktion\/wp-json\/wp\/v2\/pressemitteilungen\/888"}],"collection":[{"href":"https:\/\/gruene-wuppertal.de\/fraktion\/wp-json\/wp\/v2\/pressemitteilungen"}],"about":[{"href":"https:\/\/gruene-wuppertal.de\/fraktion\/wp-json\/wp\/v2\/types\/pressemitteilungen"}],"author":[{"embeddable":true,"href":"https:\/\/gruene-wuppertal.de\/fraktion\/wp-json\/wp\/v2\/users\/1"}],"replies":[{"embeddable":true,"href":"https:\/\/gruene-wuppertal.de\/fraktion\/wp-json\/wp\/v2\/comments?post=888"}],"version-history":[{"count":0,"href":"https:\/\/gruene-wuppertal.de\/fraktion\/wp-json\/wp\/v2\/pressemitteilungen\/888\/revisions"}],"wp:attachment":[{"href":"https:\/\/gruene-wuppertal.de\/fraktion\/wp-json\/wp\/v2\/media?parent=888"}],"wp:term":[{"taxonomy":"themen","embeddable":true,"href":"https:\/\/gruene-wuppertal.de\/fraktion\/wp-json\/wp\/v2\/themen?post=888"}],"curies":[{"name":"wp","href":"https:\/\/api.w.org\/{rel}","templated":true}]}}