{"id":7939,"date":"2015-11-20T09:23:32","date_gmt":"2015-11-20T09:23:32","guid":{"rendered":"http:\/\/www.gruene-wuppertal.de\/fraktion\/?post_type=presse&amp;p=7939"},"modified":"2015-11-20T09:23:32","modified_gmt":"2015-11-20T09:23:32","slug":"grune-bund-und-land-beteiligen-sich-an-pina-bausch-zentrum","status":"publish","type":"pressemitteilungen","link":"https:\/\/gruene-wuppertal.de\/fraktion\/pressemitteilungen\/grune-bund-und-land-beteiligen-sich-an-pina-bausch-zentrum\/","title":{"rendered":"GR\u00dcNE: Bund und Land beteiligen sich an Pina-Bausch-Zentrum"},"content":{"rendered":"<p>Die Fraktion B\u00dcNDNIS 90\/DIE GR\u00dcNEN ist hoch erfreut dar\u00fcber, dass nach dem Bund auch das Land NRW eine Mitfinanzierung des Pina-Bausch-Zentrums beschlossen hat.<\/p>\n<p><b>Peter Vorsteher<\/b>, kulturpolitscher Sprecher und Mitglied im Pina-Bausch-Beirat:<\/p>\n<p>\u201eBund und Land haben die nationale Bedeutung eines Pina-Bausch-Zentrums erkannt und eine Beteiligung an der \u00a0Finanzierung beschlossen. Das ist ein Gl\u00fccksfall f\u00fcr Wuppertal und sein weltber\u00fchmtes Tanztheater.<\/p>\n<p>W\u00e4hrend die schwarz-rote Koalition in Berlin 28,2 Millionen Euro in den Bundeshaushalt einstellen will, wird das rot-gr\u00fcn regierte Land NRW nochmals die H\u00e4lfte dieser Summe verteilt auf die kommenden Jahre zur Verf\u00fcgung stellen. Bereits 2016 werden im Landeshaushalt 500.000 Euro f\u00fcr eine Machbarkeitsstudie f\u00fcr das Pina-Bausch-Zentrum bereitgestellt.<\/p>\n<p>Damit ist die Zukunft des Tanztheaters, des Pina-Bausch-Archivs und des ehemaligen Schauspielhauses gesichert.<\/p>\n<p>Jetzt muss der Rat der Stadt Wuppertal noch weitere 14 Mio. Euro beschlie\u00dfen, damit die Finanzierung insgesamt gesichert ist. Stadtdirektor Dr. Slawig hat bereits signalisiert, dass Wuppertal dies trotz der angespannten Haushaltslage verteilt \u00fcber die n\u00e4chsten Jahre stemmen kann.<\/p>\n<p>Wir fordern allerdings, dass auch zeitnah \u00fcber die anfallenden Betriebskosten nach Er\u00f6ffnung des Pina-Bausch-Zentrums verhandelt wird, denn es kann nicht sein, dass aus dem schon stark eingeschr\u00e4nkten Kulturetat Mittel umgeschichtet werden. Hier sind Bund und Land ebenso gefordert, ihren Beitrag zu leisten.\u201c<\/p>\n","protected":false},"excerpt":{"rendered":"<p>Die Fraktion B\u00dcNDNIS 90\/DIE GR\u00dcNEN ist hoch erfreut dar\u00fcber, dass nach dem Bund auch das Land NRW eine Mitfinanzierung des Pina-Bausch-Zentrums beschlossen hat. Peter Vorsteher, kulturpolitscher Sprecher und Mitglied im Pina-Bausch-Beirat: \u201eBund und Land haben die nationale Bedeutung eines Pina-Bausch-Zentrums erkannt und eine Beteiligung an&#8230;<\/p>\n","protected":false},"author":6,"featured_media":0,"menu_order":0,"comment_status":"closed","ping_status":"closed","template":"","meta":{"_wp_rev_ctl_limit":""},"themen":[10,11],"yoast_head":"<!-- This site is optimized with the Yoast SEO plugin v21.8 - https:\/\/yoast.com\/wordpress\/plugins\/seo\/ -->\n<title>GR\u00dcNE: Bund und Land beteiligen sich an Pina-Bausch-Zentrum - Fraktion von B\u00fcndnis 90 \/ DIE GR\u00dcNEN im Rat der Stadt Wuppertal<\/title>\n<meta name=\"robots\" content=\"index, follow, max-snippet:-1, max-image-preview:large, max-video-preview:-1\" \/>\n<link rel=\"canonical\" href=\"https:\/\/gruene-wuppertal.de\/fraktion\/pressemitteilungen\/grune-bund-und-land-beteiligen-sich-an-pina-bausch-zentrum\/\" \/>\n<meta property=\"og:locale\" content=\"de_DE\" \/>\n<meta property=\"og:type\" content=\"article\" \/>\n<meta property=\"og:title\" content=\"GR\u00dcNE: Bund und Land beteiligen sich an Pina-Bausch-Zentrum - Fraktion von B\u00fcndnis 90 \/ DIE GR\u00dcNEN im Rat der Stadt Wuppertal\" \/>\n<meta property=\"og:description\" content=\"Die Fraktion B\u00dcNDNIS 90\/DIE GR\u00dcNEN ist hoch erfreut dar\u00fcber, dass nach dem Bund auch das Land NRW eine Mitfinanzierung des Pina-Bausch-Zentrums beschlossen hat. Peter Vorsteher, kulturpolitscher Sprecher und Mitglied im Pina-Bausch-Beirat: \u201eBund und Land haben die nationale Bedeutung eines Pina-Bausch-Zentrums erkannt und eine Beteiligung an...\" \/>\n<meta property=\"og:url\" content=\"https:\/\/gruene-wuppertal.de\/fraktion\/pressemitteilungen\/grune-bund-und-land-beteiligen-sich-an-pina-bausch-zentrum\/\" \/>\n<meta property=\"og:site_name\" content=\"Fraktion von B\u00fcndnis 90 \/ DIE GR\u00dcNEN im Rat der Stadt Wuppertal\" \/>\n<meta name=\"twitter:card\" content=\"summary_large_image\" \/>\n<meta name=\"twitter:label1\" content=\"Gesch\u00e4tzte Lesezeit\" \/>\n\t<meta name=\"twitter:data1\" content=\"1 Minute\" \/>\n<script type=\"application\/ld+json\" class=\"yoast-schema-graph\">{\"@context\":\"https:\/\/schema.org\",\"@graph\":[{\"@type\":\"WebPage\",\"@id\":\"https:\/\/gruene-wuppertal.de\/fraktion\/pressemitteilungen\/grune-bund-und-land-beteiligen-sich-an-pina-bausch-zentrum\/\",\"url\":\"https:\/\/gruene-wuppertal.de\/fraktion\/pressemitteilungen\/grune-bund-und-land-beteiligen-sich-an-pina-bausch-zentrum\/\",\"name\":\"GR\u00dcNE: Bund und Land beteiligen sich an Pina-Bausch-Zentrum - Fraktion von B\u00fcndnis 90 \/ DIE GR\u00dcNEN im Rat der Stadt Wuppertal\",\"isPartOf\":{\"@id\":\"https:\/\/gruene-wuppertal.de\/fraktion\/#website\"},\"datePublished\":\"2015-11-20T09:23:32+00:00\",\"dateModified\":\"2015-11-20T09:23:32+00:00\",\"breadcrumb\":{\"@id\":\"https:\/\/gruene-wuppertal.de\/fraktion\/pressemitteilungen\/grune-bund-und-land-beteiligen-sich-an-pina-bausch-zentrum\/#breadcrumb\"},\"inLanguage\":\"de-DE\",\"potentialAction\":[{\"@type\":\"ReadAction\",\"target\":[\"https:\/\/gruene-wuppertal.de\/fraktion\/pressemitteilungen\/grune-bund-und-land-beteiligen-sich-an-pina-bausch-zentrum\/\"]}]},{\"@type\":\"BreadcrumbList\",\"@id\":\"https:\/\/gruene-wuppertal.de\/fraktion\/pressemitteilungen\/grune-bund-und-land-beteiligen-sich-an-pina-bausch-zentrum\/#breadcrumb\",\"itemListElement\":[{\"@type\":\"ListItem\",\"position\":1,\"name\":\"Startseite\",\"item\":\"https:\/\/gruene-wuppertal.de\/fraktion\/\"},{\"@type\":\"ListItem\",\"position\":2,\"name\":\"GR\u00dcNE: Bund und Land beteiligen sich an Pina-Bausch-Zentrum\"}]},{\"@type\":\"WebSite\",\"@id\":\"https:\/\/gruene-wuppertal.de\/fraktion\/#website\",\"url\":\"https:\/\/gruene-wuppertal.de\/fraktion\/\",\"name\":\"Fraktion von B\u00fcndnis 90 \/ DIE GR\u00dcNEN im Rat der Stadt Wuppertal\",\"description\":\"\",\"potentialAction\":[{\"@type\":\"SearchAction\",\"target\":{\"@type\":\"EntryPoint\",\"urlTemplate\":\"https:\/\/gruene-wuppertal.de\/fraktion\/?s={search_term_string}\"},\"query-input\":\"required name=search_term_string\"}],\"inLanguage\":\"de-DE\"}]}<\/script>\n<!-- \/ Yoast SEO plugin. -->","yoast_head_json":{"title":"GR\u00dcNE: Bund und Land beteiligen sich an Pina-Bausch-Zentrum - Fraktion von B\u00fcndnis 90 \/ DIE GR\u00dcNEN im Rat der Stadt Wuppertal","robots":{"index":"index","follow":"follow","max-snippet":"max-snippet:-1","max-image-preview":"max-image-preview:large","max-video-preview":"max-video-preview:-1"},"canonical":"https:\/\/gruene-wuppertal.de\/fraktion\/pressemitteilungen\/grune-bund-und-land-beteiligen-sich-an-pina-bausch-zentrum\/","og_locale":"de_DE","og_type":"article","og_title":"GR\u00dcNE: Bund und Land beteiligen sich an Pina-Bausch-Zentrum - Fraktion von B\u00fcndnis 90 \/ DIE GR\u00dcNEN im Rat der Stadt Wuppertal","og_description":"Die Fraktion B\u00dcNDNIS 90\/DIE GR\u00dcNEN ist hoch erfreut dar\u00fcber, dass nach dem Bund auch das Land NRW eine Mitfinanzierung des Pina-Bausch-Zentrums beschlossen hat. Peter Vorsteher, kulturpolitscher Sprecher und Mitglied im Pina-Bausch-Beirat: \u201eBund und Land haben die nationale Bedeutung eines Pina-Bausch-Zentrums erkannt und eine Beteiligung an...","og_url":"https:\/\/gruene-wuppertal.de\/fraktion\/pressemitteilungen\/grune-bund-und-land-beteiligen-sich-an-pina-bausch-zentrum\/","og_site_name":"Fraktion von B\u00fcndnis 90 \/ DIE GR\u00dcNEN im Rat der Stadt Wuppertal","twitter_card":"summary_large_image","twitter_misc":{"Gesch\u00e4tzte Lesezeit":"1 Minute"},"schema":{"@context":"https:\/\/schema.org","@graph":[{"@type":"WebPage","@id":"https:\/\/gruene-wuppertal.de\/fraktion\/pressemitteilungen\/grune-bund-und-land-beteiligen-sich-an-pina-bausch-zentrum\/","url":"https:\/\/gruene-wuppertal.de\/fraktion\/pressemitteilungen\/grune-bund-und-land-beteiligen-sich-an-pina-bausch-zentrum\/","name":"GR\u00dcNE: Bund und Land beteiligen sich an Pina-Bausch-Zentrum - Fraktion von B\u00fcndnis 90 \/ DIE GR\u00dcNEN im Rat der Stadt Wuppertal","isPartOf":{"@id":"https:\/\/gruene-wuppertal.de\/fraktion\/#website"},"datePublished":"2015-11-20T09:23:32+00:00","dateModified":"2015-11-20T09:23:32+00:00","breadcrumb":{"@id":"https:\/\/gruene-wuppertal.de\/fraktion\/pressemitteilungen\/grune-bund-und-land-beteiligen-sich-an-pina-bausch-zentrum\/#breadcrumb"},"inLanguage":"de-DE","potentialAction":[{"@type":"ReadAction","target":["https:\/\/gruene-wuppertal.de\/fraktion\/pressemitteilungen\/grune-bund-und-land-beteiligen-sich-an-pina-bausch-zentrum\/"]}]},{"@type":"BreadcrumbList","@id":"https:\/\/gruene-wuppertal.de\/fraktion\/pressemitteilungen\/grune-bund-und-land-beteiligen-sich-an-pina-bausch-zentrum\/#breadcrumb","itemListElement":[{"@type":"ListItem","position":1,"name":"Startseite","item":"https:\/\/gruene-wuppertal.de\/fraktion\/"},{"@type":"ListItem","position":2,"name":"GR\u00dcNE: Bund und Land beteiligen sich an Pina-Bausch-Zentrum"}]},{"@type":"WebSite","@id":"https:\/\/gruene-wuppertal.de\/fraktion\/#website","url":"https:\/\/gruene-wuppertal.de\/fraktion\/","name":"Fraktion von B\u00fcndnis 90 \/ DIE GR\u00dcNEN im Rat der Stadt Wuppertal","description":"","potentialAction":[{"@type":"SearchAction","target":{"@type":"EntryPoint","urlTemplate":"https:\/\/gruene-wuppertal.de\/fraktion\/?s={search_term_string}"},"query-input":"required name=search_term_string"}],"inLanguage":"de-DE"}]}},"post_mailing_queue_ids":[],"_links":{"self":[{"href":"https:\/\/gruene-wuppertal.de\/fraktion\/wp-json\/wp\/v2\/pressemitteilungen\/7939"}],"collection":[{"href":"https:\/\/gruene-wuppertal.de\/fraktion\/wp-json\/wp\/v2\/pressemitteilungen"}],"about":[{"href":"https:\/\/gruene-wuppertal.de\/fraktion\/wp-json\/wp\/v2\/types\/pressemitteilungen"}],"author":[{"embeddable":true,"href":"https:\/\/gruene-wuppertal.de\/fraktion\/wp-json\/wp\/v2\/users\/6"}],"replies":[{"embeddable":true,"href":"https:\/\/gruene-wuppertal.de\/fraktion\/wp-json\/wp\/v2\/comments?post=7939"}],"version-history":[{"count":0,"href":"https:\/\/gruene-wuppertal.de\/fraktion\/wp-json\/wp\/v2\/pressemitteilungen\/7939\/revisions"}],"wp:attachment":[{"href":"https:\/\/gruene-wuppertal.de\/fraktion\/wp-json\/wp\/v2\/media?parent=7939"}],"wp:term":[{"taxonomy":"themen","embeddable":true,"href":"https:\/\/gruene-wuppertal.de\/fraktion\/wp-json\/wp\/v2\/themen?post=7939"}],"curies":[{"name":"wp","href":"https:\/\/api.w.org\/{rel}","templated":true}]}}