{"id":7583,"date":"2015-08-26T14:07:18","date_gmt":"2015-08-26T14:07:18","guid":{"rendered":"http:\/\/www.gruene-wuppertal.de\/fraktion\/?post_type=presse&amp;p=7583"},"modified":"2015-08-26T14:07:18","modified_gmt":"2015-08-26T14:07:18","slug":"grune-zu-wenige-gesamtschulplatze-im-wuppertaler-osten","status":"publish","type":"pressemitteilungen","link":"https:\/\/gruene-wuppertal.de\/fraktion\/pressemitteilungen\/grune-zu-wenige-gesamtschulplatze-im-wuppertaler-osten\/","title":{"rendered":"GR\u00dcNE: Zu wenige Gesamtschulpl\u00e4tze im Wuppertaler Osten"},"content":{"rendered":"<p>Zum Entwurf des Schulentwicklungsplanes f\u00fcr weiterf\u00fchrende Schulen, der heute in den Schulausschuss eingebracht wird, erkl\u00e4rt <strong>Marc Schulz<\/strong>, Fraktionsvorsitzender und GR\u00dcNER OB-Kandidat:<br \/>\n\u201eDie Stadt Wuppertal bleibt sich bei der Erstellung von Schulentwicklungspl\u00e4nen treu: wie schon beim zur\u00fcckliegenden Plan f\u00fcr den Zeitraum 2007 bis 2013 werden auch in diesem Papier keinerlei Schl\u00fcsse aus der immer noch hohen Zahl an abgewiesenen Kindern an den Gesamtschulen gezogen.<\/p>\n<p>Erst im Nachgang wurde damals die sechste Gesamtschule ins Spiel gebracht. Heute sieht es nicht so aus, als gebe es irgendwelche L\u00f6sungsans\u00e4tze, um den Elternwillen angemessen zu ber\u00fccksichtigen. Zwar finde auch ich, dass die Gr\u00fcndung einer siebten Gesamtschule momentan verfr\u00fcht w\u00e4re, da zun\u00e4chst die Entwicklung der bestehenden Schulen abgewartet werden sollte. Aber der gro\u00dfe Nachfrage\u00fcberhang im Osten der Stadt bedarf aus meiner Sicht dringend einer Reaktion. Denkbar w\u00e4re zum Beispiel, den Vorschlag der Schulaufsicht aus dem Jahr 2012 aufzugreifen und auf die Oberstufen-Dependance der Gesamtschule Uellendahl-Katernberg, die f\u00fcnf Kilometer vom Standort Kruppstra\u00dfe liegen soll, zu verzichten. So k\u00f6nnte die sechste Gesamtschule an einem Standort verbleiben, wenn man auf die geplante Sechsz\u00fcgigkeit verzichtet. Um die Schule speziell mit Blick auf ihre kommende Oberstufe zu unterst\u00fctzen, w\u00e4ren hierzu nat\u00fcrlich zu Beginn Lenkungsma\u00dfnahmen n\u00f6tig. Im Gegenzug k\u00f6nnten im Wuppertaler Osten zwei neue Z\u00fcge, z. B. mit einer Dependance-L\u00f6sung an einer bestehenden Gesamtschule, errichtet werden. Damit w\u00e4re gew\u00e4hrleistet, dass eine Erh\u00f6hung des Angebotes genau dort entsteht, wo auch die Nachfrage entsprechend hoch ist.\u201c<\/p>\n<p><strong>Zum Hintergrund:<br \/>\n<\/strong>W\u00e4hrend an den drei Gesamtschule im Westen (Vohwinkel, Elberfeld, Uellendahl-Katernberg) das Platzangebot (389 Aufnahmen) den Bedarf (421 Anmeldungen) ann\u00e4hernd deckt, werden im Osten (Langerfeld, Ronsdorf, Barmen), \u00fcber 300 Kinder an der Schulform ihrer Wahl abgewiesen.<\/p>\n","protected":false},"excerpt":{"rendered":"<p>Zum Entwurf des Schulentwicklungsplanes f\u00fcr weiterf\u00fchrende Schulen, der heute in den Schulausschuss eingebracht wird, erkl\u00e4rt Marc Schulz, Fraktionsvorsitzender und GR\u00dcNER OB-Kandidat: \u201eDie Stadt Wuppertal bleibt sich bei der Erstellung von Schulentwicklungspl\u00e4nen treu: wie schon beim zur\u00fcckliegenden Plan f\u00fcr den Zeitraum 2007 bis 2013 werden auch&#8230;<\/p>\n","protected":false},"author":20,"featured_media":0,"menu_order":0,"comment_status":"closed","ping_status":"closed","template":"","meta":{"_wp_rev_ctl_limit":""},"themen":[15,35,56,95,39,58],"yoast_head":"<!-- This site is optimized with the Yoast SEO plugin v21.8 - https:\/\/yoast.com\/wordpress\/plugins\/seo\/ -->\n<title>GR\u00dcNE: Zu wenige Gesamtschulpl\u00e4tze im Wuppertaler Osten - Fraktion von B\u00fcndnis 90 \/ DIE GR\u00dcNEN im Rat der Stadt Wuppertal<\/title>\n<meta name=\"robots\" content=\"index, follow, max-snippet:-1, max-image-preview:large, max-video-preview:-1\" \/>\n<link rel=\"canonical\" href=\"https:\/\/gruene-wuppertal.de\/fraktion\/pressemitteilungen\/grune-zu-wenige-gesamtschulplatze-im-wuppertaler-osten\/\" \/>\n<meta property=\"og:locale\" content=\"de_DE\" \/>\n<meta property=\"og:type\" content=\"article\" \/>\n<meta property=\"og:title\" content=\"GR\u00dcNE: Zu wenige Gesamtschulpl\u00e4tze im Wuppertaler Osten - Fraktion von B\u00fcndnis 90 \/ DIE GR\u00dcNEN im Rat der Stadt Wuppertal\" \/>\n<meta property=\"og:description\" content=\"Zum Entwurf des Schulentwicklungsplanes f\u00fcr weiterf\u00fchrende Schulen, der heute in den Schulausschuss eingebracht wird, erkl\u00e4rt Marc Schulz, Fraktionsvorsitzender und GR\u00dcNER OB-Kandidat: \u201eDie Stadt Wuppertal bleibt sich bei der Erstellung von Schulentwicklungspl\u00e4nen treu: wie schon beim zur\u00fcckliegenden Plan f\u00fcr den Zeitraum 2007 bis 2013 werden auch...\" \/>\n<meta property=\"og:url\" content=\"https:\/\/gruene-wuppertal.de\/fraktion\/pressemitteilungen\/grune-zu-wenige-gesamtschulplatze-im-wuppertaler-osten\/\" \/>\n<meta property=\"og:site_name\" content=\"Fraktion von B\u00fcndnis 90 \/ DIE GR\u00dcNEN im Rat der Stadt Wuppertal\" \/>\n<meta name=\"twitter:card\" content=\"summary_large_image\" \/>\n<meta name=\"twitter:label1\" content=\"Gesch\u00e4tzte Lesezeit\" \/>\n\t<meta name=\"twitter:data1\" content=\"1 Minute\" \/>\n<script type=\"application\/ld+json\" class=\"yoast-schema-graph\">{\"@context\":\"https:\/\/schema.org\",\"@graph\":[{\"@type\":\"WebPage\",\"@id\":\"https:\/\/gruene-wuppertal.de\/fraktion\/pressemitteilungen\/grune-zu-wenige-gesamtschulplatze-im-wuppertaler-osten\/\",\"url\":\"https:\/\/gruene-wuppertal.de\/fraktion\/pressemitteilungen\/grune-zu-wenige-gesamtschulplatze-im-wuppertaler-osten\/\",\"name\":\"GR\u00dcNE: Zu wenige Gesamtschulpl\u00e4tze im Wuppertaler Osten - Fraktion von B\u00fcndnis 90 \/ DIE GR\u00dcNEN im Rat der Stadt Wuppertal\",\"isPartOf\":{\"@id\":\"https:\/\/gruene-wuppertal.de\/fraktion\/#website\"},\"datePublished\":\"2015-08-26T14:07:18+00:00\",\"dateModified\":\"2015-08-26T14:07:18+00:00\",\"breadcrumb\":{\"@id\":\"https:\/\/gruene-wuppertal.de\/fraktion\/pressemitteilungen\/grune-zu-wenige-gesamtschulplatze-im-wuppertaler-osten\/#breadcrumb\"},\"inLanguage\":\"de-DE\",\"potentialAction\":[{\"@type\":\"ReadAction\",\"target\":[\"https:\/\/gruene-wuppertal.de\/fraktion\/pressemitteilungen\/grune-zu-wenige-gesamtschulplatze-im-wuppertaler-osten\/\"]}]},{\"@type\":\"BreadcrumbList\",\"@id\":\"https:\/\/gruene-wuppertal.de\/fraktion\/pressemitteilungen\/grune-zu-wenige-gesamtschulplatze-im-wuppertaler-osten\/#breadcrumb\",\"itemListElement\":[{\"@type\":\"ListItem\",\"position\":1,\"name\":\"Startseite\",\"item\":\"https:\/\/gruene-wuppertal.de\/fraktion\/\"},{\"@type\":\"ListItem\",\"position\":2,\"name\":\"GR\u00dcNE: Zu wenige Gesamtschulpl\u00e4tze im Wuppertaler Osten\"}]},{\"@type\":\"WebSite\",\"@id\":\"https:\/\/gruene-wuppertal.de\/fraktion\/#website\",\"url\":\"https:\/\/gruene-wuppertal.de\/fraktion\/\",\"name\":\"Fraktion von B\u00fcndnis 90 \/ DIE GR\u00dcNEN im Rat der Stadt Wuppertal\",\"description\":\"\",\"potentialAction\":[{\"@type\":\"SearchAction\",\"target\":{\"@type\":\"EntryPoint\",\"urlTemplate\":\"https:\/\/gruene-wuppertal.de\/fraktion\/?s={search_term_string}\"},\"query-input\":\"required name=search_term_string\"}],\"inLanguage\":\"de-DE\"}]}<\/script>\n<!-- \/ Yoast SEO plugin. -->","yoast_head_json":{"title":"GR\u00dcNE: Zu wenige Gesamtschulpl\u00e4tze im Wuppertaler Osten - Fraktion von B\u00fcndnis 90 \/ DIE GR\u00dcNEN im Rat der Stadt Wuppertal","robots":{"index":"index","follow":"follow","max-snippet":"max-snippet:-1","max-image-preview":"max-image-preview:large","max-video-preview":"max-video-preview:-1"},"canonical":"https:\/\/gruene-wuppertal.de\/fraktion\/pressemitteilungen\/grune-zu-wenige-gesamtschulplatze-im-wuppertaler-osten\/","og_locale":"de_DE","og_type":"article","og_title":"GR\u00dcNE: Zu wenige Gesamtschulpl\u00e4tze im Wuppertaler Osten - Fraktion von B\u00fcndnis 90 \/ DIE GR\u00dcNEN im Rat der Stadt Wuppertal","og_description":"Zum Entwurf des Schulentwicklungsplanes f\u00fcr weiterf\u00fchrende Schulen, der heute in den Schulausschuss eingebracht wird, erkl\u00e4rt Marc Schulz, Fraktionsvorsitzender und GR\u00dcNER OB-Kandidat: \u201eDie Stadt Wuppertal bleibt sich bei der Erstellung von Schulentwicklungspl\u00e4nen treu: wie schon beim zur\u00fcckliegenden Plan f\u00fcr den Zeitraum 2007 bis 2013 werden auch...","og_url":"https:\/\/gruene-wuppertal.de\/fraktion\/pressemitteilungen\/grune-zu-wenige-gesamtschulplatze-im-wuppertaler-osten\/","og_site_name":"Fraktion von B\u00fcndnis 90 \/ DIE GR\u00dcNEN im Rat der Stadt Wuppertal","twitter_card":"summary_large_image","twitter_misc":{"Gesch\u00e4tzte Lesezeit":"1 Minute"},"schema":{"@context":"https:\/\/schema.org","@graph":[{"@type":"WebPage","@id":"https:\/\/gruene-wuppertal.de\/fraktion\/pressemitteilungen\/grune-zu-wenige-gesamtschulplatze-im-wuppertaler-osten\/","url":"https:\/\/gruene-wuppertal.de\/fraktion\/pressemitteilungen\/grune-zu-wenige-gesamtschulplatze-im-wuppertaler-osten\/","name":"GR\u00dcNE: Zu wenige Gesamtschulpl\u00e4tze im Wuppertaler Osten - Fraktion von B\u00fcndnis 90 \/ DIE GR\u00dcNEN im Rat der Stadt Wuppertal","isPartOf":{"@id":"https:\/\/gruene-wuppertal.de\/fraktion\/#website"},"datePublished":"2015-08-26T14:07:18+00:00","dateModified":"2015-08-26T14:07:18+00:00","breadcrumb":{"@id":"https:\/\/gruene-wuppertal.de\/fraktion\/pressemitteilungen\/grune-zu-wenige-gesamtschulplatze-im-wuppertaler-osten\/#breadcrumb"},"inLanguage":"de-DE","potentialAction":[{"@type":"ReadAction","target":["https:\/\/gruene-wuppertal.de\/fraktion\/pressemitteilungen\/grune-zu-wenige-gesamtschulplatze-im-wuppertaler-osten\/"]}]},{"@type":"BreadcrumbList","@id":"https:\/\/gruene-wuppertal.de\/fraktion\/pressemitteilungen\/grune-zu-wenige-gesamtschulplatze-im-wuppertaler-osten\/#breadcrumb","itemListElement":[{"@type":"ListItem","position":1,"name":"Startseite","item":"https:\/\/gruene-wuppertal.de\/fraktion\/"},{"@type":"ListItem","position":2,"name":"GR\u00dcNE: Zu wenige Gesamtschulpl\u00e4tze im Wuppertaler Osten"}]},{"@type":"WebSite","@id":"https:\/\/gruene-wuppertal.de\/fraktion\/#website","url":"https:\/\/gruene-wuppertal.de\/fraktion\/","name":"Fraktion von B\u00fcndnis 90 \/ DIE GR\u00dcNEN im Rat der Stadt Wuppertal","description":"","potentialAction":[{"@type":"SearchAction","target":{"@type":"EntryPoint","urlTemplate":"https:\/\/gruene-wuppertal.de\/fraktion\/?s={search_term_string}"},"query-input":"required name=search_term_string"}],"inLanguage":"de-DE"}]}},"post_mailing_queue_ids":[],"_links":{"self":[{"href":"https:\/\/gruene-wuppertal.de\/fraktion\/wp-json\/wp\/v2\/pressemitteilungen\/7583"}],"collection":[{"href":"https:\/\/gruene-wuppertal.de\/fraktion\/wp-json\/wp\/v2\/pressemitteilungen"}],"about":[{"href":"https:\/\/gruene-wuppertal.de\/fraktion\/wp-json\/wp\/v2\/types\/pressemitteilungen"}],"author":[{"embeddable":true,"href":"https:\/\/gruene-wuppertal.de\/fraktion\/wp-json\/wp\/v2\/users\/20"}],"replies":[{"embeddable":true,"href":"https:\/\/gruene-wuppertal.de\/fraktion\/wp-json\/wp\/v2\/comments?post=7583"}],"version-history":[{"count":0,"href":"https:\/\/gruene-wuppertal.de\/fraktion\/wp-json\/wp\/v2\/pressemitteilungen\/7583\/revisions"}],"wp:attachment":[{"href":"https:\/\/gruene-wuppertal.de\/fraktion\/wp-json\/wp\/v2\/media?parent=7583"}],"wp:term":[{"taxonomy":"themen","embeddable":true,"href":"https:\/\/gruene-wuppertal.de\/fraktion\/wp-json\/wp\/v2\/themen?post=7583"}],"curies":[{"name":"wp","href":"https:\/\/api.w.org\/{rel}","templated":true}]}}