{"id":7147,"date":"2015-06-03T14:49:36","date_gmt":"2015-06-03T14:49:36","guid":{"rendered":"http:\/\/www.gruene-wuppertal.de\/fraktion\/?post_type=presse&amp;p=7147"},"modified":"2015-06-03T14:49:36","modified_gmt":"2015-06-03T14:49:36","slug":"solidaritat-mit-streikenden-wer-a-sagt-muss-auch-b-sagen","status":"publish","type":"pressemitteilungen","link":"https:\/\/gruene-wuppertal.de\/fraktion\/pressemitteilungen\/solidaritat-mit-streikenden-wer-a-sagt-muss-auch-b-sagen\/","title":{"rendered":"Solidarit\u00e4t mit Streikenden: Wer A sagt, muss auch B sagen"},"content":{"rendered":"<p><b><\/b>GR\u00dcNE und LINKE haben heute eine Resolution zum Streik der Besch\u00e4ftigten in den Sozial- und Erziehungsdiensten zum \u00a0Ausschuss f\u00fcr Soziales, Familie und Gesundheit und zum Rat. Ziel der Resolution ist es, daf\u00fcr zu sorgen, dass die Auseinandersetzungen zwischen den Kommunen und den Erzieher*innen und Sozialarbeiter*innen endlich ein Ende bereitet werden soll, in dem die Kommunen aufgefordert werden, ein angemessenes Angebot vorzulegen, das den Forderungen der Angestellten endlich Rechnung tr\u00e4gt.<\/p>\n<p><b>Marc Schulz<\/b>, Fraktionsvorsitzender der GR\u00dcNEN:<br \/>\n\u201eObwohl Andreas Mucke gestern als OB-Kandidat \u00f6ffentlich und deutlich Amtsinhaber Jung kritisierte und ihn zum Handeln aufgefordert hat, konnte sich die SPD-Fraktion heute im Sozialausschuss unserem Antrag, der genau das fordert, nicht anschlie\u00dfen, sie hat sich sogar geweigert, ihn auf die Tagesordnung zu nehmen. Offenbar haben die Worte des Kandidaten nicht viel Einfluss auf die Fraktionsmitglieder, die damit eher die Haltung des Amtsinhabers st\u00fctzen. Glaubw\u00fcrdig ist das nicht. Aber wir bleiben optimistisch: vielleicht reicht der SPD die Zeit bis zur Ratssitzung am 22.06., um unserem Antrag zuzustimmen.\u201c<\/p>\n<p><b>Gerd-Peter Zielezinski<\/b>, Fraktionsvorsitzender der LINKEN:<br \/>\n\u201eDer amtierende Oberb\u00fcrgermeister Jung hat sich bislang gegen die Interessen seiner streikenden Mitarbeiter*innen gestellt. In einem Beitrag in der Lokalzeit bat er die Eltern, sich mit Kritik nicht an ihn, sondern an die Streikenden zu wenden. Wir wollen stattdessen, dass er sich auf Arbeitgeberseite f\u00fcr eine Verbesserung der Erzieher*innen und Sozialarbeiter*innen stark macht.\u201c<\/p>\n<p>&nbsp;<\/p>\n<p><a href=\"https:\/\/www.gruene-wuppertal.de\/fraktion\/antraege\/resolution-streik-der-beschaftigten-in-den-sozial-und-erziehungsdiensten\/\">Den Antrag finden Sie hier.<\/a><\/p>\n","protected":false},"excerpt":{"rendered":"<p>GR\u00dcNE und LINKE haben heute eine Resolution zum Streik der Besch\u00e4ftigten in den Sozial- und Erziehungsdiensten zum \u00a0Ausschuss f\u00fcr Soziales, Familie und Gesundheit und zum Rat. Ziel der Resolution ist es, daf\u00fcr zu sorgen, dass die Auseinandersetzungen zwischen den Kommunen und den Erzieher*innen und Sozialarbeiter*innen&#8230;<\/p>\n","protected":false},"author":20,"featured_media":0,"menu_order":0,"comment_status":"closed","ping_status":"closed","template":"","meta":{"_wp_rev_ctl_limit":""},"themen":[56,36],"yoast_head":"<!-- This site is optimized with the Yoast SEO plugin v21.8 - https:\/\/yoast.com\/wordpress\/plugins\/seo\/ -->\n<title>Solidarit\u00e4t mit Streikenden: Wer A sagt, muss auch B sagen - Fraktion von B\u00fcndnis 90 \/ DIE GR\u00dcNEN im Rat der Stadt Wuppertal<\/title>\n<meta name=\"robots\" content=\"index, follow, max-snippet:-1, max-image-preview:large, max-video-preview:-1\" \/>\n<link rel=\"canonical\" href=\"https:\/\/gruene-wuppertal.de\/fraktion\/pressemitteilungen\/solidaritat-mit-streikenden-wer-a-sagt-muss-auch-b-sagen\/\" \/>\n<meta property=\"og:locale\" content=\"de_DE\" \/>\n<meta property=\"og:type\" content=\"article\" \/>\n<meta property=\"og:title\" content=\"Solidarit\u00e4t mit Streikenden: Wer A sagt, muss auch B sagen - Fraktion von B\u00fcndnis 90 \/ DIE GR\u00dcNEN im Rat der Stadt Wuppertal\" \/>\n<meta property=\"og:description\" content=\"GR\u00dcNE und LINKE haben heute eine Resolution zum Streik der Besch\u00e4ftigten in den Sozial- und Erziehungsdiensten zum \u00a0Ausschuss f\u00fcr Soziales, Familie und Gesundheit und zum Rat. Ziel der Resolution ist es, daf\u00fcr zu sorgen, dass die Auseinandersetzungen zwischen den Kommunen und den Erzieher*innen und Sozialarbeiter*innen...\" \/>\n<meta property=\"og:url\" content=\"https:\/\/gruene-wuppertal.de\/fraktion\/pressemitteilungen\/solidaritat-mit-streikenden-wer-a-sagt-muss-auch-b-sagen\/\" \/>\n<meta property=\"og:site_name\" content=\"Fraktion von B\u00fcndnis 90 \/ DIE GR\u00dcNEN im Rat der Stadt Wuppertal\" \/>\n<meta name=\"twitter:card\" content=\"summary_large_image\" \/>\n<meta name=\"twitter:label1\" content=\"Gesch\u00e4tzte Lesezeit\" \/>\n\t<meta name=\"twitter:data1\" content=\"1 Minute\" \/>\n<script type=\"application\/ld+json\" class=\"yoast-schema-graph\">{\"@context\":\"https:\/\/schema.org\",\"@graph\":[{\"@type\":\"WebPage\",\"@id\":\"https:\/\/gruene-wuppertal.de\/fraktion\/pressemitteilungen\/solidaritat-mit-streikenden-wer-a-sagt-muss-auch-b-sagen\/\",\"url\":\"https:\/\/gruene-wuppertal.de\/fraktion\/pressemitteilungen\/solidaritat-mit-streikenden-wer-a-sagt-muss-auch-b-sagen\/\",\"name\":\"Solidarit\u00e4t mit Streikenden: Wer A sagt, muss auch B sagen - Fraktion von B\u00fcndnis 90 \/ DIE GR\u00dcNEN im Rat der Stadt Wuppertal\",\"isPartOf\":{\"@id\":\"https:\/\/gruene-wuppertal.de\/fraktion\/#website\"},\"datePublished\":\"2015-06-03T14:49:36+00:00\",\"dateModified\":\"2015-06-03T14:49:36+00:00\",\"breadcrumb\":{\"@id\":\"https:\/\/gruene-wuppertal.de\/fraktion\/pressemitteilungen\/solidaritat-mit-streikenden-wer-a-sagt-muss-auch-b-sagen\/#breadcrumb\"},\"inLanguage\":\"de-DE\",\"potentialAction\":[{\"@type\":\"ReadAction\",\"target\":[\"https:\/\/gruene-wuppertal.de\/fraktion\/pressemitteilungen\/solidaritat-mit-streikenden-wer-a-sagt-muss-auch-b-sagen\/\"]}]},{\"@type\":\"BreadcrumbList\",\"@id\":\"https:\/\/gruene-wuppertal.de\/fraktion\/pressemitteilungen\/solidaritat-mit-streikenden-wer-a-sagt-muss-auch-b-sagen\/#breadcrumb\",\"itemListElement\":[{\"@type\":\"ListItem\",\"position\":1,\"name\":\"Startseite\",\"item\":\"https:\/\/gruene-wuppertal.de\/fraktion\/\"},{\"@type\":\"ListItem\",\"position\":2,\"name\":\"Solidarit\u00e4t mit Streikenden: Wer A sagt, muss auch B sagen\"}]},{\"@type\":\"WebSite\",\"@id\":\"https:\/\/gruene-wuppertal.de\/fraktion\/#website\",\"url\":\"https:\/\/gruene-wuppertal.de\/fraktion\/\",\"name\":\"Fraktion von B\u00fcndnis 90 \/ DIE GR\u00dcNEN im Rat der Stadt Wuppertal\",\"description\":\"\",\"potentialAction\":[{\"@type\":\"SearchAction\",\"target\":{\"@type\":\"EntryPoint\",\"urlTemplate\":\"https:\/\/gruene-wuppertal.de\/fraktion\/?s={search_term_string}\"},\"query-input\":\"required name=search_term_string\"}],\"inLanguage\":\"de-DE\"}]}<\/script>\n<!-- \/ Yoast SEO plugin. -->","yoast_head_json":{"title":"Solidarit\u00e4t mit Streikenden: Wer A sagt, muss auch B sagen - Fraktion von B\u00fcndnis 90 \/ DIE GR\u00dcNEN im Rat der Stadt Wuppertal","robots":{"index":"index","follow":"follow","max-snippet":"max-snippet:-1","max-image-preview":"max-image-preview:large","max-video-preview":"max-video-preview:-1"},"canonical":"https:\/\/gruene-wuppertal.de\/fraktion\/pressemitteilungen\/solidaritat-mit-streikenden-wer-a-sagt-muss-auch-b-sagen\/","og_locale":"de_DE","og_type":"article","og_title":"Solidarit\u00e4t mit Streikenden: Wer A sagt, muss auch B sagen - Fraktion von B\u00fcndnis 90 \/ DIE GR\u00dcNEN im Rat der Stadt Wuppertal","og_description":"GR\u00dcNE und LINKE haben heute eine Resolution zum Streik der Besch\u00e4ftigten in den Sozial- und Erziehungsdiensten zum \u00a0Ausschuss f\u00fcr Soziales, Familie und Gesundheit und zum Rat. Ziel der Resolution ist es, daf\u00fcr zu sorgen, dass die Auseinandersetzungen zwischen den Kommunen und den Erzieher*innen und Sozialarbeiter*innen...","og_url":"https:\/\/gruene-wuppertal.de\/fraktion\/pressemitteilungen\/solidaritat-mit-streikenden-wer-a-sagt-muss-auch-b-sagen\/","og_site_name":"Fraktion von B\u00fcndnis 90 \/ DIE GR\u00dcNEN im Rat der Stadt Wuppertal","twitter_card":"summary_large_image","twitter_misc":{"Gesch\u00e4tzte Lesezeit":"1 Minute"},"schema":{"@context":"https:\/\/schema.org","@graph":[{"@type":"WebPage","@id":"https:\/\/gruene-wuppertal.de\/fraktion\/pressemitteilungen\/solidaritat-mit-streikenden-wer-a-sagt-muss-auch-b-sagen\/","url":"https:\/\/gruene-wuppertal.de\/fraktion\/pressemitteilungen\/solidaritat-mit-streikenden-wer-a-sagt-muss-auch-b-sagen\/","name":"Solidarit\u00e4t mit Streikenden: Wer A sagt, muss auch B sagen - Fraktion von B\u00fcndnis 90 \/ DIE GR\u00dcNEN im Rat der Stadt Wuppertal","isPartOf":{"@id":"https:\/\/gruene-wuppertal.de\/fraktion\/#website"},"datePublished":"2015-06-03T14:49:36+00:00","dateModified":"2015-06-03T14:49:36+00:00","breadcrumb":{"@id":"https:\/\/gruene-wuppertal.de\/fraktion\/pressemitteilungen\/solidaritat-mit-streikenden-wer-a-sagt-muss-auch-b-sagen\/#breadcrumb"},"inLanguage":"de-DE","potentialAction":[{"@type":"ReadAction","target":["https:\/\/gruene-wuppertal.de\/fraktion\/pressemitteilungen\/solidaritat-mit-streikenden-wer-a-sagt-muss-auch-b-sagen\/"]}]},{"@type":"BreadcrumbList","@id":"https:\/\/gruene-wuppertal.de\/fraktion\/pressemitteilungen\/solidaritat-mit-streikenden-wer-a-sagt-muss-auch-b-sagen\/#breadcrumb","itemListElement":[{"@type":"ListItem","position":1,"name":"Startseite","item":"https:\/\/gruene-wuppertal.de\/fraktion\/"},{"@type":"ListItem","position":2,"name":"Solidarit\u00e4t mit Streikenden: Wer A sagt, muss auch B sagen"}]},{"@type":"WebSite","@id":"https:\/\/gruene-wuppertal.de\/fraktion\/#website","url":"https:\/\/gruene-wuppertal.de\/fraktion\/","name":"Fraktion von B\u00fcndnis 90 \/ DIE GR\u00dcNEN im Rat der Stadt Wuppertal","description":"","potentialAction":[{"@type":"SearchAction","target":{"@type":"EntryPoint","urlTemplate":"https:\/\/gruene-wuppertal.de\/fraktion\/?s={search_term_string}"},"query-input":"required name=search_term_string"}],"inLanguage":"de-DE"}]}},"post_mailing_queue_ids":[],"_links":{"self":[{"href":"https:\/\/gruene-wuppertal.de\/fraktion\/wp-json\/wp\/v2\/pressemitteilungen\/7147"}],"collection":[{"href":"https:\/\/gruene-wuppertal.de\/fraktion\/wp-json\/wp\/v2\/pressemitteilungen"}],"about":[{"href":"https:\/\/gruene-wuppertal.de\/fraktion\/wp-json\/wp\/v2\/types\/pressemitteilungen"}],"author":[{"embeddable":true,"href":"https:\/\/gruene-wuppertal.de\/fraktion\/wp-json\/wp\/v2\/users\/20"}],"replies":[{"embeddable":true,"href":"https:\/\/gruene-wuppertal.de\/fraktion\/wp-json\/wp\/v2\/comments?post=7147"}],"version-history":[{"count":0,"href":"https:\/\/gruene-wuppertal.de\/fraktion\/wp-json\/wp\/v2\/pressemitteilungen\/7147\/revisions"}],"wp:attachment":[{"href":"https:\/\/gruene-wuppertal.de\/fraktion\/wp-json\/wp\/v2\/media?parent=7147"}],"wp:term":[{"taxonomy":"themen","embeddable":true,"href":"https:\/\/gruene-wuppertal.de\/fraktion\/wp-json\/wp\/v2\/themen?post=7147"}],"curies":[{"name":"wp","href":"https:\/\/api.w.org\/{rel}","templated":true}]}}