{"id":6235,"date":"2014-11-26T14:17:32","date_gmt":"2014-11-26T14:17:32","guid":{"rendered":"http:\/\/www.gruene-wuppertal.de\/fraktion\/?post_type=presse&amp;p=6235"},"modified":"2014-11-26T14:17:32","modified_gmt":"2014-11-26T14:17:32","slug":"grune-begrusen-landesprogramm-zur-schulsozialarbeit","status":"publish","type":"pressemitteilungen","link":"https:\/\/gruene-wuppertal.de\/fraktion\/pressemitteilungen\/grune-begrusen-landesprogramm-zur-schulsozialarbeit\/","title":{"rendered":"GR\u00dcNE begr\u00fc\u00dfen Landesprogramm zur Schulsozialarbeit"},"content":{"rendered":"<p>Die Wuppertaler GR\u00dcNEN freuen sehr \u00fcber das heute von Ministerpr\u00e4sidentin Kraft und Schulministerin L\u00f6hrmann vorgestellte neue Sonderf\u00f6rderprogramm zur Finanzierung der Schulsozialarbeit.<\/p>\n<p>Hierzu erkl\u00e4rt <b>Marc Schulz<\/b>, GR\u00dcNER Fraktionsvorsitzender im Rat:<\/p>\n<p>\u201eDiese Nachricht ist ein tolles Signal f\u00fcr die Sch\u00fcler*innen und ihre Eltern, die in den letzten Jahren von der hervorragenden Arbeit der Schulsozialarbeiterinnen und Schulsozialarbeiter profitiert haben. Nun gibt es endliche eine Perspektive f\u00fcr eine Anschlussregelung.<\/p>\n<p>Wuppertal wird im Rahmen dieses Pakets 1,87 Mio. Euro erhalten und muss zus\u00e4tzlich einen 20%igen Eigenanteil in H\u00f6he von 468.000 Euro leisten. Unser Dank gilt der rot-gr\u00fcnen Landesregierung und hier insbesondere der GR\u00dcNEN Schulministerin Sylvia L\u00f6hrmann. Gleichzeitig verweist diese Initiative aber auch darauf, dass der Bund sich bis heute um seine Mitverantwortung f\u00fcr die Weiterfinanzierung dr\u00fcckt. Dass die L\u00e4nder mit der Fortf\u00fchrung der Aufgabe allein gelassen werden, obwohl der Bund diese Mittel im Rahmen der Anpassung der Regels\u00e4tze der SGB II-Leistungen f\u00fcr Kinder eingef\u00fchrt hat, ist kein Ruhmesblatt, weder f\u00fcr die ehemalige noch f\u00fcr die aktuelle Sozialministerin.<\/p>\n<p>Angesichts der Befristung dieses Programms auf drei Jahre bleibt unsere Erwartung bestehen, dass sich auch der Bund endlich zu seiner Verantwortung f\u00fcr die Konsolidierung der kommunalen Haushalte bekennt und f\u00fcr eine entsprechende Entlastung sorgt, so wie es die rot-gr\u00fcne Landesregierung in diesem und anderen F\u00e4llen bereits getan hat\u201c.<\/p>\n<p><b><span style=\"text-decoration: underline;\">Zum Hintergrund:<\/span><\/b><\/p>\n<p>2011 hatte der Bund das Bildungs- und Teilhabepaket (BuT) aufgelegt, dazu begleitend wurde die Sozialarbeit an Schulen finanziert. 2013 wurde das Programm eingestellt und ohne Ersatz beerdigt. Die Landesregierung hat nun beschlossen, den 53 kreisfreien St\u00e4dten und Kreisen ein Angebot zur Weiterfinanzierung der Sozialarbeit an Schulen f\u00fcr die kommenden drei Jahre (2015 bis 2017) mit einem Gesamtvolumen von ca. 47 Millionen Euro pro Jahr zu unterbreiten.<\/p>\n","protected":false},"excerpt":{"rendered":"<p>Die Wuppertaler GR\u00dcNEN freuen sehr \u00fcber das heute von Ministerpr\u00e4sidentin Kraft und Schulministerin L\u00f6hrmann vorgestellte neue Sonderf\u00f6rderprogramm zur Finanzierung der Schulsozialarbeit. Hierzu erkl\u00e4rt Marc Schulz, GR\u00dcNER Fraktionsvorsitzender im Rat: \u201eDiese Nachricht ist ein tolles Signal f\u00fcr die Sch\u00fcler*innen und ihre Eltern, die in den letzten&#8230;<\/p>\n","protected":false},"author":6,"featured_media":0,"menu_order":0,"comment_status":"closed","ping_status":"closed","template":"","meta":{"_wp_rev_ctl_limit":""},"themen":[39,83,36],"yoast_head":"<!-- This site is optimized with the Yoast SEO plugin v21.8 - https:\/\/yoast.com\/wordpress\/plugins\/seo\/ -->\n<title>GR\u00dcNE begr\u00fc\u00dfen Landesprogramm zur Schulsozialarbeit - Fraktion von B\u00fcndnis 90 \/ DIE GR\u00dcNEN im Rat der Stadt Wuppertal<\/title>\n<meta name=\"robots\" content=\"index, follow, max-snippet:-1, max-image-preview:large, max-video-preview:-1\" \/>\n<link rel=\"canonical\" href=\"https:\/\/gruene-wuppertal.de\/fraktion\/pressemitteilungen\/grune-begrusen-landesprogramm-zur-schulsozialarbeit\/\" \/>\n<meta property=\"og:locale\" content=\"de_DE\" \/>\n<meta property=\"og:type\" content=\"article\" \/>\n<meta property=\"og:title\" content=\"GR\u00dcNE begr\u00fc\u00dfen Landesprogramm zur Schulsozialarbeit - Fraktion von B\u00fcndnis 90 \/ DIE GR\u00dcNEN im Rat der Stadt Wuppertal\" \/>\n<meta property=\"og:description\" content=\"Die Wuppertaler GR\u00dcNEN freuen sehr \u00fcber das heute von Ministerpr\u00e4sidentin Kraft und Schulministerin L\u00f6hrmann vorgestellte neue Sonderf\u00f6rderprogramm zur Finanzierung der Schulsozialarbeit. Hierzu erkl\u00e4rt Marc Schulz, GR\u00dcNER Fraktionsvorsitzender im Rat: \u201eDiese Nachricht ist ein tolles Signal f\u00fcr die Sch\u00fcler*innen und ihre Eltern, die in den letzten...\" \/>\n<meta property=\"og:url\" content=\"https:\/\/gruene-wuppertal.de\/fraktion\/pressemitteilungen\/grune-begrusen-landesprogramm-zur-schulsozialarbeit\/\" \/>\n<meta property=\"og:site_name\" content=\"Fraktion von B\u00fcndnis 90 \/ DIE GR\u00dcNEN im Rat der Stadt Wuppertal\" \/>\n<meta name=\"twitter:card\" content=\"summary_large_image\" \/>\n<meta name=\"twitter:label1\" content=\"Gesch\u00e4tzte Lesezeit\" \/>\n\t<meta name=\"twitter:data1\" content=\"2 Minuten\" \/>\n<script type=\"application\/ld+json\" class=\"yoast-schema-graph\">{\"@context\":\"https:\/\/schema.org\",\"@graph\":[{\"@type\":\"WebPage\",\"@id\":\"https:\/\/gruene-wuppertal.de\/fraktion\/pressemitteilungen\/grune-begrusen-landesprogramm-zur-schulsozialarbeit\/\",\"url\":\"https:\/\/gruene-wuppertal.de\/fraktion\/pressemitteilungen\/grune-begrusen-landesprogramm-zur-schulsozialarbeit\/\",\"name\":\"GR\u00dcNE begr\u00fc\u00dfen Landesprogramm zur Schulsozialarbeit - Fraktion von B\u00fcndnis 90 \/ DIE GR\u00dcNEN im Rat der Stadt Wuppertal\",\"isPartOf\":{\"@id\":\"https:\/\/gruene-wuppertal.de\/fraktion\/#website\"},\"datePublished\":\"2014-11-26T14:17:32+00:00\",\"dateModified\":\"2014-11-26T14:17:32+00:00\",\"breadcrumb\":{\"@id\":\"https:\/\/gruene-wuppertal.de\/fraktion\/pressemitteilungen\/grune-begrusen-landesprogramm-zur-schulsozialarbeit\/#breadcrumb\"},\"inLanguage\":\"de-DE\",\"potentialAction\":[{\"@type\":\"ReadAction\",\"target\":[\"https:\/\/gruene-wuppertal.de\/fraktion\/pressemitteilungen\/grune-begrusen-landesprogramm-zur-schulsozialarbeit\/\"]}]},{\"@type\":\"BreadcrumbList\",\"@id\":\"https:\/\/gruene-wuppertal.de\/fraktion\/pressemitteilungen\/grune-begrusen-landesprogramm-zur-schulsozialarbeit\/#breadcrumb\",\"itemListElement\":[{\"@type\":\"ListItem\",\"position\":1,\"name\":\"Startseite\",\"item\":\"https:\/\/gruene-wuppertal.de\/fraktion\/\"},{\"@type\":\"ListItem\",\"position\":2,\"name\":\"GR\u00dcNE begr\u00fc\u00dfen Landesprogramm zur Schulsozialarbeit\"}]},{\"@type\":\"WebSite\",\"@id\":\"https:\/\/gruene-wuppertal.de\/fraktion\/#website\",\"url\":\"https:\/\/gruene-wuppertal.de\/fraktion\/\",\"name\":\"Fraktion von B\u00fcndnis 90 \/ DIE GR\u00dcNEN im Rat der Stadt Wuppertal\",\"description\":\"\",\"potentialAction\":[{\"@type\":\"SearchAction\",\"target\":{\"@type\":\"EntryPoint\",\"urlTemplate\":\"https:\/\/gruene-wuppertal.de\/fraktion\/?s={search_term_string}\"},\"query-input\":\"required name=search_term_string\"}],\"inLanguage\":\"de-DE\"}]}<\/script>\n<!-- \/ Yoast SEO plugin. -->","yoast_head_json":{"title":"GR\u00dcNE begr\u00fc\u00dfen Landesprogramm zur Schulsozialarbeit - Fraktion von B\u00fcndnis 90 \/ DIE GR\u00dcNEN im Rat der Stadt Wuppertal","robots":{"index":"index","follow":"follow","max-snippet":"max-snippet:-1","max-image-preview":"max-image-preview:large","max-video-preview":"max-video-preview:-1"},"canonical":"https:\/\/gruene-wuppertal.de\/fraktion\/pressemitteilungen\/grune-begrusen-landesprogramm-zur-schulsozialarbeit\/","og_locale":"de_DE","og_type":"article","og_title":"GR\u00dcNE begr\u00fc\u00dfen Landesprogramm zur Schulsozialarbeit - Fraktion von B\u00fcndnis 90 \/ DIE GR\u00dcNEN im Rat der Stadt Wuppertal","og_description":"Die Wuppertaler GR\u00dcNEN freuen sehr \u00fcber das heute von Ministerpr\u00e4sidentin Kraft und Schulministerin L\u00f6hrmann vorgestellte neue Sonderf\u00f6rderprogramm zur Finanzierung der Schulsozialarbeit. Hierzu erkl\u00e4rt Marc Schulz, GR\u00dcNER Fraktionsvorsitzender im Rat: \u201eDiese Nachricht ist ein tolles Signal f\u00fcr die Sch\u00fcler*innen und ihre Eltern, die in den letzten...","og_url":"https:\/\/gruene-wuppertal.de\/fraktion\/pressemitteilungen\/grune-begrusen-landesprogramm-zur-schulsozialarbeit\/","og_site_name":"Fraktion von B\u00fcndnis 90 \/ DIE GR\u00dcNEN im Rat der Stadt Wuppertal","twitter_card":"summary_large_image","twitter_misc":{"Gesch\u00e4tzte Lesezeit":"2 Minuten"},"schema":{"@context":"https:\/\/schema.org","@graph":[{"@type":"WebPage","@id":"https:\/\/gruene-wuppertal.de\/fraktion\/pressemitteilungen\/grune-begrusen-landesprogramm-zur-schulsozialarbeit\/","url":"https:\/\/gruene-wuppertal.de\/fraktion\/pressemitteilungen\/grune-begrusen-landesprogramm-zur-schulsozialarbeit\/","name":"GR\u00dcNE begr\u00fc\u00dfen Landesprogramm zur Schulsozialarbeit - Fraktion von B\u00fcndnis 90 \/ DIE GR\u00dcNEN im Rat der Stadt Wuppertal","isPartOf":{"@id":"https:\/\/gruene-wuppertal.de\/fraktion\/#website"},"datePublished":"2014-11-26T14:17:32+00:00","dateModified":"2014-11-26T14:17:32+00:00","breadcrumb":{"@id":"https:\/\/gruene-wuppertal.de\/fraktion\/pressemitteilungen\/grune-begrusen-landesprogramm-zur-schulsozialarbeit\/#breadcrumb"},"inLanguage":"de-DE","potentialAction":[{"@type":"ReadAction","target":["https:\/\/gruene-wuppertal.de\/fraktion\/pressemitteilungen\/grune-begrusen-landesprogramm-zur-schulsozialarbeit\/"]}]},{"@type":"BreadcrumbList","@id":"https:\/\/gruene-wuppertal.de\/fraktion\/pressemitteilungen\/grune-begrusen-landesprogramm-zur-schulsozialarbeit\/#breadcrumb","itemListElement":[{"@type":"ListItem","position":1,"name":"Startseite","item":"https:\/\/gruene-wuppertal.de\/fraktion\/"},{"@type":"ListItem","position":2,"name":"GR\u00dcNE begr\u00fc\u00dfen Landesprogramm zur Schulsozialarbeit"}]},{"@type":"WebSite","@id":"https:\/\/gruene-wuppertal.de\/fraktion\/#website","url":"https:\/\/gruene-wuppertal.de\/fraktion\/","name":"Fraktion von B\u00fcndnis 90 \/ DIE GR\u00dcNEN im Rat der Stadt Wuppertal","description":"","potentialAction":[{"@type":"SearchAction","target":{"@type":"EntryPoint","urlTemplate":"https:\/\/gruene-wuppertal.de\/fraktion\/?s={search_term_string}"},"query-input":"required name=search_term_string"}],"inLanguage":"de-DE"}]}},"post_mailing_queue_ids":[],"_links":{"self":[{"href":"https:\/\/gruene-wuppertal.de\/fraktion\/wp-json\/wp\/v2\/pressemitteilungen\/6235"}],"collection":[{"href":"https:\/\/gruene-wuppertal.de\/fraktion\/wp-json\/wp\/v2\/pressemitteilungen"}],"about":[{"href":"https:\/\/gruene-wuppertal.de\/fraktion\/wp-json\/wp\/v2\/types\/pressemitteilungen"}],"author":[{"embeddable":true,"href":"https:\/\/gruene-wuppertal.de\/fraktion\/wp-json\/wp\/v2\/users\/6"}],"replies":[{"embeddable":true,"href":"https:\/\/gruene-wuppertal.de\/fraktion\/wp-json\/wp\/v2\/comments?post=6235"}],"version-history":[{"count":0,"href":"https:\/\/gruene-wuppertal.de\/fraktion\/wp-json\/wp\/v2\/pressemitteilungen\/6235\/revisions"}],"wp:attachment":[{"href":"https:\/\/gruene-wuppertal.de\/fraktion\/wp-json\/wp\/v2\/media?parent=6235"}],"wp:term":[{"taxonomy":"themen","embeddable":true,"href":"https:\/\/gruene-wuppertal.de\/fraktion\/wp-json\/wp\/v2\/themen?post=6235"}],"curies":[{"name":"wp","href":"https:\/\/api.w.org\/{rel}","templated":true}]}}