{"id":4798,"date":"2013-09-25T12:09:24","date_gmt":"2013-09-25T12:09:24","guid":{"rendered":"http:\/\/www.gruene-wuppertal.de\/fraktion\/?post_type=presse&amp;p=4798"},"modified":"2013-09-25T12:09:24","modified_gmt":"2013-09-25T12:09:24","slug":"grune-neue-nutzung-von-kleinen-gewerbebrachen-endlich-moglich","status":"publish","type":"pressemitteilungen","link":"https:\/\/gruene-wuppertal.de\/fraktion\/pressemitteilungen\/grune-neue-nutzung-von-kleinen-gewerbebrachen-endlich-moglich\/","title":{"rendered":"GR\u00dcNE: Neue Nutzung von kleinen Gewerbebrachen endlich m\u00f6glich"},"content":{"rendered":"<p>NRW-Wirtschaftsministers Garrelt Duin sagt dem Bergischen St\u00e4dtedreieck bei der finanziellen Unterst\u00fctzung der Gewerbefl\u00e4chenentwicklung zuk\u00fcnftig eine Gleichbehandlung mit dem Ruhrgebiet und der St\u00e4dteregion Aachen zu.<\/p>\n<p>Das Wirtschaftsministerium will au\u00dferdem unsere Region als Regionalf\u00f6rdergebiet in die n\u00e4chste EU-Strukturf\u00f6rderphase von 2014 bis 2020 aufnehmen.<\/p>\n<p><b>Peter Vorsteher<\/b>, GR\u00dcNER Fraktionsvorsitzender im Wuppertaler Rat:<\/p>\n<p>\u201eDie Zusage des Wirtschaftsministers Duin, uns beim Fl\u00e4chenrecycling der vielen kleinen Industriebrachen in Wuppertal, Solingen und Remscheid zu unterst\u00fctzen, ist h\u00f6chst erfreulich. Erfreulich f\u00fcr die BewohnerInnen der St\u00e4dte und f\u00fcr die Umwelt. Damit k\u00f6nnen auf den \u00fcberall sichtbaren, verfallenen Gewerbefl\u00e4chen neue und moderne Arbeitspl\u00e4tze entstehen und der Fl\u00e4chenverbrauch auf der gr\u00fcnen Wiese wird drastisch eingeschr\u00e4nkt. Jetzt m\u00fcssen die drei Oberb\u00fcrgermeisterInnen ihr Kirchturmdenken beenden und die Region nach vorne bringen.\u201c<\/p>\n<p><b>Zum Hintergrund:<\/b><\/p>\n<p>Die nach wie vor f\u00fcr unsere St\u00e4dte pr\u00e4gende Industriestruktur ist sehr kleinteilig, unsere topographischen Gegebenheiten lassen nur sehr eingeschr\u00e4nkt gro\u00dfe Gewerbefl\u00e4chen zu.<\/p>\n<p>Bisherige F\u00f6rderprogramme des Landes NRW zur Wiedernutzbarmachung von Gewerbebrachen stellten vor allem die regionale Bedeutsamkeit von Gewerbebrachen in den Vordergrund der F\u00f6rderentscheidung, wobei die Bedeutsamkeit vor allem mit der Gr\u00f6\u00dfe der Fl\u00e4che begr\u00fcndet wurde. Innerst\u00e4dtisch gibt es sie im Bergischen Raum gar nicht. Unsere Gewerbebrachen sind \u2013 verglichen mit anderen Industriestandorten in NRW \u2013 eher klein. Damit schieden viele kleinere Gewerbebrachen im Bergischen Raum von einer EU-F\u00f6rderung aus.<\/p>\n<p>Anlagen: Pressemitteilungen\u00a0 der Bergischen Entwicklungsagentur und des NRW-Wirtschaftsministeriums<\/p>\n<p><a href=\"https:\/\/www.gruene-wuppertal.de\/fraktion\/wp-content\/uploads\/2013\/09\/20130925-PM-Foerderzusage-Brachflaechenentwicklung.pdf\">20130925 PM Foerderzusage Brachflaechenentwicklung<\/a><\/p>\n<p><a href=\"https:\/\/www.gruene-wuppertal.de\/fraktion\/wp-content\/uploads\/2013\/09\/MWEIMH-NRW-Wirtschaftsminister-der-L\u00e4nder-entscheiden-\u00fcber-F\u00f6rdergebiete-bis-zum-Jahr-2020.pdf\">MWEIMH NRW &#8211; Wirtschaftsminister der L\u00e4nder entscheiden \u00fcber F\u00f6rdergebiete bis zum Jahr 2020<\/a><\/p>\n<p>&nbsp;<\/p>\n","protected":false},"excerpt":{"rendered":"<p>NRW-Wirtschaftsministers Garrelt Duin sagt dem Bergischen St\u00e4dtedreieck bei der finanziellen Unterst\u00fctzung der Gewerbefl\u00e4chenentwicklung zuk\u00fcnftig eine Gleichbehandlung mit dem Ruhrgebiet und der St\u00e4dteregion Aachen zu. Das Wirtschaftsministerium will au\u00dferdem unsere Region als Regionalf\u00f6rdergebiet in die n\u00e4chste EU-Strukturf\u00f6rderphase von 2014 bis 2020 aufnehmen. Peter Vorsteher, GR\u00dcNER Fraktionsvorsitzender&#8230;<\/p>\n","protected":false},"author":6,"featured_media":0,"menu_order":0,"comment_status":"closed","ping_status":"closed","template":"","meta":{"_wp_rev_ctl_limit":""},"themen":[87,58,74],"yoast_head":"<!-- This site is optimized with the Yoast SEO plugin v21.8 - https:\/\/yoast.com\/wordpress\/plugins\/seo\/ -->\n<title>GR\u00dcNE: Neue Nutzung von kleinen Gewerbebrachen endlich m\u00f6glich - Fraktion von B\u00fcndnis 90 \/ DIE GR\u00dcNEN im Rat der Stadt Wuppertal<\/title>\n<meta name=\"robots\" content=\"index, follow, max-snippet:-1, max-image-preview:large, max-video-preview:-1\" \/>\n<link rel=\"canonical\" href=\"https:\/\/gruene-wuppertal.de\/fraktion\/pressemitteilungen\/grune-neue-nutzung-von-kleinen-gewerbebrachen-endlich-moglich\/\" \/>\n<meta property=\"og:locale\" content=\"de_DE\" \/>\n<meta property=\"og:type\" content=\"article\" \/>\n<meta property=\"og:title\" content=\"GR\u00dcNE: Neue Nutzung von kleinen Gewerbebrachen endlich m\u00f6glich - Fraktion von B\u00fcndnis 90 \/ DIE GR\u00dcNEN im Rat der Stadt Wuppertal\" \/>\n<meta property=\"og:description\" content=\"NRW-Wirtschaftsministers Garrelt Duin sagt dem Bergischen St\u00e4dtedreieck bei der finanziellen Unterst\u00fctzung der Gewerbefl\u00e4chenentwicklung zuk\u00fcnftig eine Gleichbehandlung mit dem Ruhrgebiet und der St\u00e4dteregion Aachen zu. Das Wirtschaftsministerium will au\u00dferdem unsere Region als Regionalf\u00f6rdergebiet in die n\u00e4chste EU-Strukturf\u00f6rderphase von 2014 bis 2020 aufnehmen. Peter Vorsteher, GR\u00dcNER Fraktionsvorsitzender...\" \/>\n<meta property=\"og:url\" content=\"https:\/\/gruene-wuppertal.de\/fraktion\/pressemitteilungen\/grune-neue-nutzung-von-kleinen-gewerbebrachen-endlich-moglich\/\" \/>\n<meta property=\"og:site_name\" content=\"Fraktion von B\u00fcndnis 90 \/ DIE GR\u00dcNEN im Rat der Stadt Wuppertal\" \/>\n<meta name=\"twitter:card\" content=\"summary_large_image\" \/>\n<meta name=\"twitter:label1\" content=\"Gesch\u00e4tzte Lesezeit\" \/>\n\t<meta name=\"twitter:data1\" content=\"1 Minute\" \/>\n<script type=\"application\/ld+json\" class=\"yoast-schema-graph\">{\"@context\":\"https:\/\/schema.org\",\"@graph\":[{\"@type\":\"WebPage\",\"@id\":\"https:\/\/gruene-wuppertal.de\/fraktion\/pressemitteilungen\/grune-neue-nutzung-von-kleinen-gewerbebrachen-endlich-moglich\/\",\"url\":\"https:\/\/gruene-wuppertal.de\/fraktion\/pressemitteilungen\/grune-neue-nutzung-von-kleinen-gewerbebrachen-endlich-moglich\/\",\"name\":\"GR\u00dcNE: Neue Nutzung von kleinen Gewerbebrachen endlich m\u00f6glich - Fraktion von B\u00fcndnis 90 \/ DIE GR\u00dcNEN im Rat der Stadt Wuppertal\",\"isPartOf\":{\"@id\":\"https:\/\/gruene-wuppertal.de\/fraktion\/#website\"},\"datePublished\":\"2013-09-25T12:09:24+00:00\",\"dateModified\":\"2013-09-25T12:09:24+00:00\",\"breadcrumb\":{\"@id\":\"https:\/\/gruene-wuppertal.de\/fraktion\/pressemitteilungen\/grune-neue-nutzung-von-kleinen-gewerbebrachen-endlich-moglich\/#breadcrumb\"},\"inLanguage\":\"de-DE\",\"potentialAction\":[{\"@type\":\"ReadAction\",\"target\":[\"https:\/\/gruene-wuppertal.de\/fraktion\/pressemitteilungen\/grune-neue-nutzung-von-kleinen-gewerbebrachen-endlich-moglich\/\"]}]},{\"@type\":\"BreadcrumbList\",\"@id\":\"https:\/\/gruene-wuppertal.de\/fraktion\/pressemitteilungen\/grune-neue-nutzung-von-kleinen-gewerbebrachen-endlich-moglich\/#breadcrumb\",\"itemListElement\":[{\"@type\":\"ListItem\",\"position\":1,\"name\":\"Startseite\",\"item\":\"https:\/\/gruene-wuppertal.de\/fraktion\/\"},{\"@type\":\"ListItem\",\"position\":2,\"name\":\"GR\u00dcNE: Neue Nutzung von kleinen Gewerbebrachen endlich m\u00f6glich\"}]},{\"@type\":\"WebSite\",\"@id\":\"https:\/\/gruene-wuppertal.de\/fraktion\/#website\",\"url\":\"https:\/\/gruene-wuppertal.de\/fraktion\/\",\"name\":\"Fraktion von B\u00fcndnis 90 \/ DIE GR\u00dcNEN im Rat der Stadt Wuppertal\",\"description\":\"\",\"potentialAction\":[{\"@type\":\"SearchAction\",\"target\":{\"@type\":\"EntryPoint\",\"urlTemplate\":\"https:\/\/gruene-wuppertal.de\/fraktion\/?s={search_term_string}\"},\"query-input\":\"required name=search_term_string\"}],\"inLanguage\":\"de-DE\"}]}<\/script>\n<!-- \/ Yoast SEO plugin. -->","yoast_head_json":{"title":"GR\u00dcNE: Neue Nutzung von kleinen Gewerbebrachen endlich m\u00f6glich - Fraktion von B\u00fcndnis 90 \/ DIE GR\u00dcNEN im Rat der Stadt Wuppertal","robots":{"index":"index","follow":"follow","max-snippet":"max-snippet:-1","max-image-preview":"max-image-preview:large","max-video-preview":"max-video-preview:-1"},"canonical":"https:\/\/gruene-wuppertal.de\/fraktion\/pressemitteilungen\/grune-neue-nutzung-von-kleinen-gewerbebrachen-endlich-moglich\/","og_locale":"de_DE","og_type":"article","og_title":"GR\u00dcNE: Neue Nutzung von kleinen Gewerbebrachen endlich m\u00f6glich - Fraktion von B\u00fcndnis 90 \/ DIE GR\u00dcNEN im Rat der Stadt Wuppertal","og_description":"NRW-Wirtschaftsministers Garrelt Duin sagt dem Bergischen St\u00e4dtedreieck bei der finanziellen Unterst\u00fctzung der Gewerbefl\u00e4chenentwicklung zuk\u00fcnftig eine Gleichbehandlung mit dem Ruhrgebiet und der St\u00e4dteregion Aachen zu. Das Wirtschaftsministerium will au\u00dferdem unsere Region als Regionalf\u00f6rdergebiet in die n\u00e4chste EU-Strukturf\u00f6rderphase von 2014 bis 2020 aufnehmen. Peter Vorsteher, GR\u00dcNER Fraktionsvorsitzender...","og_url":"https:\/\/gruene-wuppertal.de\/fraktion\/pressemitteilungen\/grune-neue-nutzung-von-kleinen-gewerbebrachen-endlich-moglich\/","og_site_name":"Fraktion von B\u00fcndnis 90 \/ DIE GR\u00dcNEN im Rat der Stadt Wuppertal","twitter_card":"summary_large_image","twitter_misc":{"Gesch\u00e4tzte Lesezeit":"1 Minute"},"schema":{"@context":"https:\/\/schema.org","@graph":[{"@type":"WebPage","@id":"https:\/\/gruene-wuppertal.de\/fraktion\/pressemitteilungen\/grune-neue-nutzung-von-kleinen-gewerbebrachen-endlich-moglich\/","url":"https:\/\/gruene-wuppertal.de\/fraktion\/pressemitteilungen\/grune-neue-nutzung-von-kleinen-gewerbebrachen-endlich-moglich\/","name":"GR\u00dcNE: Neue Nutzung von kleinen Gewerbebrachen endlich m\u00f6glich - Fraktion von B\u00fcndnis 90 \/ DIE GR\u00dcNEN im Rat der Stadt Wuppertal","isPartOf":{"@id":"https:\/\/gruene-wuppertal.de\/fraktion\/#website"},"datePublished":"2013-09-25T12:09:24+00:00","dateModified":"2013-09-25T12:09:24+00:00","breadcrumb":{"@id":"https:\/\/gruene-wuppertal.de\/fraktion\/pressemitteilungen\/grune-neue-nutzung-von-kleinen-gewerbebrachen-endlich-moglich\/#breadcrumb"},"inLanguage":"de-DE","potentialAction":[{"@type":"ReadAction","target":["https:\/\/gruene-wuppertal.de\/fraktion\/pressemitteilungen\/grune-neue-nutzung-von-kleinen-gewerbebrachen-endlich-moglich\/"]}]},{"@type":"BreadcrumbList","@id":"https:\/\/gruene-wuppertal.de\/fraktion\/pressemitteilungen\/grune-neue-nutzung-von-kleinen-gewerbebrachen-endlich-moglich\/#breadcrumb","itemListElement":[{"@type":"ListItem","position":1,"name":"Startseite","item":"https:\/\/gruene-wuppertal.de\/fraktion\/"},{"@type":"ListItem","position":2,"name":"GR\u00dcNE: Neue Nutzung von kleinen Gewerbebrachen endlich m\u00f6glich"}]},{"@type":"WebSite","@id":"https:\/\/gruene-wuppertal.de\/fraktion\/#website","url":"https:\/\/gruene-wuppertal.de\/fraktion\/","name":"Fraktion von B\u00fcndnis 90 \/ DIE GR\u00dcNEN im Rat der Stadt Wuppertal","description":"","potentialAction":[{"@type":"SearchAction","target":{"@type":"EntryPoint","urlTemplate":"https:\/\/gruene-wuppertal.de\/fraktion\/?s={search_term_string}"},"query-input":"required name=search_term_string"}],"inLanguage":"de-DE"}]}},"post_mailing_queue_ids":[],"_links":{"self":[{"href":"https:\/\/gruene-wuppertal.de\/fraktion\/wp-json\/wp\/v2\/pressemitteilungen\/4798"}],"collection":[{"href":"https:\/\/gruene-wuppertal.de\/fraktion\/wp-json\/wp\/v2\/pressemitteilungen"}],"about":[{"href":"https:\/\/gruene-wuppertal.de\/fraktion\/wp-json\/wp\/v2\/types\/pressemitteilungen"}],"author":[{"embeddable":true,"href":"https:\/\/gruene-wuppertal.de\/fraktion\/wp-json\/wp\/v2\/users\/6"}],"replies":[{"embeddable":true,"href":"https:\/\/gruene-wuppertal.de\/fraktion\/wp-json\/wp\/v2\/comments?post=4798"}],"version-history":[{"count":0,"href":"https:\/\/gruene-wuppertal.de\/fraktion\/wp-json\/wp\/v2\/pressemitteilungen\/4798\/revisions"}],"wp:attachment":[{"href":"https:\/\/gruene-wuppertal.de\/fraktion\/wp-json\/wp\/v2\/media?parent=4798"}],"wp:term":[{"taxonomy":"themen","embeddable":true,"href":"https:\/\/gruene-wuppertal.de\/fraktion\/wp-json\/wp\/v2\/themen?post=4798"}],"curies":[{"name":"wp","href":"https:\/\/api.w.org\/{rel}","templated":true}]}}