{"id":4794,"date":"2013-09-24T13:37:39","date_gmt":"2013-09-24T13:37:39","guid":{"rendered":"http:\/\/www.gruene-wuppertal.de\/fraktion\/?post_type=presse&amp;p=4794"},"modified":"2013-09-24T13:37:39","modified_gmt":"2013-09-24T13:37:39","slug":"grune-ikea-mit-fachmarktzentrum-steht-auf-der-kippe","status":"publish","type":"pressemitteilungen","link":"https:\/\/gruene-wuppertal.de\/fraktion\/pressemitteilungen\/grune-ikea-mit-fachmarktzentrum-steht-auf-der-kippe\/","title":{"rendered":"GR\u00dcNE: IKEA mit Fachmarktzentrum steht auf der Kippe"},"content":{"rendered":"<p>Die Bezirksregierung D\u00fcsseldorf wird voraussichtlich die Fl\u00e4chennutzungsplan\u00e4nderung und somit die \u00a0Ansiedlung des geplanten IKEA-Fachmarktzentrums im Norden von Wuppertal untersagen.<\/p>\n<p><b>Anja Liebert<\/b>, stadtentwicklungspolitische Sprecherin der Fraktion B\u00dcNDNIS 90\/DIE GR\u00dcNEN:<\/p>\n<p>\u201eDamit wird klar, dass das IKEA-Fachmarktkonzept vorerst gescheitert ist. Nicht das M\u00f6belhaus selbst ist das Problem, sondern die geplanten zus\u00e4tzlichen Einzelhandelsfl\u00e4chen mit zentrenrelevanten Sortimenten.<\/p>\n<p>Wir finden es schade, dass die gro\u00dfe Kooperation aus CDU und SPD verbissen an dem Konzept festh\u00e4lt und somit dem Einzelhandel schadet und die Ansiedlung eines notwendigen M\u00f6belhauses in Wuppertal verhindert.<\/p>\n<p>Jetzt den schwarzen Peter der Regierungspr\u00e4sidentin zuzuschieben, lenkt von den eigentlichen Gr\u00fcnden ab. Ganz klar ist: Wir sind f\u00fcr einen M\u00f6belmarkt f\u00fcr Wuppertal, ein Einkaufszentrum am Stadtrand lehnen wir ab.<\/p>\n<p>Die Ablehnung des Fachmarktzentrums vor dem Hintergrund des partei\u00fcbergreifenden Konsenses auf Landesebene zum Sachlichen Teilplan gro\u00dffl\u00e4chiger Einzelhandel (CDU und SPD haben zugestimmt!) ist eigentlich selbstverst\u00e4ndlich und folgerichtig. Nicht die Landesregierung oder die Bezirksregierung tricksen, wie die CDU suggeriert, sondern die Stadt versucht mit allen Mitteln, ein zentrenunvertr\u00e4gliches Konzept irgendwie passend zu machen.\u201c<\/p>\n<p>&nbsp;<\/p>\n","protected":false},"excerpt":{"rendered":"<p>Die Bezirksregierung D\u00fcsseldorf wird voraussichtlich die Fl\u00e4chennutzungsplan\u00e4nderung und somit die \u00a0Ansiedlung des geplanten IKEA-Fachmarktzentrums im Norden von Wuppertal untersagen. Anja Liebert, stadtentwicklungspolitische Sprecherin der Fraktion B\u00dcNDNIS 90\/DIE GR\u00dcNEN: \u201eDamit wird klar, dass das IKEA-Fachmarktkonzept vorerst gescheitert ist. Nicht das M\u00f6belhaus selbst ist das Problem, sondern&#8230;<\/p>\n","protected":false},"author":6,"featured_media":0,"menu_order":0,"comment_status":"closed","ping_status":"closed","template":"","meta":{"_wp_rev_ctl_limit":""},"themen":[67,58],"yoast_head":"<!-- This site is optimized with the Yoast SEO plugin v21.8 - https:\/\/yoast.com\/wordpress\/plugins\/seo\/ -->\n<title>GR\u00dcNE: IKEA mit Fachmarktzentrum steht auf der Kippe - Fraktion von B\u00fcndnis 90 \/ DIE GR\u00dcNEN im Rat der Stadt Wuppertal<\/title>\n<meta name=\"robots\" content=\"index, follow, max-snippet:-1, max-image-preview:large, max-video-preview:-1\" \/>\n<link rel=\"canonical\" href=\"https:\/\/gruene-wuppertal.de\/fraktion\/pressemitteilungen\/grune-ikea-mit-fachmarktzentrum-steht-auf-der-kippe\/\" \/>\n<meta property=\"og:locale\" content=\"de_DE\" \/>\n<meta property=\"og:type\" content=\"article\" \/>\n<meta property=\"og:title\" content=\"GR\u00dcNE: IKEA mit Fachmarktzentrum steht auf der Kippe - Fraktion von B\u00fcndnis 90 \/ DIE GR\u00dcNEN im Rat der Stadt Wuppertal\" \/>\n<meta property=\"og:description\" content=\"Die Bezirksregierung D\u00fcsseldorf wird voraussichtlich die Fl\u00e4chennutzungsplan\u00e4nderung und somit die \u00a0Ansiedlung des geplanten IKEA-Fachmarktzentrums im Norden von Wuppertal untersagen. Anja Liebert, stadtentwicklungspolitische Sprecherin der Fraktion B\u00dcNDNIS 90\/DIE GR\u00dcNEN: \u201eDamit wird klar, dass das IKEA-Fachmarktkonzept vorerst gescheitert ist. Nicht das M\u00f6belhaus selbst ist das Problem, sondern...\" \/>\n<meta property=\"og:url\" content=\"https:\/\/gruene-wuppertal.de\/fraktion\/pressemitteilungen\/grune-ikea-mit-fachmarktzentrum-steht-auf-der-kippe\/\" \/>\n<meta property=\"og:site_name\" content=\"Fraktion von B\u00fcndnis 90 \/ DIE GR\u00dcNEN im Rat der Stadt Wuppertal\" \/>\n<meta name=\"twitter:card\" content=\"summary_large_image\" \/>\n<meta name=\"twitter:label1\" content=\"Gesch\u00e4tzte Lesezeit\" \/>\n\t<meta name=\"twitter:data1\" content=\"1 Minute\" \/>\n<script type=\"application\/ld+json\" class=\"yoast-schema-graph\">{\"@context\":\"https:\/\/schema.org\",\"@graph\":[{\"@type\":\"WebPage\",\"@id\":\"https:\/\/gruene-wuppertal.de\/fraktion\/pressemitteilungen\/grune-ikea-mit-fachmarktzentrum-steht-auf-der-kippe\/\",\"url\":\"https:\/\/gruene-wuppertal.de\/fraktion\/pressemitteilungen\/grune-ikea-mit-fachmarktzentrum-steht-auf-der-kippe\/\",\"name\":\"GR\u00dcNE: IKEA mit Fachmarktzentrum steht auf der Kippe - Fraktion von B\u00fcndnis 90 \/ DIE GR\u00dcNEN im Rat der Stadt Wuppertal\",\"isPartOf\":{\"@id\":\"https:\/\/gruene-wuppertal.de\/fraktion\/#website\"},\"datePublished\":\"2013-09-24T13:37:39+00:00\",\"dateModified\":\"2013-09-24T13:37:39+00:00\",\"breadcrumb\":{\"@id\":\"https:\/\/gruene-wuppertal.de\/fraktion\/pressemitteilungen\/grune-ikea-mit-fachmarktzentrum-steht-auf-der-kippe\/#breadcrumb\"},\"inLanguage\":\"de-DE\",\"potentialAction\":[{\"@type\":\"ReadAction\",\"target\":[\"https:\/\/gruene-wuppertal.de\/fraktion\/pressemitteilungen\/grune-ikea-mit-fachmarktzentrum-steht-auf-der-kippe\/\"]}]},{\"@type\":\"BreadcrumbList\",\"@id\":\"https:\/\/gruene-wuppertal.de\/fraktion\/pressemitteilungen\/grune-ikea-mit-fachmarktzentrum-steht-auf-der-kippe\/#breadcrumb\",\"itemListElement\":[{\"@type\":\"ListItem\",\"position\":1,\"name\":\"Startseite\",\"item\":\"https:\/\/gruene-wuppertal.de\/fraktion\/\"},{\"@type\":\"ListItem\",\"position\":2,\"name\":\"GR\u00dcNE: IKEA mit Fachmarktzentrum steht auf der Kippe\"}]},{\"@type\":\"WebSite\",\"@id\":\"https:\/\/gruene-wuppertal.de\/fraktion\/#website\",\"url\":\"https:\/\/gruene-wuppertal.de\/fraktion\/\",\"name\":\"Fraktion von B\u00fcndnis 90 \/ DIE GR\u00dcNEN im Rat der Stadt Wuppertal\",\"description\":\"\",\"potentialAction\":[{\"@type\":\"SearchAction\",\"target\":{\"@type\":\"EntryPoint\",\"urlTemplate\":\"https:\/\/gruene-wuppertal.de\/fraktion\/?s={search_term_string}\"},\"query-input\":\"required name=search_term_string\"}],\"inLanguage\":\"de-DE\"}]}<\/script>\n<!-- \/ Yoast SEO plugin. -->","yoast_head_json":{"title":"GR\u00dcNE: IKEA mit Fachmarktzentrum steht auf der Kippe - Fraktion von B\u00fcndnis 90 \/ DIE GR\u00dcNEN im Rat der Stadt Wuppertal","robots":{"index":"index","follow":"follow","max-snippet":"max-snippet:-1","max-image-preview":"max-image-preview:large","max-video-preview":"max-video-preview:-1"},"canonical":"https:\/\/gruene-wuppertal.de\/fraktion\/pressemitteilungen\/grune-ikea-mit-fachmarktzentrum-steht-auf-der-kippe\/","og_locale":"de_DE","og_type":"article","og_title":"GR\u00dcNE: IKEA mit Fachmarktzentrum steht auf der Kippe - Fraktion von B\u00fcndnis 90 \/ DIE GR\u00dcNEN im Rat der Stadt Wuppertal","og_description":"Die Bezirksregierung D\u00fcsseldorf wird voraussichtlich die Fl\u00e4chennutzungsplan\u00e4nderung und somit die \u00a0Ansiedlung des geplanten IKEA-Fachmarktzentrums im Norden von Wuppertal untersagen. Anja Liebert, stadtentwicklungspolitische Sprecherin der Fraktion B\u00dcNDNIS 90\/DIE GR\u00dcNEN: \u201eDamit wird klar, dass das IKEA-Fachmarktkonzept vorerst gescheitert ist. Nicht das M\u00f6belhaus selbst ist das Problem, sondern...","og_url":"https:\/\/gruene-wuppertal.de\/fraktion\/pressemitteilungen\/grune-ikea-mit-fachmarktzentrum-steht-auf-der-kippe\/","og_site_name":"Fraktion von B\u00fcndnis 90 \/ DIE GR\u00dcNEN im Rat der Stadt Wuppertal","twitter_card":"summary_large_image","twitter_misc":{"Gesch\u00e4tzte Lesezeit":"1 Minute"},"schema":{"@context":"https:\/\/schema.org","@graph":[{"@type":"WebPage","@id":"https:\/\/gruene-wuppertal.de\/fraktion\/pressemitteilungen\/grune-ikea-mit-fachmarktzentrum-steht-auf-der-kippe\/","url":"https:\/\/gruene-wuppertal.de\/fraktion\/pressemitteilungen\/grune-ikea-mit-fachmarktzentrum-steht-auf-der-kippe\/","name":"GR\u00dcNE: IKEA mit Fachmarktzentrum steht auf der Kippe - Fraktion von B\u00fcndnis 90 \/ DIE GR\u00dcNEN im Rat der Stadt Wuppertal","isPartOf":{"@id":"https:\/\/gruene-wuppertal.de\/fraktion\/#website"},"datePublished":"2013-09-24T13:37:39+00:00","dateModified":"2013-09-24T13:37:39+00:00","breadcrumb":{"@id":"https:\/\/gruene-wuppertal.de\/fraktion\/pressemitteilungen\/grune-ikea-mit-fachmarktzentrum-steht-auf-der-kippe\/#breadcrumb"},"inLanguage":"de-DE","potentialAction":[{"@type":"ReadAction","target":["https:\/\/gruene-wuppertal.de\/fraktion\/pressemitteilungen\/grune-ikea-mit-fachmarktzentrum-steht-auf-der-kippe\/"]}]},{"@type":"BreadcrumbList","@id":"https:\/\/gruene-wuppertal.de\/fraktion\/pressemitteilungen\/grune-ikea-mit-fachmarktzentrum-steht-auf-der-kippe\/#breadcrumb","itemListElement":[{"@type":"ListItem","position":1,"name":"Startseite","item":"https:\/\/gruene-wuppertal.de\/fraktion\/"},{"@type":"ListItem","position":2,"name":"GR\u00dcNE: IKEA mit Fachmarktzentrum steht auf der Kippe"}]},{"@type":"WebSite","@id":"https:\/\/gruene-wuppertal.de\/fraktion\/#website","url":"https:\/\/gruene-wuppertal.de\/fraktion\/","name":"Fraktion von B\u00fcndnis 90 \/ DIE GR\u00dcNEN im Rat der Stadt Wuppertal","description":"","potentialAction":[{"@type":"SearchAction","target":{"@type":"EntryPoint","urlTemplate":"https:\/\/gruene-wuppertal.de\/fraktion\/?s={search_term_string}"},"query-input":"required name=search_term_string"}],"inLanguage":"de-DE"}]}},"post_mailing_queue_ids":[],"_links":{"self":[{"href":"https:\/\/gruene-wuppertal.de\/fraktion\/wp-json\/wp\/v2\/pressemitteilungen\/4794"}],"collection":[{"href":"https:\/\/gruene-wuppertal.de\/fraktion\/wp-json\/wp\/v2\/pressemitteilungen"}],"about":[{"href":"https:\/\/gruene-wuppertal.de\/fraktion\/wp-json\/wp\/v2\/types\/pressemitteilungen"}],"author":[{"embeddable":true,"href":"https:\/\/gruene-wuppertal.de\/fraktion\/wp-json\/wp\/v2\/users\/6"}],"replies":[{"embeddable":true,"href":"https:\/\/gruene-wuppertal.de\/fraktion\/wp-json\/wp\/v2\/comments?post=4794"}],"version-history":[{"count":0,"href":"https:\/\/gruene-wuppertal.de\/fraktion\/wp-json\/wp\/v2\/pressemitteilungen\/4794\/revisions"}],"wp:attachment":[{"href":"https:\/\/gruene-wuppertal.de\/fraktion\/wp-json\/wp\/v2\/media?parent=4794"}],"wp:term":[{"taxonomy":"themen","embeddable":true,"href":"https:\/\/gruene-wuppertal.de\/fraktion\/wp-json\/wp\/v2\/themen?post=4794"}],"curies":[{"name":"wp","href":"https:\/\/api.w.org\/{rel}","templated":true}]}}