{"id":4534,"date":"2013-06-26T08:17:56","date_gmt":"2013-06-26T08:17:56","guid":{"rendered":"http:\/\/www.gruene-wuppertal.de\/fraktion\/?post_type=presse&amp;p=4534"},"modified":"2013-06-26T08:17:56","modified_gmt":"2013-06-26T08:17:56","slug":"grune-wann-wird-wuppertal-inklusiv","status":"publish","type":"pressemitteilungen","link":"https:\/\/gruene-wuppertal.de\/fraktion\/pressemitteilungen\/grune-wann-wird-wuppertal-inklusiv\/","title":{"rendered":"GR\u00dcNE: Wann wird Wuppertal inklusiv?"},"content":{"rendered":"<p>Um das Thema Inklusion wirksam voranzubringen, hat die GR\u00dcNE Ratsfraktion zur morgigen Sitzung des Ausschusses f\u00fcr Soziales, Familie und Gesundheit einen Antrag zum Thema Inklusion gestellt.<\/p>\n<p>Darin wird nochmals ein Sachstandsbericht der Verwaltung eingefordert, der alle st\u00e4dtischen Ressorts umfassen und innerhalb eines halben Jahres der Politik vorgelegt werden soll. Einen ersten Antrag hierzu hat die GR\u00dcNE Ratsfraktion bereits Anfang 2011 gestellt.<\/p>\n<p>Dar\u00fcber hinaus soll die Verwaltung innerhalb eines Jahres einen Aktionsplan mit konkreten Zeitabl\u00e4ufen, Zielvorgaben und Verantwortlichkeiten vorlegen &#8211; und zwar f\u00fcr alle Lebensbereiche.<\/p>\n<p><b>Ilona Sch\u00e4fer<\/b>, sozialpolitische Sprecherin der GR\u00dcNEN Ratsfraktion:<\/p>\n<p>\u201eWir sorgen mit unserem Antrag daf\u00fcr, dass Inklusion von der Stadt ernsthaft betrieben werden muss. Die Stadtspitze tut dies offenkundig nicht, denn ein Teil-Handlungskonzept der Verwaltung zu Inklusion wurde zwar mehrfach f\u00fcr den Sozialausschuss angek\u00fcndigt, steht jetzt aber doch nicht f\u00fcr zur Verf\u00fcgung. Es wird uns PolitikerInnen einfach vorenthalten. Wir h\u00e4tten uns eine erste Diskussion gew\u00fcnscht, der dann eine breite Debatte mit allen Freien Tr\u00e4gern folgen sollte, dies wird auch von der Fachgruppe Behinderung Wuppertal angemahnt.<\/p>\n<p><b>Marc Schulz<\/b>, bildungspolitischer Sprecher der GR\u00dcNEN Ratsfraktion:<\/p>\n<p>\u201eIn der letzten Woche hat Oberb\u00fcrgermeister Jung in seiner Funktion als Vize-Pr\u00e4sident des St\u00e4dtetages NRW mit dem Finger nur auf andere gezeigt, indem er scharfe Kritik an der Umsetzung schulischer Inklusion in NRW \u00fcbte und dies auf die Kosten bezog. Schon jetzt ist es Aufgabe der Stadt, die sogenannten Integrationshilfen f\u00fcr behinderte Kinder zu finanzieren, daran wird sich nichts \u00e4ndern. Das Argument der Konnexit\u00e4t greift hier nicht. Auch hindert die Stadt niemand daran, bei Neu- oder Umbauma\u00dfnahmen zum Beispiel an Schulen f\u00fcr eine komplette Barrierefreiheit von Anfang an zu sorgen.<\/p>\n<p>Der Rechtsanspruch behinderter Kinder auf einen gemeinsamen Unterricht mit nicht behinderten Kindern ergibt sich auch nicht aus irgend einem Landesgesetz, sondern unmittelbar aus der UN-Behindertenrechtskonvention selbst.<\/p>\n<p>Wir GR\u00dcNEN fordern den Oberb\u00fcrgermeister auf, den ausgestreckten Zeigefinger einzuziehen und selbst einen Beitrag zu leisten, um Inklusion in seinem Haus, also in der Verwaltung, ernsthaft umzusetzen. Am besten, indem er das Thema zur Chefsache erkl\u00e4rt und die Behindertenbeauftragte und \u2013koordination zu einer Stabsstelle beim B\u00fcro OB mit den entsprechenden Kompetenzen aufwertet.\u201c<\/p>\n<p>Den GR\u00dcNEN Antrag <b>\u201eEs ist normal, verschieden zu sein &#8211; Wuppertal wird inklusiv\u201c<\/b> finden Sie <a href=\"https:\/\/www.gruene-wuppertal.de\/fraktion\/antraege\/es-ist-normal-verschieden-zu-sein-wuppertal-wird-inklusiv\/\">hier<\/a>.<\/p>\n","protected":false},"excerpt":{"rendered":"<p>Um das Thema Inklusion wirksam voranzubringen, hat die GR\u00dcNE Ratsfraktion zur morgigen Sitzung des Ausschusses f\u00fcr Soziales, Familie und Gesundheit einen Antrag zum Thema Inklusion gestellt. Darin wird nochmals ein Sachstandsbericht der Verwaltung eingefordert, der alle st\u00e4dtischen Ressorts umfassen und innerhalb eines halben Jahres der&#8230;<\/p>\n","protected":false},"author":6,"featured_media":0,"menu_order":0,"comment_status":"closed","ping_status":"closed","template":"","meta":{"_wp_rev_ctl_limit":""},"themen":[37,39,36,58,65],"yoast_head":"<!-- This site is optimized with the Yoast SEO plugin v21.8 - https:\/\/yoast.com\/wordpress\/plugins\/seo\/ -->\n<title>GR\u00dcNE: Wann wird Wuppertal inklusiv? - Fraktion von B\u00fcndnis 90 \/ DIE GR\u00dcNEN im Rat der Stadt Wuppertal<\/title>\n<meta name=\"robots\" content=\"index, follow, max-snippet:-1, max-image-preview:large, max-video-preview:-1\" \/>\n<link rel=\"canonical\" href=\"https:\/\/gruene-wuppertal.de\/fraktion\/pressemitteilungen\/grune-wann-wird-wuppertal-inklusiv\/\" \/>\n<meta property=\"og:locale\" content=\"de_DE\" \/>\n<meta property=\"og:type\" content=\"article\" \/>\n<meta property=\"og:title\" content=\"GR\u00dcNE: Wann wird Wuppertal inklusiv? - Fraktion von B\u00fcndnis 90 \/ DIE GR\u00dcNEN im Rat der Stadt Wuppertal\" \/>\n<meta property=\"og:description\" content=\"Um das Thema Inklusion wirksam voranzubringen, hat die GR\u00dcNE Ratsfraktion zur morgigen Sitzung des Ausschusses f\u00fcr Soziales, Familie und Gesundheit einen Antrag zum Thema Inklusion gestellt. Darin wird nochmals ein Sachstandsbericht der Verwaltung eingefordert, der alle st\u00e4dtischen Ressorts umfassen und innerhalb eines halben Jahres der...\" \/>\n<meta property=\"og:url\" content=\"https:\/\/gruene-wuppertal.de\/fraktion\/pressemitteilungen\/grune-wann-wird-wuppertal-inklusiv\/\" \/>\n<meta property=\"og:site_name\" content=\"Fraktion von B\u00fcndnis 90 \/ DIE GR\u00dcNEN im Rat der Stadt Wuppertal\" \/>\n<meta name=\"twitter:card\" content=\"summary_large_image\" \/>\n<meta name=\"twitter:label1\" content=\"Gesch\u00e4tzte Lesezeit\" \/>\n\t<meta name=\"twitter:data1\" content=\"2 Minuten\" \/>\n<script type=\"application\/ld+json\" class=\"yoast-schema-graph\">{\"@context\":\"https:\/\/schema.org\",\"@graph\":[{\"@type\":\"WebPage\",\"@id\":\"https:\/\/gruene-wuppertal.de\/fraktion\/pressemitteilungen\/grune-wann-wird-wuppertal-inklusiv\/\",\"url\":\"https:\/\/gruene-wuppertal.de\/fraktion\/pressemitteilungen\/grune-wann-wird-wuppertal-inklusiv\/\",\"name\":\"GR\u00dcNE: Wann wird Wuppertal inklusiv? - Fraktion von B\u00fcndnis 90 \/ DIE GR\u00dcNEN im Rat der Stadt Wuppertal\",\"isPartOf\":{\"@id\":\"https:\/\/gruene-wuppertal.de\/fraktion\/#website\"},\"datePublished\":\"2013-06-26T08:17:56+00:00\",\"dateModified\":\"2013-06-26T08:17:56+00:00\",\"breadcrumb\":{\"@id\":\"https:\/\/gruene-wuppertal.de\/fraktion\/pressemitteilungen\/grune-wann-wird-wuppertal-inklusiv\/#breadcrumb\"},\"inLanguage\":\"de-DE\",\"potentialAction\":[{\"@type\":\"ReadAction\",\"target\":[\"https:\/\/gruene-wuppertal.de\/fraktion\/pressemitteilungen\/grune-wann-wird-wuppertal-inklusiv\/\"]}]},{\"@type\":\"BreadcrumbList\",\"@id\":\"https:\/\/gruene-wuppertal.de\/fraktion\/pressemitteilungen\/grune-wann-wird-wuppertal-inklusiv\/#breadcrumb\",\"itemListElement\":[{\"@type\":\"ListItem\",\"position\":1,\"name\":\"Startseite\",\"item\":\"https:\/\/gruene-wuppertal.de\/fraktion\/\"},{\"@type\":\"ListItem\",\"position\":2,\"name\":\"GR\u00dcNE: Wann wird Wuppertal inklusiv?\"}]},{\"@type\":\"WebSite\",\"@id\":\"https:\/\/gruene-wuppertal.de\/fraktion\/#website\",\"url\":\"https:\/\/gruene-wuppertal.de\/fraktion\/\",\"name\":\"Fraktion von B\u00fcndnis 90 \/ DIE GR\u00dcNEN im Rat der Stadt Wuppertal\",\"description\":\"\",\"potentialAction\":[{\"@type\":\"SearchAction\",\"target\":{\"@type\":\"EntryPoint\",\"urlTemplate\":\"https:\/\/gruene-wuppertal.de\/fraktion\/?s={search_term_string}\"},\"query-input\":\"required name=search_term_string\"}],\"inLanguage\":\"de-DE\"}]}<\/script>\n<!-- \/ Yoast SEO plugin. -->","yoast_head_json":{"title":"GR\u00dcNE: Wann wird Wuppertal inklusiv? - Fraktion von B\u00fcndnis 90 \/ DIE GR\u00dcNEN im Rat der Stadt Wuppertal","robots":{"index":"index","follow":"follow","max-snippet":"max-snippet:-1","max-image-preview":"max-image-preview:large","max-video-preview":"max-video-preview:-1"},"canonical":"https:\/\/gruene-wuppertal.de\/fraktion\/pressemitteilungen\/grune-wann-wird-wuppertal-inklusiv\/","og_locale":"de_DE","og_type":"article","og_title":"GR\u00dcNE: Wann wird Wuppertal inklusiv? - Fraktion von B\u00fcndnis 90 \/ DIE GR\u00dcNEN im Rat der Stadt Wuppertal","og_description":"Um das Thema Inklusion wirksam voranzubringen, hat die GR\u00dcNE Ratsfraktion zur morgigen Sitzung des Ausschusses f\u00fcr Soziales, Familie und Gesundheit einen Antrag zum Thema Inklusion gestellt. Darin wird nochmals ein Sachstandsbericht der Verwaltung eingefordert, der alle st\u00e4dtischen Ressorts umfassen und innerhalb eines halben Jahres der...","og_url":"https:\/\/gruene-wuppertal.de\/fraktion\/pressemitteilungen\/grune-wann-wird-wuppertal-inklusiv\/","og_site_name":"Fraktion von B\u00fcndnis 90 \/ DIE GR\u00dcNEN im Rat der Stadt Wuppertal","twitter_card":"summary_large_image","twitter_misc":{"Gesch\u00e4tzte Lesezeit":"2 Minuten"},"schema":{"@context":"https:\/\/schema.org","@graph":[{"@type":"WebPage","@id":"https:\/\/gruene-wuppertal.de\/fraktion\/pressemitteilungen\/grune-wann-wird-wuppertal-inklusiv\/","url":"https:\/\/gruene-wuppertal.de\/fraktion\/pressemitteilungen\/grune-wann-wird-wuppertal-inklusiv\/","name":"GR\u00dcNE: Wann wird Wuppertal inklusiv? - Fraktion von B\u00fcndnis 90 \/ DIE GR\u00dcNEN im Rat der Stadt Wuppertal","isPartOf":{"@id":"https:\/\/gruene-wuppertal.de\/fraktion\/#website"},"datePublished":"2013-06-26T08:17:56+00:00","dateModified":"2013-06-26T08:17:56+00:00","breadcrumb":{"@id":"https:\/\/gruene-wuppertal.de\/fraktion\/pressemitteilungen\/grune-wann-wird-wuppertal-inklusiv\/#breadcrumb"},"inLanguage":"de-DE","potentialAction":[{"@type":"ReadAction","target":["https:\/\/gruene-wuppertal.de\/fraktion\/pressemitteilungen\/grune-wann-wird-wuppertal-inklusiv\/"]}]},{"@type":"BreadcrumbList","@id":"https:\/\/gruene-wuppertal.de\/fraktion\/pressemitteilungen\/grune-wann-wird-wuppertal-inklusiv\/#breadcrumb","itemListElement":[{"@type":"ListItem","position":1,"name":"Startseite","item":"https:\/\/gruene-wuppertal.de\/fraktion\/"},{"@type":"ListItem","position":2,"name":"GR\u00dcNE: Wann wird Wuppertal inklusiv?"}]},{"@type":"WebSite","@id":"https:\/\/gruene-wuppertal.de\/fraktion\/#website","url":"https:\/\/gruene-wuppertal.de\/fraktion\/","name":"Fraktion von B\u00fcndnis 90 \/ DIE GR\u00dcNEN im Rat der Stadt Wuppertal","description":"","potentialAction":[{"@type":"SearchAction","target":{"@type":"EntryPoint","urlTemplate":"https:\/\/gruene-wuppertal.de\/fraktion\/?s={search_term_string}"},"query-input":"required name=search_term_string"}],"inLanguage":"de-DE"}]}},"post_mailing_queue_ids":[],"_links":{"self":[{"href":"https:\/\/gruene-wuppertal.de\/fraktion\/wp-json\/wp\/v2\/pressemitteilungen\/4534"}],"collection":[{"href":"https:\/\/gruene-wuppertal.de\/fraktion\/wp-json\/wp\/v2\/pressemitteilungen"}],"about":[{"href":"https:\/\/gruene-wuppertal.de\/fraktion\/wp-json\/wp\/v2\/types\/pressemitteilungen"}],"author":[{"embeddable":true,"href":"https:\/\/gruene-wuppertal.de\/fraktion\/wp-json\/wp\/v2\/users\/6"}],"replies":[{"embeddable":true,"href":"https:\/\/gruene-wuppertal.de\/fraktion\/wp-json\/wp\/v2\/comments?post=4534"}],"version-history":[{"count":0,"href":"https:\/\/gruene-wuppertal.de\/fraktion\/wp-json\/wp\/v2\/pressemitteilungen\/4534\/revisions"}],"wp:attachment":[{"href":"https:\/\/gruene-wuppertal.de\/fraktion\/wp-json\/wp\/v2\/media?parent=4534"}],"wp:term":[{"taxonomy":"themen","embeddable":true,"href":"https:\/\/gruene-wuppertal.de\/fraktion\/wp-json\/wp\/v2\/themen?post=4534"}],"curies":[{"name":"wp","href":"https:\/\/api.w.org\/{rel}","templated":true}]}}