{"id":4435,"date":"2013-05-28T14:47:17","date_gmt":"2013-05-28T14:47:17","guid":{"rendered":"http:\/\/www.gruene-wuppertal.de\/fraktion\/?post_type=presse&amp;p=4435"},"modified":"2013-05-28T14:47:17","modified_gmt":"2013-05-28T14:47:17","slug":"grune-fragen-nach-wer-macht-wie-und-wo-was-anders","status":"publish","type":"pressemitteilungen","link":"https:\/\/gruene-wuppertal.de\/fraktion\/pressemitteilungen\/grune-fragen-nach-wer-macht-wie-und-wo-was-anders\/","title":{"rendered":"GR\u00dcNE fragen nach: Wer macht wie und wo was anders?"},"content":{"rendered":"<p><strong><\/strong>Das neue Imageprojekt des Oberb\u00fcrgermeisters wurde, wie es mittlerweile zum politischen Stil in dieser Stadt geh\u00f6rt, ausschlie\u00dflich hinter verschlossenen T\u00fcren entwickelt. Daher waren die \u00f6ffentlichen Reaktionen auf das Vorhaben \u00fcberwiegend von Skepsis und Kritik gepr\u00e4gt. Die GR\u00dcNE Ratsfraktion fragt den Oberb\u00fcrgermeister Peter Jung in einer kleinen Anfrage nach Einzelheiten zum Imageprojekt \u201eWuppertal 2025\u201c.<\/p>\n<p><strong>Peter Vorsteher<\/strong>, Vorsitzender der Ratsfraktion B\u00dcNDNIS 90\/DIE GR\u00dcNEN:<\/p>\n<p>\u201eEs ist vollkommen unklar, wer an dem Konzept, an der Steuerung und der Umsetzung des neuen Images f\u00fcr Wuppertal beteiligt sein soll. Wie in den letzten Jahren schon so oft geschehen, wird etwas im Geheimen entwickelt, um es den B\u00fcrgerinnen und B\u00fcrgern dann unvermittelt vorzusetzen. So kann keine gemeinsame Strategie f\u00fcr unsere Stadt, mit der sich dann auch alle Betroffenen identifizieren k\u00f6nnen, gelingen. Deshalb haben wir zur Aufhellung der Hintergr\u00fcnde eine Kleine Anfrage an den Oberb\u00fcrgermeister gestellt. Wir sind auf die Antworten gespannt.\u201c<\/p>\n<p><a href=\"https:\/\/www.gruene-wuppertal.de\/fraktion\/anfragen\/kleine-anfrage-projekt-wuppertal-2025\/\">Hier der Link zur Kleinen Anfrage<\/a><\/p>\n","protected":false},"excerpt":{"rendered":"<p>Das neue Imageprojekt des Oberb\u00fcrgermeisters wurde, wie es mittlerweile zum politischen Stil in dieser Stadt geh\u00f6rt, ausschlie\u00dflich hinter verschlossenen T\u00fcren entwickelt. Daher waren die \u00f6ffentlichen Reaktionen auf das Vorhaben \u00fcberwiegend von Skepsis und Kritik gepr\u00e4gt. Die GR\u00dcNE Ratsfraktion fragt den Oberb\u00fcrgermeister Peter Jung in einer&#8230;<\/p>\n","protected":false},"author":6,"featured_media":0,"menu_order":0,"comment_status":"closed","ping_status":"closed","template":"","meta":{"_wp_rev_ctl_limit":""},"themen":[58,45,88],"yoast_head":"<!-- This site is optimized with the Yoast SEO plugin v21.8 - https:\/\/yoast.com\/wordpress\/plugins\/seo\/ -->\n<title>GR\u00dcNE fragen nach: Wer macht wie und wo was anders? - Fraktion von B\u00fcndnis 90 \/ DIE GR\u00dcNEN im Rat der Stadt Wuppertal<\/title>\n<meta name=\"robots\" content=\"index, follow, max-snippet:-1, max-image-preview:large, max-video-preview:-1\" \/>\n<link rel=\"canonical\" href=\"https:\/\/gruene-wuppertal.de\/fraktion\/pressemitteilungen\/grune-fragen-nach-wer-macht-wie-und-wo-was-anders\/\" \/>\n<meta property=\"og:locale\" content=\"de_DE\" \/>\n<meta property=\"og:type\" content=\"article\" \/>\n<meta property=\"og:title\" content=\"GR\u00dcNE fragen nach: Wer macht wie und wo was anders? - Fraktion von B\u00fcndnis 90 \/ DIE GR\u00dcNEN im Rat der Stadt Wuppertal\" \/>\n<meta property=\"og:description\" content=\"Das neue Imageprojekt des Oberb\u00fcrgermeisters wurde, wie es mittlerweile zum politischen Stil in dieser Stadt geh\u00f6rt, ausschlie\u00dflich hinter verschlossenen T\u00fcren entwickelt. Daher waren die \u00f6ffentlichen Reaktionen auf das Vorhaben \u00fcberwiegend von Skepsis und Kritik gepr\u00e4gt. Die GR\u00dcNE Ratsfraktion fragt den Oberb\u00fcrgermeister Peter Jung in einer...\" \/>\n<meta property=\"og:url\" content=\"https:\/\/gruene-wuppertal.de\/fraktion\/pressemitteilungen\/grune-fragen-nach-wer-macht-wie-und-wo-was-anders\/\" \/>\n<meta property=\"og:site_name\" content=\"Fraktion von B\u00fcndnis 90 \/ DIE GR\u00dcNEN im Rat der Stadt Wuppertal\" \/>\n<meta name=\"twitter:card\" content=\"summary_large_image\" \/>\n<meta name=\"twitter:label1\" content=\"Gesch\u00e4tzte Lesezeit\" \/>\n\t<meta name=\"twitter:data1\" content=\"1 Minute\" \/>\n<script type=\"application\/ld+json\" class=\"yoast-schema-graph\">{\"@context\":\"https:\/\/schema.org\",\"@graph\":[{\"@type\":\"WebPage\",\"@id\":\"https:\/\/gruene-wuppertal.de\/fraktion\/pressemitteilungen\/grune-fragen-nach-wer-macht-wie-und-wo-was-anders\/\",\"url\":\"https:\/\/gruene-wuppertal.de\/fraktion\/pressemitteilungen\/grune-fragen-nach-wer-macht-wie-und-wo-was-anders\/\",\"name\":\"GR\u00dcNE fragen nach: Wer macht wie und wo was anders? - Fraktion von B\u00fcndnis 90 \/ DIE GR\u00dcNEN im Rat der Stadt Wuppertal\",\"isPartOf\":{\"@id\":\"https:\/\/gruene-wuppertal.de\/fraktion\/#website\"},\"datePublished\":\"2013-05-28T14:47:17+00:00\",\"dateModified\":\"2013-05-28T14:47:17+00:00\",\"breadcrumb\":{\"@id\":\"https:\/\/gruene-wuppertal.de\/fraktion\/pressemitteilungen\/grune-fragen-nach-wer-macht-wie-und-wo-was-anders\/#breadcrumb\"},\"inLanguage\":\"de-DE\",\"potentialAction\":[{\"@type\":\"ReadAction\",\"target\":[\"https:\/\/gruene-wuppertal.de\/fraktion\/pressemitteilungen\/grune-fragen-nach-wer-macht-wie-und-wo-was-anders\/\"]}]},{\"@type\":\"BreadcrumbList\",\"@id\":\"https:\/\/gruene-wuppertal.de\/fraktion\/pressemitteilungen\/grune-fragen-nach-wer-macht-wie-und-wo-was-anders\/#breadcrumb\",\"itemListElement\":[{\"@type\":\"ListItem\",\"position\":1,\"name\":\"Startseite\",\"item\":\"https:\/\/gruene-wuppertal.de\/fraktion\/\"},{\"@type\":\"ListItem\",\"position\":2,\"name\":\"GR\u00dcNE fragen nach: Wer macht wie und wo was anders?\"}]},{\"@type\":\"WebSite\",\"@id\":\"https:\/\/gruene-wuppertal.de\/fraktion\/#website\",\"url\":\"https:\/\/gruene-wuppertal.de\/fraktion\/\",\"name\":\"Fraktion von B\u00fcndnis 90 \/ DIE GR\u00dcNEN im Rat der Stadt Wuppertal\",\"description\":\"\",\"potentialAction\":[{\"@type\":\"SearchAction\",\"target\":{\"@type\":\"EntryPoint\",\"urlTemplate\":\"https:\/\/gruene-wuppertal.de\/fraktion\/?s={search_term_string}\"},\"query-input\":\"required name=search_term_string\"}],\"inLanguage\":\"de-DE\"}]}<\/script>\n<!-- \/ Yoast SEO plugin. -->","yoast_head_json":{"title":"GR\u00dcNE fragen nach: Wer macht wie und wo was anders? - Fraktion von B\u00fcndnis 90 \/ DIE GR\u00dcNEN im Rat der Stadt Wuppertal","robots":{"index":"index","follow":"follow","max-snippet":"max-snippet:-1","max-image-preview":"max-image-preview:large","max-video-preview":"max-video-preview:-1"},"canonical":"https:\/\/gruene-wuppertal.de\/fraktion\/pressemitteilungen\/grune-fragen-nach-wer-macht-wie-und-wo-was-anders\/","og_locale":"de_DE","og_type":"article","og_title":"GR\u00dcNE fragen nach: Wer macht wie und wo was anders? - Fraktion von B\u00fcndnis 90 \/ DIE GR\u00dcNEN im Rat der Stadt Wuppertal","og_description":"Das neue Imageprojekt des Oberb\u00fcrgermeisters wurde, wie es mittlerweile zum politischen Stil in dieser Stadt geh\u00f6rt, ausschlie\u00dflich hinter verschlossenen T\u00fcren entwickelt. Daher waren die \u00f6ffentlichen Reaktionen auf das Vorhaben \u00fcberwiegend von Skepsis und Kritik gepr\u00e4gt. Die GR\u00dcNE Ratsfraktion fragt den Oberb\u00fcrgermeister Peter Jung in einer...","og_url":"https:\/\/gruene-wuppertal.de\/fraktion\/pressemitteilungen\/grune-fragen-nach-wer-macht-wie-und-wo-was-anders\/","og_site_name":"Fraktion von B\u00fcndnis 90 \/ DIE GR\u00dcNEN im Rat der Stadt Wuppertal","twitter_card":"summary_large_image","twitter_misc":{"Gesch\u00e4tzte Lesezeit":"1 Minute"},"schema":{"@context":"https:\/\/schema.org","@graph":[{"@type":"WebPage","@id":"https:\/\/gruene-wuppertal.de\/fraktion\/pressemitteilungen\/grune-fragen-nach-wer-macht-wie-und-wo-was-anders\/","url":"https:\/\/gruene-wuppertal.de\/fraktion\/pressemitteilungen\/grune-fragen-nach-wer-macht-wie-und-wo-was-anders\/","name":"GR\u00dcNE fragen nach: Wer macht wie und wo was anders? - Fraktion von B\u00fcndnis 90 \/ DIE GR\u00dcNEN im Rat der Stadt Wuppertal","isPartOf":{"@id":"https:\/\/gruene-wuppertal.de\/fraktion\/#website"},"datePublished":"2013-05-28T14:47:17+00:00","dateModified":"2013-05-28T14:47:17+00:00","breadcrumb":{"@id":"https:\/\/gruene-wuppertal.de\/fraktion\/pressemitteilungen\/grune-fragen-nach-wer-macht-wie-und-wo-was-anders\/#breadcrumb"},"inLanguage":"de-DE","potentialAction":[{"@type":"ReadAction","target":["https:\/\/gruene-wuppertal.de\/fraktion\/pressemitteilungen\/grune-fragen-nach-wer-macht-wie-und-wo-was-anders\/"]}]},{"@type":"BreadcrumbList","@id":"https:\/\/gruene-wuppertal.de\/fraktion\/pressemitteilungen\/grune-fragen-nach-wer-macht-wie-und-wo-was-anders\/#breadcrumb","itemListElement":[{"@type":"ListItem","position":1,"name":"Startseite","item":"https:\/\/gruene-wuppertal.de\/fraktion\/"},{"@type":"ListItem","position":2,"name":"GR\u00dcNE fragen nach: Wer macht wie und wo was anders?"}]},{"@type":"WebSite","@id":"https:\/\/gruene-wuppertal.de\/fraktion\/#website","url":"https:\/\/gruene-wuppertal.de\/fraktion\/","name":"Fraktion von B\u00fcndnis 90 \/ DIE GR\u00dcNEN im Rat der Stadt Wuppertal","description":"","potentialAction":[{"@type":"SearchAction","target":{"@type":"EntryPoint","urlTemplate":"https:\/\/gruene-wuppertal.de\/fraktion\/?s={search_term_string}"},"query-input":"required name=search_term_string"}],"inLanguage":"de-DE"}]}},"post_mailing_queue_ids":[],"_links":{"self":[{"href":"https:\/\/gruene-wuppertal.de\/fraktion\/wp-json\/wp\/v2\/pressemitteilungen\/4435"}],"collection":[{"href":"https:\/\/gruene-wuppertal.de\/fraktion\/wp-json\/wp\/v2\/pressemitteilungen"}],"about":[{"href":"https:\/\/gruene-wuppertal.de\/fraktion\/wp-json\/wp\/v2\/types\/pressemitteilungen"}],"author":[{"embeddable":true,"href":"https:\/\/gruene-wuppertal.de\/fraktion\/wp-json\/wp\/v2\/users\/6"}],"replies":[{"embeddable":true,"href":"https:\/\/gruene-wuppertal.de\/fraktion\/wp-json\/wp\/v2\/comments?post=4435"}],"version-history":[{"count":0,"href":"https:\/\/gruene-wuppertal.de\/fraktion\/wp-json\/wp\/v2\/pressemitteilungen\/4435\/revisions"}],"wp:attachment":[{"href":"https:\/\/gruene-wuppertal.de\/fraktion\/wp-json\/wp\/v2\/media?parent=4435"}],"wp:term":[{"taxonomy":"themen","embeddable":true,"href":"https:\/\/gruene-wuppertal.de\/fraktion\/wp-json\/wp\/v2\/themen?post=4435"}],"curies":[{"name":"wp","href":"https:\/\/api.w.org\/{rel}","templated":true}]}}