{"id":4427,"date":"2013-05-22T13:16:41","date_gmt":"2013-05-22T13:16:41","guid":{"rendered":"http:\/\/www.gruene-wuppertal.de\/fraktion\/?post_type=presse&amp;p=4427"},"modified":"2013-05-22T13:16:41","modified_gmt":"2013-05-22T13:16:41","slug":"grune-grose-sorgen-um-wuppertaler-stadtwerke","status":"publish","type":"pressemitteilungen","link":"https:\/\/gruene-wuppertal.de\/fraktion\/pressemitteilungen\/grune-grose-sorgen-um-wuppertaler-stadtwerke\/","title":{"rendered":"GR\u00dcNE: Gro\u00dfe Sorgen um Wuppertaler Stadtwerke"},"content":{"rendered":"<p>Besorgt nimmt die Fraktion B\u00dcNDNIS 90\/DIE GR\u00dcNEN die neuesten Berichte \u00fcber die Entwicklungen bei den Wuppertaler Stadtwerken zur Kenntnis.<\/p>\n<p>\u201eEs ist sehr beunruhigend, was sich in unserem st\u00e4dtischen Unternehmen tut\u201c, so <b>Peter Vorsteher<\/b>, Fraktionsvorsitzender von B\u00dcNDNIS 90\/DIE GR\u00dcNEN. \u201eDie Beteiligung an dem Kohlekraftwerk Wilhelmshaven droht zu einem Fiasko zu werden.<\/p>\n<p>Eine Nachzahlung in Millionenh\u00f6he an den WSW-Partner GDF SUEZ k\u00f6nnte fatale Auswirkungen auf den Konzern und insbesondere auf die Verkehrssparte haben. Die Vorsitzenden des WSW-Vorstandes und des Aufsichtsrates, Andreas Feicht und Dr. Johannes Slawig sind mit ihrer Unternehmenspolitik gescheitert und sollten die Verantwortung nicht au\u00dferhalb des Konzerns suchen.\u201c<\/p>\n<p>&#8222;Wir haben von Anfang an vor der Beteiligung an einem Kohlekraftwerk gewarnt. Dies kann nicht wirtschaftlich sein und schon gar nicht klimasch\u00fctzend\u201c, erg\u00e4nzt <b>Anja Liebert<\/b>, stellvertretende Fraktionsvorsitzende. \u201eDie WSW m\u00fcssen sich endlich konsequent nachhaltig und zukunftsf\u00e4hig als Vorreiter der Energiewende aufstellen. Der Ausbau der erneuerbaren Energien kann der erfolgversprechende Schwerpunkt der WSW AG sein, ebenso wie ein bedarfsgerechtes Angebot im Nahverkehr. Weitere K\u00fcrzungen im \u00d6PNV wegen zus\u00e4tzlicher Millionen f\u00fcr eine Dinosaurier-Technologie sind mit uns nicht zu machen.\u201c<\/p>\n<p>&#8222;Wir treten daf\u00fcr ein, \u00fcber die Zukunft der WSW \u00f6ffentlich zu diskutieren. Entscheidungen im kleinen Kreis hinter verschlossen T\u00fcren mit weitreichenden Konsequenzen f\u00fcr die Menschen in Wuppertal hatten wir schon genug&#8220;, sagt <b>Klaus L\u00fcdemann<\/b>, Stadtverordneter und Aufsichtsrat bei WSW Energie und Wasser.<\/p>\n","protected":false},"excerpt":{"rendered":"<p>Besorgt nimmt die Fraktion B\u00dcNDNIS 90\/DIE GR\u00dcNEN die neuesten Berichte \u00fcber die Entwicklungen bei den Wuppertaler Stadtwerken zur Kenntnis. \u201eEs ist sehr beunruhigend, was sich in unserem st\u00e4dtischen Unternehmen tut\u201c, so Peter Vorsteher, Fraktionsvorsitzender von B\u00dcNDNIS 90\/DIE GR\u00dcNEN. \u201eDie Beteiligung an dem Kohlekraftwerk Wilhelmshaven droht&#8230;<\/p>\n","protected":false},"author":6,"featured_media":0,"menu_order":0,"comment_status":"closed","ping_status":"closed","template":"","meta":{"_wp_rev_ctl_limit":""},"themen":[61,34,74,82],"yoast_head":"<!-- This site is optimized with the Yoast SEO plugin v21.8 - https:\/\/yoast.com\/wordpress\/plugins\/seo\/ -->\n<title>GR\u00dcNE: Gro\u00dfe Sorgen um Wuppertaler Stadtwerke - Fraktion von B\u00fcndnis 90 \/ DIE GR\u00dcNEN im Rat der Stadt Wuppertal<\/title>\n<meta name=\"robots\" content=\"index, follow, max-snippet:-1, max-image-preview:large, max-video-preview:-1\" \/>\n<link rel=\"canonical\" href=\"https:\/\/gruene-wuppertal.de\/fraktion\/pressemitteilungen\/grune-grose-sorgen-um-wuppertaler-stadtwerke\/\" \/>\n<meta property=\"og:locale\" content=\"de_DE\" \/>\n<meta property=\"og:type\" content=\"article\" \/>\n<meta property=\"og:title\" content=\"GR\u00dcNE: Gro\u00dfe Sorgen um Wuppertaler Stadtwerke - Fraktion von B\u00fcndnis 90 \/ DIE GR\u00dcNEN im Rat der Stadt Wuppertal\" \/>\n<meta property=\"og:description\" content=\"Besorgt nimmt die Fraktion B\u00dcNDNIS 90\/DIE GR\u00dcNEN die neuesten Berichte \u00fcber die Entwicklungen bei den Wuppertaler Stadtwerken zur Kenntnis. \u201eEs ist sehr beunruhigend, was sich in unserem st\u00e4dtischen Unternehmen tut\u201c, so Peter Vorsteher, Fraktionsvorsitzender von B\u00dcNDNIS 90\/DIE GR\u00dcNEN. \u201eDie Beteiligung an dem Kohlekraftwerk Wilhelmshaven droht...\" \/>\n<meta property=\"og:url\" content=\"https:\/\/gruene-wuppertal.de\/fraktion\/pressemitteilungen\/grune-grose-sorgen-um-wuppertaler-stadtwerke\/\" \/>\n<meta property=\"og:site_name\" content=\"Fraktion von B\u00fcndnis 90 \/ DIE GR\u00dcNEN im Rat der Stadt Wuppertal\" \/>\n<meta name=\"twitter:card\" content=\"summary_large_image\" \/>\n<meta name=\"twitter:label1\" content=\"Gesch\u00e4tzte Lesezeit\" \/>\n\t<meta name=\"twitter:data1\" content=\"1 Minute\" \/>\n<script type=\"application\/ld+json\" class=\"yoast-schema-graph\">{\"@context\":\"https:\/\/schema.org\",\"@graph\":[{\"@type\":\"WebPage\",\"@id\":\"https:\/\/gruene-wuppertal.de\/fraktion\/pressemitteilungen\/grune-grose-sorgen-um-wuppertaler-stadtwerke\/\",\"url\":\"https:\/\/gruene-wuppertal.de\/fraktion\/pressemitteilungen\/grune-grose-sorgen-um-wuppertaler-stadtwerke\/\",\"name\":\"GR\u00dcNE: Gro\u00dfe Sorgen um Wuppertaler Stadtwerke - Fraktion von B\u00fcndnis 90 \/ DIE GR\u00dcNEN im Rat der Stadt Wuppertal\",\"isPartOf\":{\"@id\":\"https:\/\/gruene-wuppertal.de\/fraktion\/#website\"},\"datePublished\":\"2013-05-22T13:16:41+00:00\",\"dateModified\":\"2013-05-22T13:16:41+00:00\",\"breadcrumb\":{\"@id\":\"https:\/\/gruene-wuppertal.de\/fraktion\/pressemitteilungen\/grune-grose-sorgen-um-wuppertaler-stadtwerke\/#breadcrumb\"},\"inLanguage\":\"de-DE\",\"potentialAction\":[{\"@type\":\"ReadAction\",\"target\":[\"https:\/\/gruene-wuppertal.de\/fraktion\/pressemitteilungen\/grune-grose-sorgen-um-wuppertaler-stadtwerke\/\"]}]},{\"@type\":\"BreadcrumbList\",\"@id\":\"https:\/\/gruene-wuppertal.de\/fraktion\/pressemitteilungen\/grune-grose-sorgen-um-wuppertaler-stadtwerke\/#breadcrumb\",\"itemListElement\":[{\"@type\":\"ListItem\",\"position\":1,\"name\":\"Startseite\",\"item\":\"https:\/\/gruene-wuppertal.de\/fraktion\/\"},{\"@type\":\"ListItem\",\"position\":2,\"name\":\"GR\u00dcNE: Gro\u00dfe Sorgen um Wuppertaler Stadtwerke\"}]},{\"@type\":\"WebSite\",\"@id\":\"https:\/\/gruene-wuppertal.de\/fraktion\/#website\",\"url\":\"https:\/\/gruene-wuppertal.de\/fraktion\/\",\"name\":\"Fraktion von B\u00fcndnis 90 \/ DIE GR\u00dcNEN im Rat der Stadt Wuppertal\",\"description\":\"\",\"potentialAction\":[{\"@type\":\"SearchAction\",\"target\":{\"@type\":\"EntryPoint\",\"urlTemplate\":\"https:\/\/gruene-wuppertal.de\/fraktion\/?s={search_term_string}\"},\"query-input\":\"required name=search_term_string\"}],\"inLanguage\":\"de-DE\"}]}<\/script>\n<!-- \/ Yoast SEO plugin. -->","yoast_head_json":{"title":"GR\u00dcNE: Gro\u00dfe Sorgen um Wuppertaler Stadtwerke - Fraktion von B\u00fcndnis 90 \/ DIE GR\u00dcNEN im Rat der Stadt Wuppertal","robots":{"index":"index","follow":"follow","max-snippet":"max-snippet:-1","max-image-preview":"max-image-preview:large","max-video-preview":"max-video-preview:-1"},"canonical":"https:\/\/gruene-wuppertal.de\/fraktion\/pressemitteilungen\/grune-grose-sorgen-um-wuppertaler-stadtwerke\/","og_locale":"de_DE","og_type":"article","og_title":"GR\u00dcNE: Gro\u00dfe Sorgen um Wuppertaler Stadtwerke - Fraktion von B\u00fcndnis 90 \/ DIE GR\u00dcNEN im Rat der Stadt Wuppertal","og_description":"Besorgt nimmt die Fraktion B\u00dcNDNIS 90\/DIE GR\u00dcNEN die neuesten Berichte \u00fcber die Entwicklungen bei den Wuppertaler Stadtwerken zur Kenntnis. \u201eEs ist sehr beunruhigend, was sich in unserem st\u00e4dtischen Unternehmen tut\u201c, so Peter Vorsteher, Fraktionsvorsitzender von B\u00dcNDNIS 90\/DIE GR\u00dcNEN. \u201eDie Beteiligung an dem Kohlekraftwerk Wilhelmshaven droht...","og_url":"https:\/\/gruene-wuppertal.de\/fraktion\/pressemitteilungen\/grune-grose-sorgen-um-wuppertaler-stadtwerke\/","og_site_name":"Fraktion von B\u00fcndnis 90 \/ DIE GR\u00dcNEN im Rat der Stadt Wuppertal","twitter_card":"summary_large_image","twitter_misc":{"Gesch\u00e4tzte Lesezeit":"1 Minute"},"schema":{"@context":"https:\/\/schema.org","@graph":[{"@type":"WebPage","@id":"https:\/\/gruene-wuppertal.de\/fraktion\/pressemitteilungen\/grune-grose-sorgen-um-wuppertaler-stadtwerke\/","url":"https:\/\/gruene-wuppertal.de\/fraktion\/pressemitteilungen\/grune-grose-sorgen-um-wuppertaler-stadtwerke\/","name":"GR\u00dcNE: Gro\u00dfe Sorgen um Wuppertaler Stadtwerke - Fraktion von B\u00fcndnis 90 \/ DIE GR\u00dcNEN im Rat der Stadt Wuppertal","isPartOf":{"@id":"https:\/\/gruene-wuppertal.de\/fraktion\/#website"},"datePublished":"2013-05-22T13:16:41+00:00","dateModified":"2013-05-22T13:16:41+00:00","breadcrumb":{"@id":"https:\/\/gruene-wuppertal.de\/fraktion\/pressemitteilungen\/grune-grose-sorgen-um-wuppertaler-stadtwerke\/#breadcrumb"},"inLanguage":"de-DE","potentialAction":[{"@type":"ReadAction","target":["https:\/\/gruene-wuppertal.de\/fraktion\/pressemitteilungen\/grune-grose-sorgen-um-wuppertaler-stadtwerke\/"]}]},{"@type":"BreadcrumbList","@id":"https:\/\/gruene-wuppertal.de\/fraktion\/pressemitteilungen\/grune-grose-sorgen-um-wuppertaler-stadtwerke\/#breadcrumb","itemListElement":[{"@type":"ListItem","position":1,"name":"Startseite","item":"https:\/\/gruene-wuppertal.de\/fraktion\/"},{"@type":"ListItem","position":2,"name":"GR\u00dcNE: Gro\u00dfe Sorgen um Wuppertaler Stadtwerke"}]},{"@type":"WebSite","@id":"https:\/\/gruene-wuppertal.de\/fraktion\/#website","url":"https:\/\/gruene-wuppertal.de\/fraktion\/","name":"Fraktion von B\u00fcndnis 90 \/ DIE GR\u00dcNEN im Rat der Stadt Wuppertal","description":"","potentialAction":[{"@type":"SearchAction","target":{"@type":"EntryPoint","urlTemplate":"https:\/\/gruene-wuppertal.de\/fraktion\/?s={search_term_string}"},"query-input":"required name=search_term_string"}],"inLanguage":"de-DE"}]}},"post_mailing_queue_ids":[],"_links":{"self":[{"href":"https:\/\/gruene-wuppertal.de\/fraktion\/wp-json\/wp\/v2\/pressemitteilungen\/4427"}],"collection":[{"href":"https:\/\/gruene-wuppertal.de\/fraktion\/wp-json\/wp\/v2\/pressemitteilungen"}],"about":[{"href":"https:\/\/gruene-wuppertal.de\/fraktion\/wp-json\/wp\/v2\/types\/pressemitteilungen"}],"author":[{"embeddable":true,"href":"https:\/\/gruene-wuppertal.de\/fraktion\/wp-json\/wp\/v2\/users\/6"}],"replies":[{"embeddable":true,"href":"https:\/\/gruene-wuppertal.de\/fraktion\/wp-json\/wp\/v2\/comments?post=4427"}],"version-history":[{"count":0,"href":"https:\/\/gruene-wuppertal.de\/fraktion\/wp-json\/wp\/v2\/pressemitteilungen\/4427\/revisions"}],"wp:attachment":[{"href":"https:\/\/gruene-wuppertal.de\/fraktion\/wp-json\/wp\/v2\/media?parent=4427"}],"wp:term":[{"taxonomy":"themen","embeddable":true,"href":"https:\/\/gruene-wuppertal.de\/fraktion\/wp-json\/wp\/v2\/themen?post=4427"}],"curies":[{"name":"wp","href":"https:\/\/api.w.org\/{rel}","templated":true}]}}