{"id":4413,"date":"2013-05-16T13:52:28","date_gmt":"2013-05-16T13:52:28","guid":{"rendered":"http:\/\/www.gruene-wuppertal.de\/fraktion\/?post_type=presse&amp;p=4413"},"modified":"2013-05-16T13:52:28","modified_gmt":"2013-05-16T13:52:28","slug":"grune-wir-unterstutzen-die-forderung-von-haus-grund-sanierung-hat-vorrang","status":"publish","type":"pressemitteilungen","link":"https:\/\/gruene-wuppertal.de\/fraktion\/pressemitteilungen\/grune-wir-unterstutzen-die-forderung-von-haus-grund-sanierung-hat-vorrang\/","title":{"rendered":"GR\u00dcNE: Wir unterst\u00fctzen die Forderung von Haus &#038; Grund: Sanierung hat Vorrang"},"content":{"rendered":"<p>Auf der Jahreshauptversammlung von \u201eHaus und Grund Wuppertal\u201c forderte der Vorsitzende Hermann-Josef Richter die Sanierung von Wohnraum und sieht ein Handlungsbedarf bei der Politik.<\/p>\n<p>\u201eSanierung im Bestand vor Neubau auf der gr\u00fcnen Wiese, dieser Forderung k\u00f6nnen wir nur zustimmen\u201c, so <b>Peter Vorsteher, <\/b>Vorsitzender der Ratsfraktion B\u00dcNDNIS 90\/DIE GR\u00dcNEN. \u201eGerade in st\u00e4dtebaulich gef\u00e4hrdeten Quartieren wie Oberbarmen und Wichlinghausen m\u00fcssen die St\u00e4dtebaumittel des Bundes verst\u00e4rkt eingesetzt werden. Nach einer langen Verhandlungsphase wurde im letzten Jahr f\u00fcr diesen Stadtteil endlich eine Ma\u00dfnahme des St\u00e4dtebauprogramms \u201eSoziale Stadt\u201c bewilligt.\u201c<\/p>\n<p><b>Dr. Hermann Ott<\/b>, Wuppertaler Bundestagsabgeordneter von B\u00dcNDNIS 90\/DIE GR\u00dcNEN: \u201eLeider haben die K\u00fcrzungen der Bundesregierung dazu gef\u00fchrt, dass die Umsetzung des Programms \u201eSoziale Stadt\u201c nicht in ausreichendem Ma\u00dfe erfolgen kann. Diese politische Unterst\u00fctzung aus Berlin ist eindeutig zu wenig, das muss sich \u00e4ndern.\u201c<\/p>\n","protected":false},"excerpt":{"rendered":"<p>Auf der Jahreshauptversammlung von \u201eHaus und Grund Wuppertal\u201c forderte der Vorsitzende Hermann-Josef Richter die Sanierung von Wohnraum und sieht ein Handlungsbedarf bei der Politik. \u201eSanierung im Bestand vor Neubau auf der gr\u00fcnen Wiese, dieser Forderung k\u00f6nnen wir nur zustimmen\u201c, so Peter Vorsteher, Vorsitzender der Ratsfraktion&#8230;<\/p>\n","protected":false},"author":6,"featured_media":0,"menu_order":0,"comment_status":"closed","ping_status":"closed","template":"","meta":{"_wp_rev_ctl_limit":""},"themen":[87,34,58,23],"yoast_head":"<!-- This site is optimized with the Yoast SEO plugin v21.8 - https:\/\/yoast.com\/wordpress\/plugins\/seo\/ -->\n<title>GR\u00dcNE: Wir unterst\u00fctzen die Forderung von Haus &amp; Grund: Sanierung hat Vorrang - Fraktion von B\u00fcndnis 90 \/ DIE GR\u00dcNEN im Rat der Stadt Wuppertal<\/title>\n<meta name=\"robots\" content=\"index, follow, max-snippet:-1, max-image-preview:large, max-video-preview:-1\" \/>\n<link rel=\"canonical\" href=\"https:\/\/gruene-wuppertal.de\/fraktion\/pressemitteilungen\/grune-wir-unterstutzen-die-forderung-von-haus-grund-sanierung-hat-vorrang\/\" \/>\n<meta property=\"og:locale\" content=\"de_DE\" \/>\n<meta property=\"og:type\" content=\"article\" \/>\n<meta property=\"og:title\" content=\"GR\u00dcNE: Wir unterst\u00fctzen die Forderung von Haus &amp; Grund: Sanierung hat Vorrang - Fraktion von B\u00fcndnis 90 \/ DIE GR\u00dcNEN im Rat der Stadt Wuppertal\" \/>\n<meta property=\"og:description\" content=\"Auf der Jahreshauptversammlung von \u201eHaus und Grund Wuppertal\u201c forderte der Vorsitzende Hermann-Josef Richter die Sanierung von Wohnraum und sieht ein Handlungsbedarf bei der Politik. \u201eSanierung im Bestand vor Neubau auf der gr\u00fcnen Wiese, dieser Forderung k\u00f6nnen wir nur zustimmen\u201c, so Peter Vorsteher, Vorsitzender der Ratsfraktion...\" \/>\n<meta property=\"og:url\" content=\"https:\/\/gruene-wuppertal.de\/fraktion\/pressemitteilungen\/grune-wir-unterstutzen-die-forderung-von-haus-grund-sanierung-hat-vorrang\/\" \/>\n<meta property=\"og:site_name\" content=\"Fraktion von B\u00fcndnis 90 \/ DIE GR\u00dcNEN im Rat der Stadt Wuppertal\" \/>\n<meta name=\"twitter:card\" content=\"summary_large_image\" \/>\n<meta name=\"twitter:label1\" content=\"Gesch\u00e4tzte Lesezeit\" \/>\n\t<meta name=\"twitter:data1\" content=\"1 Minute\" \/>\n<script type=\"application\/ld+json\" class=\"yoast-schema-graph\">{\"@context\":\"https:\/\/schema.org\",\"@graph\":[{\"@type\":\"WebPage\",\"@id\":\"https:\/\/gruene-wuppertal.de\/fraktion\/pressemitteilungen\/grune-wir-unterstutzen-die-forderung-von-haus-grund-sanierung-hat-vorrang\/\",\"url\":\"https:\/\/gruene-wuppertal.de\/fraktion\/pressemitteilungen\/grune-wir-unterstutzen-die-forderung-von-haus-grund-sanierung-hat-vorrang\/\",\"name\":\"GR\u00dcNE: Wir unterst\u00fctzen die Forderung von Haus & Grund: Sanierung hat Vorrang - Fraktion von B\u00fcndnis 90 \/ DIE GR\u00dcNEN im Rat der Stadt Wuppertal\",\"isPartOf\":{\"@id\":\"https:\/\/gruene-wuppertal.de\/fraktion\/#website\"},\"datePublished\":\"2013-05-16T13:52:28+00:00\",\"dateModified\":\"2013-05-16T13:52:28+00:00\",\"breadcrumb\":{\"@id\":\"https:\/\/gruene-wuppertal.de\/fraktion\/pressemitteilungen\/grune-wir-unterstutzen-die-forderung-von-haus-grund-sanierung-hat-vorrang\/#breadcrumb\"},\"inLanguage\":\"de-DE\",\"potentialAction\":[{\"@type\":\"ReadAction\",\"target\":[\"https:\/\/gruene-wuppertal.de\/fraktion\/pressemitteilungen\/grune-wir-unterstutzen-die-forderung-von-haus-grund-sanierung-hat-vorrang\/\"]}]},{\"@type\":\"BreadcrumbList\",\"@id\":\"https:\/\/gruene-wuppertal.de\/fraktion\/pressemitteilungen\/grune-wir-unterstutzen-die-forderung-von-haus-grund-sanierung-hat-vorrang\/#breadcrumb\",\"itemListElement\":[{\"@type\":\"ListItem\",\"position\":1,\"name\":\"Startseite\",\"item\":\"https:\/\/gruene-wuppertal.de\/fraktion\/\"},{\"@type\":\"ListItem\",\"position\":2,\"name\":\"GR\u00dcNE: Wir unterst\u00fctzen die Forderung von Haus &#038; Grund: Sanierung hat Vorrang\"}]},{\"@type\":\"WebSite\",\"@id\":\"https:\/\/gruene-wuppertal.de\/fraktion\/#website\",\"url\":\"https:\/\/gruene-wuppertal.de\/fraktion\/\",\"name\":\"Fraktion von B\u00fcndnis 90 \/ DIE GR\u00dcNEN im Rat der Stadt Wuppertal\",\"description\":\"\",\"potentialAction\":[{\"@type\":\"SearchAction\",\"target\":{\"@type\":\"EntryPoint\",\"urlTemplate\":\"https:\/\/gruene-wuppertal.de\/fraktion\/?s={search_term_string}\"},\"query-input\":\"required name=search_term_string\"}],\"inLanguage\":\"de-DE\"}]}<\/script>\n<!-- \/ Yoast SEO plugin. -->","yoast_head_json":{"title":"GR\u00dcNE: Wir unterst\u00fctzen die Forderung von Haus & Grund: Sanierung hat Vorrang - Fraktion von B\u00fcndnis 90 \/ DIE GR\u00dcNEN im Rat der Stadt Wuppertal","robots":{"index":"index","follow":"follow","max-snippet":"max-snippet:-1","max-image-preview":"max-image-preview:large","max-video-preview":"max-video-preview:-1"},"canonical":"https:\/\/gruene-wuppertal.de\/fraktion\/pressemitteilungen\/grune-wir-unterstutzen-die-forderung-von-haus-grund-sanierung-hat-vorrang\/","og_locale":"de_DE","og_type":"article","og_title":"GR\u00dcNE: Wir unterst\u00fctzen die Forderung von Haus & Grund: Sanierung hat Vorrang - Fraktion von B\u00fcndnis 90 \/ DIE GR\u00dcNEN im Rat der Stadt Wuppertal","og_description":"Auf der Jahreshauptversammlung von \u201eHaus und Grund Wuppertal\u201c forderte der Vorsitzende Hermann-Josef Richter die Sanierung von Wohnraum und sieht ein Handlungsbedarf bei der Politik. \u201eSanierung im Bestand vor Neubau auf der gr\u00fcnen Wiese, dieser Forderung k\u00f6nnen wir nur zustimmen\u201c, so Peter Vorsteher, Vorsitzender der Ratsfraktion...","og_url":"https:\/\/gruene-wuppertal.de\/fraktion\/pressemitteilungen\/grune-wir-unterstutzen-die-forderung-von-haus-grund-sanierung-hat-vorrang\/","og_site_name":"Fraktion von B\u00fcndnis 90 \/ DIE GR\u00dcNEN im Rat der Stadt Wuppertal","twitter_card":"summary_large_image","twitter_misc":{"Gesch\u00e4tzte Lesezeit":"1 Minute"},"schema":{"@context":"https:\/\/schema.org","@graph":[{"@type":"WebPage","@id":"https:\/\/gruene-wuppertal.de\/fraktion\/pressemitteilungen\/grune-wir-unterstutzen-die-forderung-von-haus-grund-sanierung-hat-vorrang\/","url":"https:\/\/gruene-wuppertal.de\/fraktion\/pressemitteilungen\/grune-wir-unterstutzen-die-forderung-von-haus-grund-sanierung-hat-vorrang\/","name":"GR\u00dcNE: Wir unterst\u00fctzen die Forderung von Haus & Grund: Sanierung hat Vorrang - Fraktion von B\u00fcndnis 90 \/ DIE GR\u00dcNEN im Rat der Stadt Wuppertal","isPartOf":{"@id":"https:\/\/gruene-wuppertal.de\/fraktion\/#website"},"datePublished":"2013-05-16T13:52:28+00:00","dateModified":"2013-05-16T13:52:28+00:00","breadcrumb":{"@id":"https:\/\/gruene-wuppertal.de\/fraktion\/pressemitteilungen\/grune-wir-unterstutzen-die-forderung-von-haus-grund-sanierung-hat-vorrang\/#breadcrumb"},"inLanguage":"de-DE","potentialAction":[{"@type":"ReadAction","target":["https:\/\/gruene-wuppertal.de\/fraktion\/pressemitteilungen\/grune-wir-unterstutzen-die-forderung-von-haus-grund-sanierung-hat-vorrang\/"]}]},{"@type":"BreadcrumbList","@id":"https:\/\/gruene-wuppertal.de\/fraktion\/pressemitteilungen\/grune-wir-unterstutzen-die-forderung-von-haus-grund-sanierung-hat-vorrang\/#breadcrumb","itemListElement":[{"@type":"ListItem","position":1,"name":"Startseite","item":"https:\/\/gruene-wuppertal.de\/fraktion\/"},{"@type":"ListItem","position":2,"name":"GR\u00dcNE: Wir unterst\u00fctzen die Forderung von Haus &#038; Grund: Sanierung hat Vorrang"}]},{"@type":"WebSite","@id":"https:\/\/gruene-wuppertal.de\/fraktion\/#website","url":"https:\/\/gruene-wuppertal.de\/fraktion\/","name":"Fraktion von B\u00fcndnis 90 \/ DIE GR\u00dcNEN im Rat der Stadt Wuppertal","description":"","potentialAction":[{"@type":"SearchAction","target":{"@type":"EntryPoint","urlTemplate":"https:\/\/gruene-wuppertal.de\/fraktion\/?s={search_term_string}"},"query-input":"required name=search_term_string"}],"inLanguage":"de-DE"}]}},"post_mailing_queue_ids":[],"_links":{"self":[{"href":"https:\/\/gruene-wuppertal.de\/fraktion\/wp-json\/wp\/v2\/pressemitteilungen\/4413"}],"collection":[{"href":"https:\/\/gruene-wuppertal.de\/fraktion\/wp-json\/wp\/v2\/pressemitteilungen"}],"about":[{"href":"https:\/\/gruene-wuppertal.de\/fraktion\/wp-json\/wp\/v2\/types\/pressemitteilungen"}],"author":[{"embeddable":true,"href":"https:\/\/gruene-wuppertal.de\/fraktion\/wp-json\/wp\/v2\/users\/6"}],"replies":[{"embeddable":true,"href":"https:\/\/gruene-wuppertal.de\/fraktion\/wp-json\/wp\/v2\/comments?post=4413"}],"version-history":[{"count":0,"href":"https:\/\/gruene-wuppertal.de\/fraktion\/wp-json\/wp\/v2\/pressemitteilungen\/4413\/revisions"}],"wp:attachment":[{"href":"https:\/\/gruene-wuppertal.de\/fraktion\/wp-json\/wp\/v2\/media?parent=4413"}],"wp:term":[{"taxonomy":"themen","embeddable":true,"href":"https:\/\/gruene-wuppertal.de\/fraktion\/wp-json\/wp\/v2\/themen?post=4413"}],"curies":[{"name":"wp","href":"https:\/\/api.w.org\/{rel}","templated":true}]}}