{"id":4395,"date":"2013-05-08T11:39:11","date_gmt":"2013-05-08T11:39:11","guid":{"rendered":"http:\/\/www.gruene-wuppertal.de\/fraktion\/?post_type=presse&amp;p=4395"},"modified":"2013-05-08T11:39:11","modified_gmt":"2013-05-08T11:39:11","slug":"4395","status":"publish","type":"pressemitteilungen","link":"https:\/\/gruene-wuppertal.de\/fraktion\/pressemitteilungen\/4395\/","title":{"rendered":"GR\u00dcNE: Besser w\u00e4re anders!"},"content":{"rendered":"<p>Die Ver\u00f6ffentlichung der seit langer Zeit gro\u00df angek\u00fcndigten Zukunftsstrategie des Oberb\u00fcrgermeisters st\u00f6\u00dft bei der Fraktion B\u00dcNDNIS 90\/DIE GR\u00dcNEN auf Zweifel.<\/p>\n<p>\u201eDas Ziel,\u00a0 die Verbesserung der Lebensqualit\u00e4t in Wuppertal mit dem Slogan \u201e&#8220;Wuppertal &#8211; macht was anders&#8220; zu erreichen, \u00fcberzeugt uns nicht\u201c, so Peter Vorsteher, Fraktionsvorsitzender von B\u00dcNDNIS 90\/DIE GR\u00dcNEN. \u201eAus unserer Sicht ist diese Kampagne schon allein deshalb kein ernsthaftes Angebot an die B\u00fcrgerInnen zur Zusammenarbeit, weil sie in bekannter \u201eWir hier oben &#8211; ihr da unten\u201c-Manier konzipiert wurde. Die Auswahl einer unbestreitbar anerkannten und erfolgreichen, aber auch wegen ihrer CDU-N\u00e4he (<a href=\"https:\/\/www.stern.de\/politik\/deutschland\/werbekampagnen-scholz-friends-cdu-656992.html\">siehe stern-Artikel<\/a>) in der Kritik stehenden Werbeagentur aus D\u00fcsseldorf, erzeugt den Eindruck, eher auf den anstehenden Wahlkampf ausgerichtet zu sein als auf Partizipation und Nachhaltigkeit.<\/p>\n<p>&nbsp;<\/p>\n<p>Wenn der OB nach neun Jahren Amtszeit einen Haltungswandel und neue Impulse und Ideen f\u00fcr unsere Stadt entwickeln lassen m\u00f6chte, macht dies nur deutlich, wie wenig er pers\u00f6nlich in den vergangenen Jahren politisch erreicht hat.<\/p>\n<p>Die Wuppertalerinnen und Wuppertaler brauchen keinen Haltungswandel. Die Zahl der Kreativen in Wuppertal ist enorm, ob in der Kunstszene, in den Sport- und B\u00fcrgervereinen, im sozialen Bereich oder im Umweltschutz. \u00dcberall engagieren sich schon heute viele B\u00fcrgerinnen und B\u00fcrger.\u00a0Tats\u00e4chlich tut sich in unserer Stadt unglaublich viel und der Oberb\u00fcrgermeister k\u00f6nnte an fast jeder Ecke viele engagierte K\u00f6pfe mit kreativen Ideen entdecken, die er aber offensichtlich nicht zur Kenntnis nimmt. Auch die Auswahl der vorgegebenen Themen zeigt, dass hier kein partizipativer Prozess angesto\u00dfen werden soll, sondern von vorne hinein Grenzen gesetzt werden. Der Oberb\u00fcrgermeister hebt Wuppertal haupts\u00e4chlich als Wirtschaftsstandort hervor. Bildung, Soziales, Umwelt- oder Klimaschutz bleiben unerw\u00e4hnt.<\/p>\n<p>Leider wird damit eine weitere Chance verpasst, die Identifikation der Wuppertalerinnen und Wuppertaler mit Ihrer Stadt nachhaltig zu st\u00e4rken. Wir brauchen eine ernsthafte gemeinsame Debatte \u00fcber die weitere Entwicklung unserer Stadt und keine Ank\u00fcndigungs-Politik. Wuppertal ist \u00a0besser als der OB glaubt&#8220;.<\/p>\n","protected":false},"excerpt":{"rendered":"<p>Die Ver\u00f6ffentlichung der seit langer Zeit gro\u00df angek\u00fcndigten Zukunftsstrategie des Oberb\u00fcrgermeisters st\u00f6\u00dft bei der Fraktion B\u00dcNDNIS 90\/DIE GR\u00dcNEN auf Zweifel. \u201eDas Ziel,\u00a0 die Verbesserung der Lebensqualit\u00e4t in Wuppertal mit dem Slogan \u201e&#8220;Wuppertal &#8211; macht was anders&#8220; zu erreichen, \u00fcberzeugt uns nicht\u201c, so Peter Vorsteher, Fraktionsvorsitzender&#8230;<\/p>\n","protected":false},"author":6,"featured_media":0,"menu_order":0,"comment_status":"closed","ping_status":"closed","template":"","meta":{"_wp_rev_ctl_limit":""},"themen":[48,79,58],"yoast_head":"<!-- This site is optimized with the Yoast SEO plugin v21.8 - https:\/\/yoast.com\/wordpress\/plugins\/seo\/ -->\n<title>GR\u00dcNE: Besser w\u00e4re anders! - Fraktion von B\u00fcndnis 90 \/ DIE GR\u00dcNEN im Rat der Stadt Wuppertal<\/title>\n<meta name=\"robots\" content=\"index, follow, max-snippet:-1, max-image-preview:large, max-video-preview:-1\" \/>\n<link rel=\"canonical\" href=\"https:\/\/gruene-wuppertal.de\/fraktion\/pressemitteilungen\/4395\/\" \/>\n<meta property=\"og:locale\" content=\"de_DE\" \/>\n<meta property=\"og:type\" content=\"article\" \/>\n<meta property=\"og:title\" content=\"GR\u00dcNE: Besser w\u00e4re anders! - Fraktion von B\u00fcndnis 90 \/ DIE GR\u00dcNEN im Rat der Stadt Wuppertal\" \/>\n<meta property=\"og:description\" content=\"Die Ver\u00f6ffentlichung der seit langer Zeit gro\u00df angek\u00fcndigten Zukunftsstrategie des Oberb\u00fcrgermeisters st\u00f6\u00dft bei der Fraktion B\u00dcNDNIS 90\/DIE GR\u00dcNEN auf Zweifel. \u201eDas Ziel,\u00a0 die Verbesserung der Lebensqualit\u00e4t in Wuppertal mit dem Slogan \u201e&#8220;Wuppertal &#8211; macht was anders&#8220; zu erreichen, \u00fcberzeugt uns nicht\u201c, so Peter Vorsteher, Fraktionsvorsitzender...\" \/>\n<meta property=\"og:url\" content=\"https:\/\/gruene-wuppertal.de\/fraktion\/pressemitteilungen\/4395\/\" \/>\n<meta property=\"og:site_name\" content=\"Fraktion von B\u00fcndnis 90 \/ DIE GR\u00dcNEN im Rat der Stadt Wuppertal\" \/>\n<meta name=\"twitter:card\" content=\"summary_large_image\" \/>\n<meta name=\"twitter:label1\" content=\"Gesch\u00e4tzte Lesezeit\" \/>\n\t<meta name=\"twitter:data1\" content=\"2 Minuten\" \/>\n<script type=\"application\/ld+json\" class=\"yoast-schema-graph\">{\"@context\":\"https:\/\/schema.org\",\"@graph\":[{\"@type\":\"WebPage\",\"@id\":\"https:\/\/gruene-wuppertal.de\/fraktion\/pressemitteilungen\/4395\/\",\"url\":\"https:\/\/gruene-wuppertal.de\/fraktion\/pressemitteilungen\/4395\/\",\"name\":\"GR\u00dcNE: Besser w\u00e4re anders! - Fraktion von B\u00fcndnis 90 \/ DIE GR\u00dcNEN im Rat der Stadt Wuppertal\",\"isPartOf\":{\"@id\":\"https:\/\/gruene-wuppertal.de\/fraktion\/#website\"},\"datePublished\":\"2013-05-08T11:39:11+00:00\",\"dateModified\":\"2013-05-08T11:39:11+00:00\",\"breadcrumb\":{\"@id\":\"https:\/\/gruene-wuppertal.de\/fraktion\/pressemitteilungen\/4395\/#breadcrumb\"},\"inLanguage\":\"de-DE\",\"potentialAction\":[{\"@type\":\"ReadAction\",\"target\":[\"https:\/\/gruene-wuppertal.de\/fraktion\/pressemitteilungen\/4395\/\"]}]},{\"@type\":\"BreadcrumbList\",\"@id\":\"https:\/\/gruene-wuppertal.de\/fraktion\/pressemitteilungen\/4395\/#breadcrumb\",\"itemListElement\":[{\"@type\":\"ListItem\",\"position\":1,\"name\":\"Startseite\",\"item\":\"https:\/\/gruene-wuppertal.de\/fraktion\/\"},{\"@type\":\"ListItem\",\"position\":2,\"name\":\"GR\u00dcNE: Besser w\u00e4re anders!\"}]},{\"@type\":\"WebSite\",\"@id\":\"https:\/\/gruene-wuppertal.de\/fraktion\/#website\",\"url\":\"https:\/\/gruene-wuppertal.de\/fraktion\/\",\"name\":\"Fraktion von B\u00fcndnis 90 \/ DIE GR\u00dcNEN im Rat der Stadt Wuppertal\",\"description\":\"\",\"potentialAction\":[{\"@type\":\"SearchAction\",\"target\":{\"@type\":\"EntryPoint\",\"urlTemplate\":\"https:\/\/gruene-wuppertal.de\/fraktion\/?s={search_term_string}\"},\"query-input\":\"required name=search_term_string\"}],\"inLanguage\":\"de-DE\"}]}<\/script>\n<!-- \/ Yoast SEO plugin. -->","yoast_head_json":{"title":"GR\u00dcNE: Besser w\u00e4re anders! - Fraktion von B\u00fcndnis 90 \/ DIE GR\u00dcNEN im Rat der Stadt Wuppertal","robots":{"index":"index","follow":"follow","max-snippet":"max-snippet:-1","max-image-preview":"max-image-preview:large","max-video-preview":"max-video-preview:-1"},"canonical":"https:\/\/gruene-wuppertal.de\/fraktion\/pressemitteilungen\/4395\/","og_locale":"de_DE","og_type":"article","og_title":"GR\u00dcNE: Besser w\u00e4re anders! - Fraktion von B\u00fcndnis 90 \/ DIE GR\u00dcNEN im Rat der Stadt Wuppertal","og_description":"Die Ver\u00f6ffentlichung der seit langer Zeit gro\u00df angek\u00fcndigten Zukunftsstrategie des Oberb\u00fcrgermeisters st\u00f6\u00dft bei der Fraktion B\u00dcNDNIS 90\/DIE GR\u00dcNEN auf Zweifel. \u201eDas Ziel,\u00a0 die Verbesserung der Lebensqualit\u00e4t in Wuppertal mit dem Slogan \u201e&#8220;Wuppertal &#8211; macht was anders&#8220; zu erreichen, \u00fcberzeugt uns nicht\u201c, so Peter Vorsteher, Fraktionsvorsitzender...","og_url":"https:\/\/gruene-wuppertal.de\/fraktion\/pressemitteilungen\/4395\/","og_site_name":"Fraktion von B\u00fcndnis 90 \/ DIE GR\u00dcNEN im Rat der Stadt Wuppertal","twitter_card":"summary_large_image","twitter_misc":{"Gesch\u00e4tzte Lesezeit":"2 Minuten"},"schema":{"@context":"https:\/\/schema.org","@graph":[{"@type":"WebPage","@id":"https:\/\/gruene-wuppertal.de\/fraktion\/pressemitteilungen\/4395\/","url":"https:\/\/gruene-wuppertal.de\/fraktion\/pressemitteilungen\/4395\/","name":"GR\u00dcNE: Besser w\u00e4re anders! - Fraktion von B\u00fcndnis 90 \/ DIE GR\u00dcNEN im Rat der Stadt Wuppertal","isPartOf":{"@id":"https:\/\/gruene-wuppertal.de\/fraktion\/#website"},"datePublished":"2013-05-08T11:39:11+00:00","dateModified":"2013-05-08T11:39:11+00:00","breadcrumb":{"@id":"https:\/\/gruene-wuppertal.de\/fraktion\/pressemitteilungen\/4395\/#breadcrumb"},"inLanguage":"de-DE","potentialAction":[{"@type":"ReadAction","target":["https:\/\/gruene-wuppertal.de\/fraktion\/pressemitteilungen\/4395\/"]}]},{"@type":"BreadcrumbList","@id":"https:\/\/gruene-wuppertal.de\/fraktion\/pressemitteilungen\/4395\/#breadcrumb","itemListElement":[{"@type":"ListItem","position":1,"name":"Startseite","item":"https:\/\/gruene-wuppertal.de\/fraktion\/"},{"@type":"ListItem","position":2,"name":"GR\u00dcNE: Besser w\u00e4re anders!"}]},{"@type":"WebSite","@id":"https:\/\/gruene-wuppertal.de\/fraktion\/#website","url":"https:\/\/gruene-wuppertal.de\/fraktion\/","name":"Fraktion von B\u00fcndnis 90 \/ DIE GR\u00dcNEN im Rat der Stadt Wuppertal","description":"","potentialAction":[{"@type":"SearchAction","target":{"@type":"EntryPoint","urlTemplate":"https:\/\/gruene-wuppertal.de\/fraktion\/?s={search_term_string}"},"query-input":"required name=search_term_string"}],"inLanguage":"de-DE"}]}},"post_mailing_queue_ids":[],"_links":{"self":[{"href":"https:\/\/gruene-wuppertal.de\/fraktion\/wp-json\/wp\/v2\/pressemitteilungen\/4395"}],"collection":[{"href":"https:\/\/gruene-wuppertal.de\/fraktion\/wp-json\/wp\/v2\/pressemitteilungen"}],"about":[{"href":"https:\/\/gruene-wuppertal.de\/fraktion\/wp-json\/wp\/v2\/types\/pressemitteilungen"}],"author":[{"embeddable":true,"href":"https:\/\/gruene-wuppertal.de\/fraktion\/wp-json\/wp\/v2\/users\/6"}],"replies":[{"embeddable":true,"href":"https:\/\/gruene-wuppertal.de\/fraktion\/wp-json\/wp\/v2\/comments?post=4395"}],"version-history":[{"count":0,"href":"https:\/\/gruene-wuppertal.de\/fraktion\/wp-json\/wp\/v2\/pressemitteilungen\/4395\/revisions"}],"wp:attachment":[{"href":"https:\/\/gruene-wuppertal.de\/fraktion\/wp-json\/wp\/v2\/media?parent=4395"}],"wp:term":[{"taxonomy":"themen","embeddable":true,"href":"https:\/\/gruene-wuppertal.de\/fraktion\/wp-json\/wp\/v2\/themen?post=4395"}],"curies":[{"name":"wp","href":"https:\/\/api.w.org\/{rel}","templated":true}]}}