{"id":4393,"date":"2013-05-07T14:17:48","date_gmt":"2013-05-07T14:17:48","guid":{"rendered":"http:\/\/www.gruene-wuppertal.de\/fraktion\/?post_type=presse&amp;p=4393"},"modified":"2013-05-07T14:17:48","modified_gmt":"2013-05-07T14:17:48","slug":"grune-bergisches-stadtedreieck-hat-erste-hurde-zur-modellregion-fur-kraft-warme-kopplung-kwk-genommen","status":"publish","type":"pressemitteilungen","link":"https:\/\/gruene-wuppertal.de\/fraktion\/pressemitteilungen\/grune-bergisches-stadtedreieck-hat-erste-hurde-zur-modellregion-fur-kraft-warme-kopplung-kwk-genommen\/","title":{"rendered":"GR\u00dcNE: Bergisches St\u00e4dtedreieck hat erste H\u00fcrde zur  Modellregion f\u00fcr Kraft-W\u00e4rme-Kopplung (KWK) genommen"},"content":{"rendered":"<p>Wuppertal, Solingen und Remscheid haben erfolgreich am NRW-Wettbewerb \u201eKWK-Modellkommunen 2012 \u2013 2017\u201c teilgenommen und sich mit Ihrem Konzept f\u00fcr den Wettbewerb um finanzielle Mittel aus dem KWK-Impulsprogramm von Land und EU qualifiziert.<\/p>\n<p>\u201eBis zu 300.000 Euro werden der Region vom Land NRW zur Erarbeitung eines KWK-Feinkonzeptes zur Verf\u00fcgung gestellt. Damit k\u00f6nnen jetzt auf Basis der Potenziale der Kraft-W\u00e4rme-Kopplung konkrete Projekte geplant werden\u201c, so <b>Bettina Br\u00fccher<\/b>, Vorsitzende des Umweltausschusses. \u201eMit Hilfe der Kraft-W\u00e4rme-Kopplung wird in Block-Heizkraftwerken gleichzeitig Strom und W\u00e4rme zur Versorgung von Wohn- und Gewerbegebieten erzeugt und dabei Energie eingespart, ein wichtiger Baustein f\u00fcr die Energiewende und den Klimaschutz. Wenn die\u00a0 n\u00e4chste H\u00fcrde auch genommen wird, k\u00f6nnten beispielsweise Anlagen auf dem \u00d6lberg in Elberfeld, am Eckbusch oder in Cronenberg finanziert werden. Ziel ist es, bis 2020 mindestens 25% des Stroms aus KWK-Anlagen zu erzeugen. Damit w\u00e4re das Bergische St\u00e4dtedreieck ein Vorbild f\u00fcr andere Kommunen und Regionen.\u201c<\/p>\n<p><b>Jutta Velte<\/b>, Bergische Abgeordnete der GR\u00dcNEN im Landtag NRW, dazu: \u201eWir freuen uns sehr \u00a0\u00fcber den Erfolg des\u00a0 \u201eHandlungskonzeptes KWKhoch<sup>3<\/sup>\u201c, das Remscheid, Solingen und Wuppertal gemeinsam mit vielen Bergischen Kooperationspartnern erarbeitet hat. Im Bergischen k\u00f6nnten zahlreiche KWK-Projekte im Bereich von Wohngeb\u00e4uden oder Industriebetrieben f\u00fcr Strom-, W\u00e4rme oder K\u00e4lteerzeugung realisiert werden. Zielgruppen sind z. B. Geb\u00e4udeeigent\u00fcmerInnen, Industrie, Gewerbe oder Handwerk. Wir dr\u00fccken unserer Region fest die Daumen und hoffen sehr, dass auch die zweite H\u00fcrde im NRW-Wettbewerb genommen wird.\u201c<\/p>\n","protected":false},"excerpt":{"rendered":"<p>Wuppertal, Solingen und Remscheid haben erfolgreich am NRW-Wettbewerb \u201eKWK-Modellkommunen 2012 \u2013 2017\u201c teilgenommen und sich mit Ihrem Konzept f\u00fcr den Wettbewerb um finanzielle Mittel aus dem KWK-Impulsprogramm von Land und EU qualifiziert. \u201eBis zu 300.000 Euro werden der Region vom Land NRW zur Erarbeitung eines&#8230;<\/p>\n","protected":false},"author":6,"featured_media":0,"menu_order":0,"comment_status":"closed","ping_status":"closed","template":"","meta":{"_wp_rev_ctl_limit":""},"themen":[61,34,74],"yoast_head":"<!-- This site is optimized with the Yoast SEO plugin v21.8 - https:\/\/yoast.com\/wordpress\/plugins\/seo\/ -->\n<title>GR\u00dcNE: Bergisches St\u00e4dtedreieck hat erste H\u00fcrde zur Modellregion f\u00fcr Kraft-W\u00e4rme-Kopplung (KWK) genommen - Fraktion von B\u00fcndnis 90 \/ DIE GR\u00dcNEN im Rat der Stadt Wuppertal<\/title>\n<meta name=\"robots\" content=\"index, follow, max-snippet:-1, max-image-preview:large, max-video-preview:-1\" \/>\n<link rel=\"canonical\" href=\"https:\/\/gruene-wuppertal.de\/fraktion\/pressemitteilungen\/grune-bergisches-stadtedreieck-hat-erste-hurde-zur-modellregion-fur-kraft-warme-kopplung-kwk-genommen\/\" \/>\n<meta property=\"og:locale\" content=\"de_DE\" \/>\n<meta property=\"og:type\" content=\"article\" \/>\n<meta property=\"og:title\" content=\"GR\u00dcNE: Bergisches St\u00e4dtedreieck hat erste H\u00fcrde zur Modellregion f\u00fcr Kraft-W\u00e4rme-Kopplung (KWK) genommen - Fraktion von B\u00fcndnis 90 \/ DIE GR\u00dcNEN im Rat der Stadt Wuppertal\" \/>\n<meta property=\"og:description\" content=\"Wuppertal, Solingen und Remscheid haben erfolgreich am NRW-Wettbewerb \u201eKWK-Modellkommunen 2012 \u2013 2017\u201c teilgenommen und sich mit Ihrem Konzept f\u00fcr den Wettbewerb um finanzielle Mittel aus dem KWK-Impulsprogramm von Land und EU qualifiziert. \u201eBis zu 300.000 Euro werden der Region vom Land NRW zur Erarbeitung eines...\" \/>\n<meta property=\"og:url\" content=\"https:\/\/gruene-wuppertal.de\/fraktion\/pressemitteilungen\/grune-bergisches-stadtedreieck-hat-erste-hurde-zur-modellregion-fur-kraft-warme-kopplung-kwk-genommen\/\" \/>\n<meta property=\"og:site_name\" content=\"Fraktion von B\u00fcndnis 90 \/ DIE GR\u00dcNEN im Rat der Stadt Wuppertal\" \/>\n<meta name=\"twitter:card\" content=\"summary_large_image\" \/>\n<meta name=\"twitter:label1\" content=\"Gesch\u00e4tzte Lesezeit\" \/>\n\t<meta name=\"twitter:data1\" content=\"1 Minute\" \/>\n<script type=\"application\/ld+json\" class=\"yoast-schema-graph\">{\"@context\":\"https:\/\/schema.org\",\"@graph\":[{\"@type\":\"WebPage\",\"@id\":\"https:\/\/gruene-wuppertal.de\/fraktion\/pressemitteilungen\/grune-bergisches-stadtedreieck-hat-erste-hurde-zur-modellregion-fur-kraft-warme-kopplung-kwk-genommen\/\",\"url\":\"https:\/\/gruene-wuppertal.de\/fraktion\/pressemitteilungen\/grune-bergisches-stadtedreieck-hat-erste-hurde-zur-modellregion-fur-kraft-warme-kopplung-kwk-genommen\/\",\"name\":\"GR\u00dcNE: Bergisches St\u00e4dtedreieck hat erste H\u00fcrde zur Modellregion f\u00fcr Kraft-W\u00e4rme-Kopplung (KWK) genommen - Fraktion von B\u00fcndnis 90 \/ DIE GR\u00dcNEN im Rat der Stadt Wuppertal\",\"isPartOf\":{\"@id\":\"https:\/\/gruene-wuppertal.de\/fraktion\/#website\"},\"datePublished\":\"2013-05-07T14:17:48+00:00\",\"dateModified\":\"2013-05-07T14:17:48+00:00\",\"breadcrumb\":{\"@id\":\"https:\/\/gruene-wuppertal.de\/fraktion\/pressemitteilungen\/grune-bergisches-stadtedreieck-hat-erste-hurde-zur-modellregion-fur-kraft-warme-kopplung-kwk-genommen\/#breadcrumb\"},\"inLanguage\":\"de-DE\",\"potentialAction\":[{\"@type\":\"ReadAction\",\"target\":[\"https:\/\/gruene-wuppertal.de\/fraktion\/pressemitteilungen\/grune-bergisches-stadtedreieck-hat-erste-hurde-zur-modellregion-fur-kraft-warme-kopplung-kwk-genommen\/\"]}]},{\"@type\":\"BreadcrumbList\",\"@id\":\"https:\/\/gruene-wuppertal.de\/fraktion\/pressemitteilungen\/grune-bergisches-stadtedreieck-hat-erste-hurde-zur-modellregion-fur-kraft-warme-kopplung-kwk-genommen\/#breadcrumb\",\"itemListElement\":[{\"@type\":\"ListItem\",\"position\":1,\"name\":\"Startseite\",\"item\":\"https:\/\/gruene-wuppertal.de\/fraktion\/\"},{\"@type\":\"ListItem\",\"position\":2,\"name\":\"GR\u00dcNE: Bergisches St\u00e4dtedreieck hat erste H\u00fcrde zur Modellregion f\u00fcr Kraft-W\u00e4rme-Kopplung (KWK) genommen\"}]},{\"@type\":\"WebSite\",\"@id\":\"https:\/\/gruene-wuppertal.de\/fraktion\/#website\",\"url\":\"https:\/\/gruene-wuppertal.de\/fraktion\/\",\"name\":\"Fraktion von B\u00fcndnis 90 \/ DIE GR\u00dcNEN im Rat der Stadt Wuppertal\",\"description\":\"\",\"potentialAction\":[{\"@type\":\"SearchAction\",\"target\":{\"@type\":\"EntryPoint\",\"urlTemplate\":\"https:\/\/gruene-wuppertal.de\/fraktion\/?s={search_term_string}\"},\"query-input\":\"required name=search_term_string\"}],\"inLanguage\":\"de-DE\"}]}<\/script>\n<!-- \/ Yoast SEO plugin. -->","yoast_head_json":{"title":"GR\u00dcNE: Bergisches St\u00e4dtedreieck hat erste H\u00fcrde zur Modellregion f\u00fcr Kraft-W\u00e4rme-Kopplung (KWK) genommen - Fraktion von B\u00fcndnis 90 \/ DIE GR\u00dcNEN im Rat der Stadt Wuppertal","robots":{"index":"index","follow":"follow","max-snippet":"max-snippet:-1","max-image-preview":"max-image-preview:large","max-video-preview":"max-video-preview:-1"},"canonical":"https:\/\/gruene-wuppertal.de\/fraktion\/pressemitteilungen\/grune-bergisches-stadtedreieck-hat-erste-hurde-zur-modellregion-fur-kraft-warme-kopplung-kwk-genommen\/","og_locale":"de_DE","og_type":"article","og_title":"GR\u00dcNE: Bergisches St\u00e4dtedreieck hat erste H\u00fcrde zur Modellregion f\u00fcr Kraft-W\u00e4rme-Kopplung (KWK) genommen - Fraktion von B\u00fcndnis 90 \/ DIE GR\u00dcNEN im Rat der Stadt Wuppertal","og_description":"Wuppertal, Solingen und Remscheid haben erfolgreich am NRW-Wettbewerb \u201eKWK-Modellkommunen 2012 \u2013 2017\u201c teilgenommen und sich mit Ihrem Konzept f\u00fcr den Wettbewerb um finanzielle Mittel aus dem KWK-Impulsprogramm von Land und EU qualifiziert. \u201eBis zu 300.000 Euro werden der Region vom Land NRW zur Erarbeitung eines...","og_url":"https:\/\/gruene-wuppertal.de\/fraktion\/pressemitteilungen\/grune-bergisches-stadtedreieck-hat-erste-hurde-zur-modellregion-fur-kraft-warme-kopplung-kwk-genommen\/","og_site_name":"Fraktion von B\u00fcndnis 90 \/ DIE GR\u00dcNEN im Rat der Stadt Wuppertal","twitter_card":"summary_large_image","twitter_misc":{"Gesch\u00e4tzte Lesezeit":"1 Minute"},"schema":{"@context":"https:\/\/schema.org","@graph":[{"@type":"WebPage","@id":"https:\/\/gruene-wuppertal.de\/fraktion\/pressemitteilungen\/grune-bergisches-stadtedreieck-hat-erste-hurde-zur-modellregion-fur-kraft-warme-kopplung-kwk-genommen\/","url":"https:\/\/gruene-wuppertal.de\/fraktion\/pressemitteilungen\/grune-bergisches-stadtedreieck-hat-erste-hurde-zur-modellregion-fur-kraft-warme-kopplung-kwk-genommen\/","name":"GR\u00dcNE: Bergisches St\u00e4dtedreieck hat erste H\u00fcrde zur Modellregion f\u00fcr Kraft-W\u00e4rme-Kopplung (KWK) genommen - Fraktion von B\u00fcndnis 90 \/ DIE GR\u00dcNEN im Rat der Stadt Wuppertal","isPartOf":{"@id":"https:\/\/gruene-wuppertal.de\/fraktion\/#website"},"datePublished":"2013-05-07T14:17:48+00:00","dateModified":"2013-05-07T14:17:48+00:00","breadcrumb":{"@id":"https:\/\/gruene-wuppertal.de\/fraktion\/pressemitteilungen\/grune-bergisches-stadtedreieck-hat-erste-hurde-zur-modellregion-fur-kraft-warme-kopplung-kwk-genommen\/#breadcrumb"},"inLanguage":"de-DE","potentialAction":[{"@type":"ReadAction","target":["https:\/\/gruene-wuppertal.de\/fraktion\/pressemitteilungen\/grune-bergisches-stadtedreieck-hat-erste-hurde-zur-modellregion-fur-kraft-warme-kopplung-kwk-genommen\/"]}]},{"@type":"BreadcrumbList","@id":"https:\/\/gruene-wuppertal.de\/fraktion\/pressemitteilungen\/grune-bergisches-stadtedreieck-hat-erste-hurde-zur-modellregion-fur-kraft-warme-kopplung-kwk-genommen\/#breadcrumb","itemListElement":[{"@type":"ListItem","position":1,"name":"Startseite","item":"https:\/\/gruene-wuppertal.de\/fraktion\/"},{"@type":"ListItem","position":2,"name":"GR\u00dcNE: Bergisches St\u00e4dtedreieck hat erste H\u00fcrde zur Modellregion f\u00fcr Kraft-W\u00e4rme-Kopplung (KWK) genommen"}]},{"@type":"WebSite","@id":"https:\/\/gruene-wuppertal.de\/fraktion\/#website","url":"https:\/\/gruene-wuppertal.de\/fraktion\/","name":"Fraktion von B\u00fcndnis 90 \/ DIE GR\u00dcNEN im Rat der Stadt Wuppertal","description":"","potentialAction":[{"@type":"SearchAction","target":{"@type":"EntryPoint","urlTemplate":"https:\/\/gruene-wuppertal.de\/fraktion\/?s={search_term_string}"},"query-input":"required name=search_term_string"}],"inLanguage":"de-DE"}]}},"post_mailing_queue_ids":[],"_links":{"self":[{"href":"https:\/\/gruene-wuppertal.de\/fraktion\/wp-json\/wp\/v2\/pressemitteilungen\/4393"}],"collection":[{"href":"https:\/\/gruene-wuppertal.de\/fraktion\/wp-json\/wp\/v2\/pressemitteilungen"}],"about":[{"href":"https:\/\/gruene-wuppertal.de\/fraktion\/wp-json\/wp\/v2\/types\/pressemitteilungen"}],"author":[{"embeddable":true,"href":"https:\/\/gruene-wuppertal.de\/fraktion\/wp-json\/wp\/v2\/users\/6"}],"replies":[{"embeddable":true,"href":"https:\/\/gruene-wuppertal.de\/fraktion\/wp-json\/wp\/v2\/comments?post=4393"}],"version-history":[{"count":0,"href":"https:\/\/gruene-wuppertal.de\/fraktion\/wp-json\/wp\/v2\/pressemitteilungen\/4393\/revisions"}],"wp:attachment":[{"href":"https:\/\/gruene-wuppertal.de\/fraktion\/wp-json\/wp\/v2\/media?parent=4393"}],"wp:term":[{"taxonomy":"themen","embeddable":true,"href":"https:\/\/gruene-wuppertal.de\/fraktion\/wp-json\/wp\/v2\/themen?post=4393"}],"curies":[{"name":"wp","href":"https:\/\/api.w.org\/{rel}","templated":true}]}}