{"id":3249,"date":"2012-06-26T10:15:09","date_gmt":"2012-06-26T10:15:09","guid":{"rendered":"http:\/\/www.gruene-wuppertal.de\/fraktion\/?post_type=presse&amp;p=3249"},"modified":"2012-06-26T10:15:09","modified_gmt":"2012-06-26T10:15:09","slug":"grune-klimaschutz-fangt-beim-bauen-an","status":"publish","type":"pressemitteilungen","link":"https:\/\/gruene-wuppertal.de\/fraktion\/pressemitteilungen\/grune-klimaschutz-fangt-beim-bauen-an\/","title":{"rendered":"GR\u00dcNE: Klimaschutz f\u00e4ngt beim Bauen an!"},"content":{"rendered":"<p><strong><\/strong>Die GR\u00dcNE Ratsfraktion beantragt im heutigen Finanzausschuss den Einsatz von Erneuerbaren Energien beim Bau von H\u00e4usern auf st\u00e4dtischen Grundst\u00fccken.<\/p>\n<p><strong>Klaus L\u00fcdemann<\/strong>, energiepolitischer Sprecher der GR\u00dcNEN Ratsfraktion:<br \/>\n\u201eWir begr\u00fc\u00dfen es sehr, dass die Stadt Wuppertal Grundst\u00fccke f\u00fcr den Bau sogenannter Stadth\u00e4user verkaufen will. An der Harmoniestra\u00dfe in Elberfeld und an der Alten Dorfstra\u00dfe in Sonnborn sollen Einfamilienh\u00e4user entstehen, die statt auf der gr\u00fcnen Wiese zentral im Innenbereich f\u00fcr eine gute Erreichbarkeit von Einzelhandel, Kinderg\u00e4rten, Schulen und kulturellen Einrichtungen\u00a0 sorgen. Neben dem Vorteil f\u00fcr die Mobilit\u00e4t wollen wir dar\u00fcber hinaus auch f\u00fcr energetische Vorteile sorgen. Wir beantragen eine vertragliche Regelung, dass beim Bau der Stadth\u00e4user die energetischen Anforderungen und Empfehlungen der Planungsleitlinien \u201e100 Klimaschutzsiedlungen\u201c des Landes NRW festgesetzt werden. Damit werden Klimaschutzma\u00dfnahmen umgesetzt, die sich positiv auf die Energiekosten und den Klimaschutz auswirken.\u201c<\/p>\n<p>\u201eKurz nach dem 2. Kongress Hundertprozentig.Erneuerbar am vergangenen Freitag auf dem Campus Freudenberg der Universit\u00e4t gibt es nun die Chance, Theorie in Praxis umzusetzen\u201c, erg\u00e4nzt <strong>Bettina Br\u00fccher<\/strong>, Vorsitzende des Umweltausschusses. \u201eFazit des Kongresses war: eine 100% erneuerbare Energieregion Bergisches Land ist m\u00f6glich. Mehr als 300 Akteure aus Wirtschaft, Universit\u00e4t, Gesellschaft und Politik wollen sich vernetzen, um das Ziel zu erreichen. Mit den geplanten Stadth\u00e4usern, hat die Stadt Wuppertal die wunderbare Gelegenheit zu beweisen, dass nicht nur geredet sondern auch gehandelt wird.\u201c<\/p>\n<p>Den Antrag, der auch in der Ratssitzung am 02.07. behandelt wird, finden Sie <a href=\"https:\/\/www.gruene-wuppertal.de\/fraktion\/antraege\/klimaschutz-in-der-grundstuckswirtschaft\/\">hier<\/a>.<\/p>\n<p>&nbsp;<\/p>\n","protected":false},"excerpt":{"rendered":"<p>Die GR\u00dcNE Ratsfraktion beantragt im heutigen Finanzausschuss den Einsatz von Erneuerbaren Energien beim Bau von H\u00e4usern auf st\u00e4dtischen Grundst\u00fccken. Klaus L\u00fcdemann, energiepolitischer Sprecher der GR\u00dcNEN Ratsfraktion: \u201eWir begr\u00fc\u00dfen es sehr, dass die Stadt Wuppertal Grundst\u00fccke f\u00fcr den Bau sogenannter Stadth\u00e4user verkaufen will. An der Harmoniestra\u00dfe&#8230;<\/p>\n","protected":false},"author":6,"featured_media":0,"menu_order":0,"comment_status":"closed","ping_status":"closed","template":"","meta":{"_wp_rev_ctl_limit":""},"themen":[34,58,23],"yoast_head":"<!-- This site is optimized with the Yoast SEO plugin v21.8 - https:\/\/yoast.com\/wordpress\/plugins\/seo\/ -->\n<title>GR\u00dcNE: Klimaschutz f\u00e4ngt beim Bauen an! - Fraktion von B\u00fcndnis 90 \/ DIE GR\u00dcNEN im Rat der Stadt Wuppertal<\/title>\n<meta name=\"robots\" content=\"index, follow, max-snippet:-1, max-image-preview:large, max-video-preview:-1\" \/>\n<link rel=\"canonical\" href=\"https:\/\/gruene-wuppertal.de\/fraktion\/pressemitteilungen\/grune-klimaschutz-fangt-beim-bauen-an\/\" \/>\n<meta property=\"og:locale\" content=\"de_DE\" \/>\n<meta property=\"og:type\" content=\"article\" \/>\n<meta property=\"og:title\" content=\"GR\u00dcNE: Klimaschutz f\u00e4ngt beim Bauen an! - Fraktion von B\u00fcndnis 90 \/ DIE GR\u00dcNEN im Rat der Stadt Wuppertal\" \/>\n<meta property=\"og:description\" content=\"Die GR\u00dcNE Ratsfraktion beantragt im heutigen Finanzausschuss den Einsatz von Erneuerbaren Energien beim Bau von H\u00e4usern auf st\u00e4dtischen Grundst\u00fccken. Klaus L\u00fcdemann, energiepolitischer Sprecher der GR\u00dcNEN Ratsfraktion: \u201eWir begr\u00fc\u00dfen es sehr, dass die Stadt Wuppertal Grundst\u00fccke f\u00fcr den Bau sogenannter Stadth\u00e4user verkaufen will. An der Harmoniestra\u00dfe...\" \/>\n<meta property=\"og:url\" content=\"https:\/\/gruene-wuppertal.de\/fraktion\/pressemitteilungen\/grune-klimaschutz-fangt-beim-bauen-an\/\" \/>\n<meta property=\"og:site_name\" content=\"Fraktion von B\u00fcndnis 90 \/ DIE GR\u00dcNEN im Rat der Stadt Wuppertal\" \/>\n<meta name=\"twitter:card\" content=\"summary_large_image\" \/>\n<meta name=\"twitter:label1\" content=\"Gesch\u00e4tzte Lesezeit\" \/>\n\t<meta name=\"twitter:data1\" content=\"1 Minute\" \/>\n<script type=\"application\/ld+json\" class=\"yoast-schema-graph\">{\"@context\":\"https:\/\/schema.org\",\"@graph\":[{\"@type\":\"WebPage\",\"@id\":\"https:\/\/gruene-wuppertal.de\/fraktion\/pressemitteilungen\/grune-klimaschutz-fangt-beim-bauen-an\/\",\"url\":\"https:\/\/gruene-wuppertal.de\/fraktion\/pressemitteilungen\/grune-klimaschutz-fangt-beim-bauen-an\/\",\"name\":\"GR\u00dcNE: Klimaschutz f\u00e4ngt beim Bauen an! - Fraktion von B\u00fcndnis 90 \/ DIE GR\u00dcNEN im Rat der Stadt Wuppertal\",\"isPartOf\":{\"@id\":\"https:\/\/gruene-wuppertal.de\/fraktion\/#website\"},\"datePublished\":\"2012-06-26T10:15:09+00:00\",\"dateModified\":\"2012-06-26T10:15:09+00:00\",\"breadcrumb\":{\"@id\":\"https:\/\/gruene-wuppertal.de\/fraktion\/pressemitteilungen\/grune-klimaschutz-fangt-beim-bauen-an\/#breadcrumb\"},\"inLanguage\":\"de-DE\",\"potentialAction\":[{\"@type\":\"ReadAction\",\"target\":[\"https:\/\/gruene-wuppertal.de\/fraktion\/pressemitteilungen\/grune-klimaschutz-fangt-beim-bauen-an\/\"]}]},{\"@type\":\"BreadcrumbList\",\"@id\":\"https:\/\/gruene-wuppertal.de\/fraktion\/pressemitteilungen\/grune-klimaschutz-fangt-beim-bauen-an\/#breadcrumb\",\"itemListElement\":[{\"@type\":\"ListItem\",\"position\":1,\"name\":\"Startseite\",\"item\":\"https:\/\/gruene-wuppertal.de\/fraktion\/\"},{\"@type\":\"ListItem\",\"position\":2,\"name\":\"GR\u00dcNE: Klimaschutz f\u00e4ngt beim Bauen an!\"}]},{\"@type\":\"WebSite\",\"@id\":\"https:\/\/gruene-wuppertal.de\/fraktion\/#website\",\"url\":\"https:\/\/gruene-wuppertal.de\/fraktion\/\",\"name\":\"Fraktion von B\u00fcndnis 90 \/ DIE GR\u00dcNEN im Rat der Stadt Wuppertal\",\"description\":\"\",\"potentialAction\":[{\"@type\":\"SearchAction\",\"target\":{\"@type\":\"EntryPoint\",\"urlTemplate\":\"https:\/\/gruene-wuppertal.de\/fraktion\/?s={search_term_string}\"},\"query-input\":\"required name=search_term_string\"}],\"inLanguage\":\"de-DE\"}]}<\/script>\n<!-- \/ Yoast SEO plugin. -->","yoast_head_json":{"title":"GR\u00dcNE: Klimaschutz f\u00e4ngt beim Bauen an! - Fraktion von B\u00fcndnis 90 \/ DIE GR\u00dcNEN im Rat der Stadt Wuppertal","robots":{"index":"index","follow":"follow","max-snippet":"max-snippet:-1","max-image-preview":"max-image-preview:large","max-video-preview":"max-video-preview:-1"},"canonical":"https:\/\/gruene-wuppertal.de\/fraktion\/pressemitteilungen\/grune-klimaschutz-fangt-beim-bauen-an\/","og_locale":"de_DE","og_type":"article","og_title":"GR\u00dcNE: Klimaschutz f\u00e4ngt beim Bauen an! - Fraktion von B\u00fcndnis 90 \/ DIE GR\u00dcNEN im Rat der Stadt Wuppertal","og_description":"Die GR\u00dcNE Ratsfraktion beantragt im heutigen Finanzausschuss den Einsatz von Erneuerbaren Energien beim Bau von H\u00e4usern auf st\u00e4dtischen Grundst\u00fccken. Klaus L\u00fcdemann, energiepolitischer Sprecher der GR\u00dcNEN Ratsfraktion: \u201eWir begr\u00fc\u00dfen es sehr, dass die Stadt Wuppertal Grundst\u00fccke f\u00fcr den Bau sogenannter Stadth\u00e4user verkaufen will. An der Harmoniestra\u00dfe...","og_url":"https:\/\/gruene-wuppertal.de\/fraktion\/pressemitteilungen\/grune-klimaschutz-fangt-beim-bauen-an\/","og_site_name":"Fraktion von B\u00fcndnis 90 \/ DIE GR\u00dcNEN im Rat der Stadt Wuppertal","twitter_card":"summary_large_image","twitter_misc":{"Gesch\u00e4tzte Lesezeit":"1 Minute"},"schema":{"@context":"https:\/\/schema.org","@graph":[{"@type":"WebPage","@id":"https:\/\/gruene-wuppertal.de\/fraktion\/pressemitteilungen\/grune-klimaschutz-fangt-beim-bauen-an\/","url":"https:\/\/gruene-wuppertal.de\/fraktion\/pressemitteilungen\/grune-klimaschutz-fangt-beim-bauen-an\/","name":"GR\u00dcNE: Klimaschutz f\u00e4ngt beim Bauen an! - Fraktion von B\u00fcndnis 90 \/ DIE GR\u00dcNEN im Rat der Stadt Wuppertal","isPartOf":{"@id":"https:\/\/gruene-wuppertal.de\/fraktion\/#website"},"datePublished":"2012-06-26T10:15:09+00:00","dateModified":"2012-06-26T10:15:09+00:00","breadcrumb":{"@id":"https:\/\/gruene-wuppertal.de\/fraktion\/pressemitteilungen\/grune-klimaschutz-fangt-beim-bauen-an\/#breadcrumb"},"inLanguage":"de-DE","potentialAction":[{"@type":"ReadAction","target":["https:\/\/gruene-wuppertal.de\/fraktion\/pressemitteilungen\/grune-klimaschutz-fangt-beim-bauen-an\/"]}]},{"@type":"BreadcrumbList","@id":"https:\/\/gruene-wuppertal.de\/fraktion\/pressemitteilungen\/grune-klimaschutz-fangt-beim-bauen-an\/#breadcrumb","itemListElement":[{"@type":"ListItem","position":1,"name":"Startseite","item":"https:\/\/gruene-wuppertal.de\/fraktion\/"},{"@type":"ListItem","position":2,"name":"GR\u00dcNE: Klimaschutz f\u00e4ngt beim Bauen an!"}]},{"@type":"WebSite","@id":"https:\/\/gruene-wuppertal.de\/fraktion\/#website","url":"https:\/\/gruene-wuppertal.de\/fraktion\/","name":"Fraktion von B\u00fcndnis 90 \/ DIE GR\u00dcNEN im Rat der Stadt Wuppertal","description":"","potentialAction":[{"@type":"SearchAction","target":{"@type":"EntryPoint","urlTemplate":"https:\/\/gruene-wuppertal.de\/fraktion\/?s={search_term_string}"},"query-input":"required name=search_term_string"}],"inLanguage":"de-DE"}]}},"post_mailing_queue_ids":[],"_links":{"self":[{"href":"https:\/\/gruene-wuppertal.de\/fraktion\/wp-json\/wp\/v2\/pressemitteilungen\/3249"}],"collection":[{"href":"https:\/\/gruene-wuppertal.de\/fraktion\/wp-json\/wp\/v2\/pressemitteilungen"}],"about":[{"href":"https:\/\/gruene-wuppertal.de\/fraktion\/wp-json\/wp\/v2\/types\/pressemitteilungen"}],"author":[{"embeddable":true,"href":"https:\/\/gruene-wuppertal.de\/fraktion\/wp-json\/wp\/v2\/users\/6"}],"replies":[{"embeddable":true,"href":"https:\/\/gruene-wuppertal.de\/fraktion\/wp-json\/wp\/v2\/comments?post=3249"}],"version-history":[{"count":0,"href":"https:\/\/gruene-wuppertal.de\/fraktion\/wp-json\/wp\/v2\/pressemitteilungen\/3249\/revisions"}],"wp:attachment":[{"href":"https:\/\/gruene-wuppertal.de\/fraktion\/wp-json\/wp\/v2\/media?parent=3249"}],"wp:term":[{"taxonomy":"themen","embeddable":true,"href":"https:\/\/gruene-wuppertal.de\/fraktion\/wp-json\/wp\/v2\/themen?post=3249"}],"curies":[{"name":"wp","href":"https:\/\/api.w.org\/{rel}","templated":true}]}}