{"id":22790,"date":"2026-02-10T13:51:48","date_gmt":"2026-02-10T12:51:48","guid":{"rendered":"https:\/\/gruene-wuppertal.de\/fraktion\/?post_type=pressemitteilungen&#038;p=22790"},"modified":"2026-02-10T13:51:48","modified_gmt":"2026-02-10T12:51:48","slug":"baumschutzsatzung-bewaehrt-sich-ueber-350-baeume-gerettet-nachpflanzung-auf-dem-rathausvorplatz-beantragt","status":"publish","type":"pressemitteilungen","link":"https:\/\/gruene-wuppertal.de\/fraktion\/pressemitteilungen\/baumschutzsatzung-bewaehrt-sich-ueber-350-baeume-gerettet-nachpflanzung-auf-dem-rathausvorplatz-beantragt\/","title":{"rendered":"Baumschutzsatzung bew\u00e4hrt sich: \u00dcber 350 B\u00e4ume gerettet \u2013 Nachpflanzung auf dem Rathausvorplatz beantragt"},"content":{"rendered":"<p>Die Baumschutzsatzung der Stadt zeigt nachhaltige Wirkung: Wie die Verwaltung in ihrem Bericht f\u00fcr die morgige Sitzung des Ausschusses f\u00fcr Umwelt, Gesundheit, Klima, Verbraucherschutz und Nachhaltigkeit darlegt, konnten im vergangenen Jahr mehr als 350 B\u00e4ume durch gezielte Ma\u00dfnahmen vor der F\u00e4llung bewahrt oder lediglich ma\u00dfvoll zur\u00fcckgeschnitten werden. Gleichzeitig sichert ein gemeinsamer Antrag von SPD, CDU und B\u00fcndnis 90\/Die Gr\u00fcnen die Nachpflanzung klimaresilienter B\u00e4ume auf dem Rathausvorplatz, nachdem dort gestern die alten Linden aufgrund von Standortsicherheitsrisiken gef\u00e4llt werden mussten.<\/p>\n<p>\u201eDie gestrigen F\u00e4llarbeiten auf dem Rathausvorplatz waren bedauerlich, aber unvermeidbar\u201c, <strong>erkl\u00e4rt Ulrich T. Christenn<\/strong>, Fraktionsvorsitzender und umweltpolitischer Sprecher der Gr\u00fcnen \u201eEin Gutachten der Verwaltung hatte ergeben, dass die Wurzeln der Linden zu wenig Platz hatten und die B\u00e4ume daher nicht mehr standortsicher waren. Unser Antrag stellt sicher, dass der Platz nicht versiegelt wird und perspektivisch wieder schattenspendende B\u00e4ume wachsen k\u00f6nnen.\u201c Die Nachpflanzung auf dem Rathausvorplatz zeigt, dass wir Verantwortung \u00fcbernehmen: Wo alte B\u00e4ume weichen m\u00fcssen, schaffen wir Platz f\u00fcr neue, klimaresiliente Arten.\u201c Der Antrag wird in der morgigen Ausschusssitzung beraten.<\/p>\n<p><strong>Anja Liebert<\/strong>, Vorsitzende des Umweltausschusses, betont die Bedeutung der 2019 wieder eingef\u00fchrten Baumschutzsatzung: \u201eB\u00e4ume sind unverzichtbar f\u00fcr das Stadtklima \u2013 sie spenden Schatten, binden CO\u2082 und verbessern die Luftqualit\u00e4t. Die Baumschutzsatzung ist ein zentrales Instrument, um unseren urbanen Gr\u00fcnbestand zu sichern. Die positiven Zahlen des Verwaltungsberichts belegen, dass die Wiedereinf\u00fchrung der Satzung richtig war. Ohne sie w\u00e4ren zahlreiche B\u00e4ume ohne Ersatz gef\u00e4llt worden. Dass nun \u00fcber 350 B\u00e4ume gerettet und zus\u00e4tzlich Ersatzpflanzungen vorgenommen wurden, ist ein gro\u00dfer Erfolg f\u00fcr den st\u00e4dtischen Klimaschutz.\u201c<\/p>\n<p><strong>Hintergrund: <\/strong>Die Baumschutzsatzung wurde 2019 auf Initiative von CDU und B\u00fcndnis 90\/Die Gr\u00fcnen wieder eingef\u00fchrt. Sie regelt den Schutz von B\u00e4umen ab einem bestimmten Stammumfang und sieht Ersatzpflanzungen vor, falls F\u00e4llungen genehmigt werden m\u00fcssen.<\/p>\n","protected":false},"excerpt":{"rendered":"<p>Die Baumschutzsatzung der Stadt zeigt nachhaltige Wirkung: Wie die Verwaltung in ihrem Bericht f\u00fcr die morgige Sitzung des Ausschusses f\u00fcr Umwelt, Gesundheit, Klima, Verbraucherschutz und Nachhaltigkeit darlegt, konnten im vergangenen Jahr mehr als 350 B\u00e4ume durch gezielte Ma\u00dfnahmen vor der F\u00e4llung bewahrt oder lediglich ma\u00dfvoll&#8230;<\/p>\n","protected":false},"author":89,"featured_media":0,"menu_order":0,"comment_status":"open","ping_status":"open","template":"","meta":{"_wp_rev_ctl_limit":""},"themen":[314,50,700,23],"yoast_head":"<!-- This site is optimized with the Yoast SEO plugin v21.8 - https:\/\/yoast.com\/wordpress\/plugins\/seo\/ -->\n<title>Baumschutzsatzung bew\u00e4hrt sich: \u00dcber 350 B\u00e4ume gerettet \u2013 Nachpflanzung auf dem Rathausvorplatz beantragt - Fraktion von B\u00fcndnis 90 \/ DIE GR\u00dcNEN im Rat der Stadt Wuppertal<\/title>\n<meta name=\"robots\" content=\"index, follow, max-snippet:-1, max-image-preview:large, max-video-preview:-1\" \/>\n<link rel=\"canonical\" href=\"https:\/\/gruene-wuppertal.de\/fraktion\/pressemitteilungen\/baumschutzsatzung-bewaehrt-sich-ueber-350-baeume-gerettet-nachpflanzung-auf-dem-rathausvorplatz-beantragt\/\" \/>\n<meta property=\"og:locale\" content=\"de_DE\" \/>\n<meta property=\"og:type\" content=\"article\" \/>\n<meta property=\"og:title\" content=\"Baumschutzsatzung bew\u00e4hrt sich: \u00dcber 350 B\u00e4ume gerettet \u2013 Nachpflanzung auf dem Rathausvorplatz beantragt - Fraktion von B\u00fcndnis 90 \/ DIE GR\u00dcNEN im Rat der Stadt Wuppertal\" \/>\n<meta property=\"og:description\" content=\"Die Baumschutzsatzung der Stadt zeigt nachhaltige Wirkung: Wie die Verwaltung in ihrem Bericht f\u00fcr die morgige Sitzung des Ausschusses f\u00fcr Umwelt, Gesundheit, Klima, Verbraucherschutz und Nachhaltigkeit darlegt, konnten im vergangenen Jahr mehr als 350 B\u00e4ume durch gezielte Ma\u00dfnahmen vor der F\u00e4llung bewahrt oder lediglich ma\u00dfvoll...\" \/>\n<meta property=\"og:url\" content=\"https:\/\/gruene-wuppertal.de\/fraktion\/pressemitteilungen\/baumschutzsatzung-bewaehrt-sich-ueber-350-baeume-gerettet-nachpflanzung-auf-dem-rathausvorplatz-beantragt\/\" \/>\n<meta property=\"og:site_name\" content=\"Fraktion von B\u00fcndnis 90 \/ DIE GR\u00dcNEN im Rat der Stadt Wuppertal\" \/>\n<meta name=\"twitter:card\" content=\"summary_large_image\" \/>\n<meta name=\"twitter:label1\" content=\"Gesch\u00e4tzte Lesezeit\" \/>\n\t<meta name=\"twitter:data1\" content=\"2 Minuten\" \/>\n<script type=\"application\/ld+json\" class=\"yoast-schema-graph\">{\"@context\":\"https:\/\/schema.org\",\"@graph\":[{\"@type\":\"WebPage\",\"@id\":\"https:\/\/gruene-wuppertal.de\/fraktion\/pressemitteilungen\/baumschutzsatzung-bewaehrt-sich-ueber-350-baeume-gerettet-nachpflanzung-auf-dem-rathausvorplatz-beantragt\/\",\"url\":\"https:\/\/gruene-wuppertal.de\/fraktion\/pressemitteilungen\/baumschutzsatzung-bewaehrt-sich-ueber-350-baeume-gerettet-nachpflanzung-auf-dem-rathausvorplatz-beantragt\/\",\"name\":\"Baumschutzsatzung bew\u00e4hrt sich: \u00dcber 350 B\u00e4ume gerettet \u2013 Nachpflanzung auf dem Rathausvorplatz beantragt - Fraktion von B\u00fcndnis 90 \/ DIE GR\u00dcNEN im Rat der Stadt Wuppertal\",\"isPartOf\":{\"@id\":\"https:\/\/gruene-wuppertal.de\/fraktion\/#website\"},\"datePublished\":\"2026-02-10T12:51:48+00:00\",\"dateModified\":\"2026-02-10T12:51:48+00:00\",\"breadcrumb\":{\"@id\":\"https:\/\/gruene-wuppertal.de\/fraktion\/pressemitteilungen\/baumschutzsatzung-bewaehrt-sich-ueber-350-baeume-gerettet-nachpflanzung-auf-dem-rathausvorplatz-beantragt\/#breadcrumb\"},\"inLanguage\":\"de-DE\",\"potentialAction\":[{\"@type\":\"ReadAction\",\"target\":[\"https:\/\/gruene-wuppertal.de\/fraktion\/pressemitteilungen\/baumschutzsatzung-bewaehrt-sich-ueber-350-baeume-gerettet-nachpflanzung-auf-dem-rathausvorplatz-beantragt\/\"]}]},{\"@type\":\"BreadcrumbList\",\"@id\":\"https:\/\/gruene-wuppertal.de\/fraktion\/pressemitteilungen\/baumschutzsatzung-bewaehrt-sich-ueber-350-baeume-gerettet-nachpflanzung-auf-dem-rathausvorplatz-beantragt\/#breadcrumb\",\"itemListElement\":[{\"@type\":\"ListItem\",\"position\":1,\"name\":\"Startseite\",\"item\":\"https:\/\/gruene-wuppertal.de\/fraktion\/\"},{\"@type\":\"ListItem\",\"position\":2,\"name\":\"Baumschutzsatzung bew\u00e4hrt sich: \u00dcber 350 B\u00e4ume gerettet \u2013 Nachpflanzung auf dem Rathausvorplatz beantragt\"}]},{\"@type\":\"WebSite\",\"@id\":\"https:\/\/gruene-wuppertal.de\/fraktion\/#website\",\"url\":\"https:\/\/gruene-wuppertal.de\/fraktion\/\",\"name\":\"Fraktion von B\u00fcndnis 90 \/ DIE GR\u00dcNEN im Rat der Stadt Wuppertal\",\"description\":\"\",\"potentialAction\":[{\"@type\":\"SearchAction\",\"target\":{\"@type\":\"EntryPoint\",\"urlTemplate\":\"https:\/\/gruene-wuppertal.de\/fraktion\/?s={search_term_string}\"},\"query-input\":\"required name=search_term_string\"}],\"inLanguage\":\"de-DE\"}]}<\/script>\n<!-- \/ Yoast SEO plugin. -->","yoast_head_json":{"title":"Baumschutzsatzung bew\u00e4hrt sich: \u00dcber 350 B\u00e4ume gerettet \u2013 Nachpflanzung auf dem Rathausvorplatz beantragt - Fraktion von B\u00fcndnis 90 \/ DIE GR\u00dcNEN im Rat der Stadt Wuppertal","robots":{"index":"index","follow":"follow","max-snippet":"max-snippet:-1","max-image-preview":"max-image-preview:large","max-video-preview":"max-video-preview:-1"},"canonical":"https:\/\/gruene-wuppertal.de\/fraktion\/pressemitteilungen\/baumschutzsatzung-bewaehrt-sich-ueber-350-baeume-gerettet-nachpflanzung-auf-dem-rathausvorplatz-beantragt\/","og_locale":"de_DE","og_type":"article","og_title":"Baumschutzsatzung bew\u00e4hrt sich: \u00dcber 350 B\u00e4ume gerettet \u2013 Nachpflanzung auf dem Rathausvorplatz beantragt - Fraktion von B\u00fcndnis 90 \/ DIE GR\u00dcNEN im Rat der Stadt Wuppertal","og_description":"Die Baumschutzsatzung der Stadt zeigt nachhaltige Wirkung: Wie die Verwaltung in ihrem Bericht f\u00fcr die morgige Sitzung des Ausschusses f\u00fcr Umwelt, Gesundheit, Klima, Verbraucherschutz und Nachhaltigkeit darlegt, konnten im vergangenen Jahr mehr als 350 B\u00e4ume durch gezielte Ma\u00dfnahmen vor der F\u00e4llung bewahrt oder lediglich ma\u00dfvoll...","og_url":"https:\/\/gruene-wuppertal.de\/fraktion\/pressemitteilungen\/baumschutzsatzung-bewaehrt-sich-ueber-350-baeume-gerettet-nachpflanzung-auf-dem-rathausvorplatz-beantragt\/","og_site_name":"Fraktion von B\u00fcndnis 90 \/ DIE GR\u00dcNEN im Rat der Stadt Wuppertal","twitter_card":"summary_large_image","twitter_misc":{"Gesch\u00e4tzte Lesezeit":"2 Minuten"},"schema":{"@context":"https:\/\/schema.org","@graph":[{"@type":"WebPage","@id":"https:\/\/gruene-wuppertal.de\/fraktion\/pressemitteilungen\/baumschutzsatzung-bewaehrt-sich-ueber-350-baeume-gerettet-nachpflanzung-auf-dem-rathausvorplatz-beantragt\/","url":"https:\/\/gruene-wuppertal.de\/fraktion\/pressemitteilungen\/baumschutzsatzung-bewaehrt-sich-ueber-350-baeume-gerettet-nachpflanzung-auf-dem-rathausvorplatz-beantragt\/","name":"Baumschutzsatzung bew\u00e4hrt sich: \u00dcber 350 B\u00e4ume gerettet \u2013 Nachpflanzung auf dem Rathausvorplatz beantragt - Fraktion von B\u00fcndnis 90 \/ DIE GR\u00dcNEN im Rat der Stadt Wuppertal","isPartOf":{"@id":"https:\/\/gruene-wuppertal.de\/fraktion\/#website"},"datePublished":"2026-02-10T12:51:48+00:00","dateModified":"2026-02-10T12:51:48+00:00","breadcrumb":{"@id":"https:\/\/gruene-wuppertal.de\/fraktion\/pressemitteilungen\/baumschutzsatzung-bewaehrt-sich-ueber-350-baeume-gerettet-nachpflanzung-auf-dem-rathausvorplatz-beantragt\/#breadcrumb"},"inLanguage":"de-DE","potentialAction":[{"@type":"ReadAction","target":["https:\/\/gruene-wuppertal.de\/fraktion\/pressemitteilungen\/baumschutzsatzung-bewaehrt-sich-ueber-350-baeume-gerettet-nachpflanzung-auf-dem-rathausvorplatz-beantragt\/"]}]},{"@type":"BreadcrumbList","@id":"https:\/\/gruene-wuppertal.de\/fraktion\/pressemitteilungen\/baumschutzsatzung-bewaehrt-sich-ueber-350-baeume-gerettet-nachpflanzung-auf-dem-rathausvorplatz-beantragt\/#breadcrumb","itemListElement":[{"@type":"ListItem","position":1,"name":"Startseite","item":"https:\/\/gruene-wuppertal.de\/fraktion\/"},{"@type":"ListItem","position":2,"name":"Baumschutzsatzung bew\u00e4hrt sich: \u00dcber 350 B\u00e4ume gerettet \u2013 Nachpflanzung auf dem Rathausvorplatz beantragt"}]},{"@type":"WebSite","@id":"https:\/\/gruene-wuppertal.de\/fraktion\/#website","url":"https:\/\/gruene-wuppertal.de\/fraktion\/","name":"Fraktion von B\u00fcndnis 90 \/ DIE GR\u00dcNEN im Rat der Stadt Wuppertal","description":"","potentialAction":[{"@type":"SearchAction","target":{"@type":"EntryPoint","urlTemplate":"https:\/\/gruene-wuppertal.de\/fraktion\/?s={search_term_string}"},"query-input":"required name=search_term_string"}],"inLanguage":"de-DE"}]}},"post_mailing_queue_ids":[],"_links":{"self":[{"href":"https:\/\/gruene-wuppertal.de\/fraktion\/wp-json\/wp\/v2\/pressemitteilungen\/22790"}],"collection":[{"href":"https:\/\/gruene-wuppertal.de\/fraktion\/wp-json\/wp\/v2\/pressemitteilungen"}],"about":[{"href":"https:\/\/gruene-wuppertal.de\/fraktion\/wp-json\/wp\/v2\/types\/pressemitteilungen"}],"author":[{"embeddable":true,"href":"https:\/\/gruene-wuppertal.de\/fraktion\/wp-json\/wp\/v2\/users\/89"}],"replies":[{"embeddable":true,"href":"https:\/\/gruene-wuppertal.de\/fraktion\/wp-json\/wp\/v2\/comments?post=22790"}],"version-history":[{"count":1,"href":"https:\/\/gruene-wuppertal.de\/fraktion\/wp-json\/wp\/v2\/pressemitteilungen\/22790\/revisions"}],"predecessor-version":[{"id":22791,"href":"https:\/\/gruene-wuppertal.de\/fraktion\/wp-json\/wp\/v2\/pressemitteilungen\/22790\/revisions\/22791"}],"wp:attachment":[{"href":"https:\/\/gruene-wuppertal.de\/fraktion\/wp-json\/wp\/v2\/media?parent=22790"}],"wp:term":[{"taxonomy":"themen","embeddable":true,"href":"https:\/\/gruene-wuppertal.de\/fraktion\/wp-json\/wp\/v2\/themen?post=22790"}],"curies":[{"name":"wp","href":"https:\/\/api.w.org\/{rel}","templated":true}]}}