{"id":22788,"date":"2026-02-10T10:44:21","date_gmt":"2026-02-10T09:44:21","guid":{"rendered":"https:\/\/gruene-wuppertal.de\/fraktion\/?post_type=pressemitteilungen&#038;p=22788"},"modified":"2026-02-10T10:44:21","modified_gmt":"2026-02-10T09:44:21","slug":"gruene-ratsfraktion-begruesst-erste-schritte-zur-verbesserung-der-situation-im-wupperpark-ost","status":"publish","type":"pressemitteilungen","link":"https:\/\/gruene-wuppertal.de\/fraktion\/pressemitteilungen\/gruene-ratsfraktion-begruesst-erste-schritte-zur-verbesserung-der-situation-im-wupperpark-ost\/","title":{"rendered":"Gr\u00fcne Ratsfraktion begr\u00fc\u00dft erste Schritte zur Verbesserung der Situation im Wupperpark Ost"},"content":{"rendered":"<p>Die Gr\u00fcnen im Rat der Stadt Wuppertal begr\u00fc\u00dfen die geplanten Ma\u00dfnahmen zur Verbesserung der Situation im Wupperpark Ost. Angesichts zunehmender Konflikte und einer ver\u00e4nderten Drogenszene setzt der \u201eRunde Tisch Wupperpark Ost\u201c auf eine Strategie der kleinen Schritte, die nach Ansicht der Gr\u00fcnen Ratsfraktion in die richtige Richtung weist. Der Wupperpark Ost ist seit l\u00e4ngerem in den Fokus der \u00f6ffentlichen Diskussion ger\u00fcckt. B\u00fcrger:innen \u00e4u\u00dfern vermehrt Sorgen \u00fcber die Entwicklung des Areals, das zunehmend als Angstraum wahrgenommen wird.<\/p>\n<p>Hintergrund sind steigende Zahlen von Gewaltdelikten und eine Zunahme des Crack-Konsums, der die ohnehin angespannte Lage weiter versch\u00e4rft. Der \u201eRunde Tisch Wupperpark Ost\u201c, an dem Vertreterinnen und Vertreter von Suchthilfe, Gastronomie, Sozialamt, Polizei, Ordnungsamt und der WSW teilnehmen, hat in den vergangenen Monaten nicht nur die Probleme analysiert, sondern auch konkrete L\u00f6sungsans\u00e4tze erarbeitet. Zu den nun geplanten Ma\u00dfnahmen geh\u00f6ren die Ausweitung der \u00d6ffnungszeiten des Caf\u00e9 Cosa, ein verst\u00e4rkter Einsatz von Sozialarbeiterinnen und Sozialarbeitern vor Ort sowie die Verbesserung der sanit\u00e4ren Einrichtungen.<\/p>\n<p>\u201eMit diesen Schritten sind die Verantwortlichen auf einem guten Weg\u201c, erkl\u00e4rt <strong>Marcel Gabriel-Simon<\/strong>, sozialpolitischer Sprecher der Gr\u00fcnen Ratsfraktion. \u201eEine nachhaltige Verbesserung der Situation erfordert Geduld und eine Strategie der kleinen Schritte. Gleichzeitig betonen wir, dass der Wupperpark Ost kein rechtsfreier Raum ist. Kontrollen durch Polizei und Ordnungsamt sind notwendig, m\u00fcssen jedoch mit Ma\u00df und Mitte erfolgen. Repressionen gegen marginalisierte Gruppen lehnen wir entschieden ab.\u201c<\/p>\n<p>\u201eEs wird an einer Neukonzeptionierung f\u00fcr den Wupperpark Ost gearbeitet, hierbei sollte insbesondere gelten, die Situation von Frauen deutlich st\u00e4rker als bisher in den Blick zu nehmen. Frauen, die sich im Wupperpark Ost aufhalten, ebenso wie Kundinnen des Caf\u00e9 Cosa sowie Besucherinnen des Open Grounds und des Caf\u00e9 23, m\u00fcssen sich sicher f\u00fchlen k\u00f6nnen. Ihre Perspektive wird bislang nicht ausreichend ber\u00fccksichtigt und muss mit einem geschulten, fachlich fundierten Blick verbindlich einflie\u00dfen. Dazu geh\u00f6rt auch, infrastrukturelle L\u00f6sungen sensibel und inklusiv zu gestalten. So sollten die neuen Dixi-Toiletten um eine barrierefreie Toilette erg\u00e4nzt werden. Sicherheit, Sauberkeit und Zug\u00e4nglichkeit sind zentrale Faktoren f\u00fcr das subjektive Sicherheitsempfinden. Nur so kann gew\u00e4hrleistet werden, dass Schutz, Aufenthaltsqualit\u00e4t und Teilhabe f\u00fcr alle gleicherma\u00dfen verbessert werden\u201c, so <strong>Janina Smits<\/strong>, gleichstellungspolitische Sprecherin.<\/p>\n<p>Die Gr\u00fcne Ratsfraktion betont, dass eine Verdr\u00e4ngung der offenen Drogenszene keine L\u00f6sung darstellt. Stattdessen m\u00fcsse der Fokus auf einer Kombination aus sozialer Arbeit, pr\u00e4ventiven Ma\u00dfnahmen und einer konsequenten, aber verh\u00e4ltnism\u00e4\u00dfigen Kontrolle liegen.<\/p>\n","protected":false},"excerpt":{"rendered":"<p>Die Gr\u00fcnen im Rat der Stadt Wuppertal begr\u00fc\u00dfen die geplanten Ma\u00dfnahmen zur Verbesserung der Situation im Wupperpark Ost. Angesichts zunehmender Konflikte und einer ver\u00e4nderten Drogenszene setzt der \u201eRunde Tisch Wupperpark Ost\u201c auf eine Strategie der kleinen Schritte, die nach Ansicht der Gr\u00fcnen Ratsfraktion in die&#8230;<\/p>\n","protected":false},"author":89,"featured_media":0,"menu_order":0,"comment_status":"open","ping_status":"open","template":"","meta":{"_wp_rev_ctl_limit":""},"themen":[543,17,36,699],"yoast_head":"<!-- This site is optimized with the Yoast SEO plugin v21.8 - https:\/\/yoast.com\/wordpress\/plugins\/seo\/ -->\n<title>Gr\u00fcne Ratsfraktion begr\u00fc\u00dft erste Schritte zur Verbesserung der Situation im Wupperpark Ost - Fraktion von B\u00fcndnis 90 \/ DIE GR\u00dcNEN im Rat der Stadt Wuppertal<\/title>\n<meta name=\"robots\" content=\"index, follow, max-snippet:-1, max-image-preview:large, max-video-preview:-1\" \/>\n<link rel=\"canonical\" href=\"https:\/\/gruene-wuppertal.de\/fraktion\/pressemitteilungen\/gruene-ratsfraktion-begruesst-erste-schritte-zur-verbesserung-der-situation-im-wupperpark-ost\/\" \/>\n<meta property=\"og:locale\" content=\"de_DE\" \/>\n<meta property=\"og:type\" content=\"article\" \/>\n<meta property=\"og:title\" content=\"Gr\u00fcne Ratsfraktion begr\u00fc\u00dft erste Schritte zur Verbesserung der Situation im Wupperpark Ost - Fraktion von B\u00fcndnis 90 \/ DIE GR\u00dcNEN im Rat der Stadt Wuppertal\" \/>\n<meta property=\"og:description\" content=\"Die Gr\u00fcnen im Rat der Stadt Wuppertal begr\u00fc\u00dfen die geplanten Ma\u00dfnahmen zur Verbesserung der Situation im Wupperpark Ost. Angesichts zunehmender Konflikte und einer ver\u00e4nderten Drogenszene setzt der \u201eRunde Tisch Wupperpark Ost\u201c auf eine Strategie der kleinen Schritte, die nach Ansicht der Gr\u00fcnen Ratsfraktion in die...\" \/>\n<meta property=\"og:url\" content=\"https:\/\/gruene-wuppertal.de\/fraktion\/pressemitteilungen\/gruene-ratsfraktion-begruesst-erste-schritte-zur-verbesserung-der-situation-im-wupperpark-ost\/\" \/>\n<meta property=\"og:site_name\" content=\"Fraktion von B\u00fcndnis 90 \/ DIE GR\u00dcNEN im Rat der Stadt Wuppertal\" \/>\n<meta name=\"twitter:card\" content=\"summary_large_image\" \/>\n<meta name=\"twitter:label1\" content=\"Gesch\u00e4tzte Lesezeit\" \/>\n\t<meta name=\"twitter:data1\" content=\"3 Minuten\" \/>\n<script type=\"application\/ld+json\" class=\"yoast-schema-graph\">{\"@context\":\"https:\/\/schema.org\",\"@graph\":[{\"@type\":\"WebPage\",\"@id\":\"https:\/\/gruene-wuppertal.de\/fraktion\/pressemitteilungen\/gruene-ratsfraktion-begruesst-erste-schritte-zur-verbesserung-der-situation-im-wupperpark-ost\/\",\"url\":\"https:\/\/gruene-wuppertal.de\/fraktion\/pressemitteilungen\/gruene-ratsfraktion-begruesst-erste-schritte-zur-verbesserung-der-situation-im-wupperpark-ost\/\",\"name\":\"Gr\u00fcne Ratsfraktion begr\u00fc\u00dft erste Schritte zur Verbesserung der Situation im Wupperpark Ost - Fraktion von B\u00fcndnis 90 \/ DIE GR\u00dcNEN im Rat der Stadt Wuppertal\",\"isPartOf\":{\"@id\":\"https:\/\/gruene-wuppertal.de\/fraktion\/#website\"},\"datePublished\":\"2026-02-10T09:44:21+00:00\",\"dateModified\":\"2026-02-10T09:44:21+00:00\",\"breadcrumb\":{\"@id\":\"https:\/\/gruene-wuppertal.de\/fraktion\/pressemitteilungen\/gruene-ratsfraktion-begruesst-erste-schritte-zur-verbesserung-der-situation-im-wupperpark-ost\/#breadcrumb\"},\"inLanguage\":\"de-DE\",\"potentialAction\":[{\"@type\":\"ReadAction\",\"target\":[\"https:\/\/gruene-wuppertal.de\/fraktion\/pressemitteilungen\/gruene-ratsfraktion-begruesst-erste-schritte-zur-verbesserung-der-situation-im-wupperpark-ost\/\"]}]},{\"@type\":\"BreadcrumbList\",\"@id\":\"https:\/\/gruene-wuppertal.de\/fraktion\/pressemitteilungen\/gruene-ratsfraktion-begruesst-erste-schritte-zur-verbesserung-der-situation-im-wupperpark-ost\/#breadcrumb\",\"itemListElement\":[{\"@type\":\"ListItem\",\"position\":1,\"name\":\"Startseite\",\"item\":\"https:\/\/gruene-wuppertal.de\/fraktion\/\"},{\"@type\":\"ListItem\",\"position\":2,\"name\":\"Gr\u00fcne Ratsfraktion begr\u00fc\u00dft erste Schritte zur Verbesserung der Situation im Wupperpark Ost\"}]},{\"@type\":\"WebSite\",\"@id\":\"https:\/\/gruene-wuppertal.de\/fraktion\/#website\",\"url\":\"https:\/\/gruene-wuppertal.de\/fraktion\/\",\"name\":\"Fraktion von B\u00fcndnis 90 \/ DIE GR\u00dcNEN im Rat der Stadt Wuppertal\",\"description\":\"\",\"potentialAction\":[{\"@type\":\"SearchAction\",\"target\":{\"@type\":\"EntryPoint\",\"urlTemplate\":\"https:\/\/gruene-wuppertal.de\/fraktion\/?s={search_term_string}\"},\"query-input\":\"required name=search_term_string\"}],\"inLanguage\":\"de-DE\"}]}<\/script>\n<!-- \/ Yoast SEO plugin. -->","yoast_head_json":{"title":"Gr\u00fcne Ratsfraktion begr\u00fc\u00dft erste Schritte zur Verbesserung der Situation im Wupperpark Ost - Fraktion von B\u00fcndnis 90 \/ DIE GR\u00dcNEN im Rat der Stadt Wuppertal","robots":{"index":"index","follow":"follow","max-snippet":"max-snippet:-1","max-image-preview":"max-image-preview:large","max-video-preview":"max-video-preview:-1"},"canonical":"https:\/\/gruene-wuppertal.de\/fraktion\/pressemitteilungen\/gruene-ratsfraktion-begruesst-erste-schritte-zur-verbesserung-der-situation-im-wupperpark-ost\/","og_locale":"de_DE","og_type":"article","og_title":"Gr\u00fcne Ratsfraktion begr\u00fc\u00dft erste Schritte zur Verbesserung der Situation im Wupperpark Ost - Fraktion von B\u00fcndnis 90 \/ DIE GR\u00dcNEN im Rat der Stadt Wuppertal","og_description":"Die Gr\u00fcnen im Rat der Stadt Wuppertal begr\u00fc\u00dfen die geplanten Ma\u00dfnahmen zur Verbesserung der Situation im Wupperpark Ost. Angesichts zunehmender Konflikte und einer ver\u00e4nderten Drogenszene setzt der \u201eRunde Tisch Wupperpark Ost\u201c auf eine Strategie der kleinen Schritte, die nach Ansicht der Gr\u00fcnen Ratsfraktion in die...","og_url":"https:\/\/gruene-wuppertal.de\/fraktion\/pressemitteilungen\/gruene-ratsfraktion-begruesst-erste-schritte-zur-verbesserung-der-situation-im-wupperpark-ost\/","og_site_name":"Fraktion von B\u00fcndnis 90 \/ DIE GR\u00dcNEN im Rat der Stadt Wuppertal","twitter_card":"summary_large_image","twitter_misc":{"Gesch\u00e4tzte Lesezeit":"3 Minuten"},"schema":{"@context":"https:\/\/schema.org","@graph":[{"@type":"WebPage","@id":"https:\/\/gruene-wuppertal.de\/fraktion\/pressemitteilungen\/gruene-ratsfraktion-begruesst-erste-schritte-zur-verbesserung-der-situation-im-wupperpark-ost\/","url":"https:\/\/gruene-wuppertal.de\/fraktion\/pressemitteilungen\/gruene-ratsfraktion-begruesst-erste-schritte-zur-verbesserung-der-situation-im-wupperpark-ost\/","name":"Gr\u00fcne Ratsfraktion begr\u00fc\u00dft erste Schritte zur Verbesserung der Situation im Wupperpark Ost - Fraktion von B\u00fcndnis 90 \/ DIE GR\u00dcNEN im Rat der Stadt Wuppertal","isPartOf":{"@id":"https:\/\/gruene-wuppertal.de\/fraktion\/#website"},"datePublished":"2026-02-10T09:44:21+00:00","dateModified":"2026-02-10T09:44:21+00:00","breadcrumb":{"@id":"https:\/\/gruene-wuppertal.de\/fraktion\/pressemitteilungen\/gruene-ratsfraktion-begruesst-erste-schritte-zur-verbesserung-der-situation-im-wupperpark-ost\/#breadcrumb"},"inLanguage":"de-DE","potentialAction":[{"@type":"ReadAction","target":["https:\/\/gruene-wuppertal.de\/fraktion\/pressemitteilungen\/gruene-ratsfraktion-begruesst-erste-schritte-zur-verbesserung-der-situation-im-wupperpark-ost\/"]}]},{"@type":"BreadcrumbList","@id":"https:\/\/gruene-wuppertal.de\/fraktion\/pressemitteilungen\/gruene-ratsfraktion-begruesst-erste-schritte-zur-verbesserung-der-situation-im-wupperpark-ost\/#breadcrumb","itemListElement":[{"@type":"ListItem","position":1,"name":"Startseite","item":"https:\/\/gruene-wuppertal.de\/fraktion\/"},{"@type":"ListItem","position":2,"name":"Gr\u00fcne Ratsfraktion begr\u00fc\u00dft erste Schritte zur Verbesserung der Situation im Wupperpark Ost"}]},{"@type":"WebSite","@id":"https:\/\/gruene-wuppertal.de\/fraktion\/#website","url":"https:\/\/gruene-wuppertal.de\/fraktion\/","name":"Fraktion von B\u00fcndnis 90 \/ DIE GR\u00dcNEN im Rat der Stadt Wuppertal","description":"","potentialAction":[{"@type":"SearchAction","target":{"@type":"EntryPoint","urlTemplate":"https:\/\/gruene-wuppertal.de\/fraktion\/?s={search_term_string}"},"query-input":"required name=search_term_string"}],"inLanguage":"de-DE"}]}},"post_mailing_queue_ids":[],"_links":{"self":[{"href":"https:\/\/gruene-wuppertal.de\/fraktion\/wp-json\/wp\/v2\/pressemitteilungen\/22788"}],"collection":[{"href":"https:\/\/gruene-wuppertal.de\/fraktion\/wp-json\/wp\/v2\/pressemitteilungen"}],"about":[{"href":"https:\/\/gruene-wuppertal.de\/fraktion\/wp-json\/wp\/v2\/types\/pressemitteilungen"}],"author":[{"embeddable":true,"href":"https:\/\/gruene-wuppertal.de\/fraktion\/wp-json\/wp\/v2\/users\/89"}],"replies":[{"embeddable":true,"href":"https:\/\/gruene-wuppertal.de\/fraktion\/wp-json\/wp\/v2\/comments?post=22788"}],"version-history":[{"count":1,"href":"https:\/\/gruene-wuppertal.de\/fraktion\/wp-json\/wp\/v2\/pressemitteilungen\/22788\/revisions"}],"predecessor-version":[{"id":22789,"href":"https:\/\/gruene-wuppertal.de\/fraktion\/wp-json\/wp\/v2\/pressemitteilungen\/22788\/revisions\/22789"}],"wp:attachment":[{"href":"https:\/\/gruene-wuppertal.de\/fraktion\/wp-json\/wp\/v2\/media?parent=22788"}],"wp:term":[{"taxonomy":"themen","embeddable":true,"href":"https:\/\/gruene-wuppertal.de\/fraktion\/wp-json\/wp\/v2\/themen?post=22788"}],"curies":[{"name":"wp","href":"https:\/\/api.w.org\/{rel}","templated":true}]}}