{"id":22755,"date":"2026-02-04T13:16:40","date_gmt":"2026-02-04T12:16:40","guid":{"rendered":"https:\/\/gruene-wuppertal.de\/fraktion\/?post_type=pressemitteilungen&#038;p=22755"},"modified":"2026-02-05T13:53:11","modified_gmt":"2026-02-05T12:53:11","slug":"gruene-anfrage-zu-weiterbildung-massnahmen-fuer-sgb-ii-beziehende-stark-ruecklaeufig","status":"publish","type":"pressemitteilungen","link":"https:\/\/gruene-wuppertal.de\/fraktion\/pressemitteilungen\/gruene-anfrage-zu-weiterbildung-massnahmen-fuer-sgb-ii-beziehende-stark-ruecklaeufig\/","title":{"rendered":"Gr\u00fcne Anfrage zu Weiterbildung: Ma\u00dfnahmen f\u00fcr SGB II-Beziehende stark r\u00fcckl\u00e4ufig"},"content":{"rendered":"<h3>Die Antwort auf eine GR\u00dcNE Anfrage zur gestrigen Sitzung des Ausschusses f\u00fcr Soziales, Gleichstellung und Inklusion war alarmierend, denn die Bewilligungen von beruflichen Weiterbildungsma\u00dfnahmen f\u00fcr Menschen, die SGB II beziehen, sind im letzten Jahr um fast 64 % zur\u00fcckgegangen.<\/h3>\n<p><strong>Marcel Gabriel-Simon, arbeitsmarktspolitischer Sprecher: <\/strong><\/p>\n<p><strong>\u201e<\/strong>Die Bundesagentur f\u00fcr Arbeit hat im Jahr\u202f2025 nur 136 berufliche Weiterbildungsma\u00dfnahmen (FbW) f\u00fcr SGB\u2011II\u2011Kund*innen bewilligt, obwohl das Jobcenter 339 Antr\u00e4ge eingereicht hat.<\/p>\n<p>Die Bundesagentur hat 242 Antr\u00e4ge genehmigt, 97 abgelehnt und 27 wurden von den Antragsteller:innen zur\u00fcckgezogen. Unter der fr\u00fcheren Regelung w\u00e4re das Jobcenter selbst f\u00fcr die Bewilligung aller 339 Antr\u00e4ge verantwortlich gewesen.\u201c<\/p>\n<p>&nbsp;<\/p>\n<p>Trotz langj\u00e4hriger Erfahrung der Bildungslotsen f\u00fchrt die \u00dcbertragung der Entscheidungskompetenz vom Jobcenter auf die \u00f6rtliche Arbeitsagentur zu doppelten Pr\u00fcfungen. Die durchschnittliche Bearbeitungszeit bis zur Ausstellung eines Bildungsgutscheins betr\u00e4gt derzeit 66\u202fTage, bis zum Beginn der Weiterbildung 83\u202fTage.<\/p>\n<p>Als h\u00e4ufige Ablehnungsgr\u00fcnde werden u.a. unzureichende Sprachkenntnisse trotz Zertifikat, fehlende arbeitsmarktliche Notwendigkeit, Zweifel an der Motivation u.a. genannt.<\/p>\n<p>&nbsp;<\/p>\n<p><strong>Denise Frings, Fraktionsvorsitzende: <\/strong><\/p>\n<p>\u201eWir sehen hier dringenden Handlungsbedarf. Wie das Jobcenter halten wir eine Verschlankung und Beschleunigung des Prozesses sowie die formale Anerkennung der Vorpr\u00fcfung durch die Bildungslotsen f\u00fcr notwendig. Nur klare, schnelle Verfahren ebnen den Menschen den Weg zur\u00fcck in den Arbeitsmarkt. Auch, wenn die Zahlen bundesweit um 15,8\u202f% bei FbW\u2011Eintritten zur\u00fcckgingen, ist die Agentur Wuppertal mit\u202f\u201132,7\u202f% besonders stark betroffen. Wir hoffen, dass der enge Austausch des Jobcenters mit der Bundesagentur f\u00fcr Arbeit zu schnellen Verbesserungen f\u00fchrt.\u201c<\/p>\n<p><strong><a href=\"https:\/\/gruene-wuppertal.de\/fraktion\/wp-content\/uploads\/2026\/01\/VO_0117_26_1_A_Antwort_auf_Anfragen.pdf\">Hier finden Sie die Antwort der Verwaltung<\/a><\/strong><\/p>\n","protected":false},"excerpt":{"rendered":"<p>Die Antwort auf eine GR\u00dcNE Anfrage zur gestrigen Sitzung des Ausschusses f\u00fcr Soziales, Gleichstellung und Inklusion war alarmierend, denn die Bewilligungen von beruflichen Weiterbildungsma\u00dfnahmen f\u00fcr Menschen, die SGB II beziehen, sind im letzten Jahr um fast 64 % zur\u00fcckgegangen. Marcel Gabriel-Simon, arbeitsmarktspolitischer Sprecher: \u201eDie Bundesagentur&#8230;<\/p>\n","protected":false},"author":39,"featured_media":0,"menu_order":0,"comment_status":"open","ping_status":"open","template":"","meta":{"_wp_rev_ctl_limit":""},"themen":[688],"yoast_head":"<!-- This site is optimized with the Yoast SEO plugin v21.8 - https:\/\/yoast.com\/wordpress\/plugins\/seo\/ -->\n<title>Gr\u00fcne Anfrage zu Weiterbildung: Ma\u00dfnahmen f\u00fcr SGB II-Beziehende stark r\u00fcckl\u00e4ufig - Fraktion von B\u00fcndnis 90 \/ DIE GR\u00dcNEN im Rat der Stadt Wuppertal<\/title>\n<meta name=\"robots\" content=\"index, follow, max-snippet:-1, max-image-preview:large, max-video-preview:-1\" \/>\n<link rel=\"canonical\" href=\"https:\/\/gruene-wuppertal.de\/fraktion\/pressemitteilungen\/gruene-anfrage-zu-weiterbildung-massnahmen-fuer-sgb-ii-beziehende-stark-ruecklaeufig\/\" \/>\n<meta property=\"og:locale\" content=\"de_DE\" \/>\n<meta property=\"og:type\" content=\"article\" \/>\n<meta property=\"og:title\" content=\"Gr\u00fcne Anfrage zu Weiterbildung: Ma\u00dfnahmen f\u00fcr SGB II-Beziehende stark r\u00fcckl\u00e4ufig - Fraktion von B\u00fcndnis 90 \/ DIE GR\u00dcNEN im Rat der Stadt Wuppertal\" \/>\n<meta property=\"og:description\" content=\"Die Antwort auf eine GR\u00dcNE Anfrage zur gestrigen Sitzung des Ausschusses f\u00fcr Soziales, Gleichstellung und Inklusion war alarmierend, denn die Bewilligungen von beruflichen Weiterbildungsma\u00dfnahmen f\u00fcr Menschen, die SGB II beziehen, sind im letzten Jahr um fast 64 % zur\u00fcckgegangen. Marcel Gabriel-Simon, arbeitsmarktspolitischer Sprecher: \u201eDie Bundesagentur...\" \/>\n<meta property=\"og:url\" content=\"https:\/\/gruene-wuppertal.de\/fraktion\/pressemitteilungen\/gruene-anfrage-zu-weiterbildung-massnahmen-fuer-sgb-ii-beziehende-stark-ruecklaeufig\/\" \/>\n<meta property=\"og:site_name\" content=\"Fraktion von B\u00fcndnis 90 \/ DIE GR\u00dcNEN im Rat der Stadt Wuppertal\" \/>\n<meta property=\"article:modified_time\" content=\"2026-02-05T12:53:11+00:00\" \/>\n<meta name=\"twitter:card\" content=\"summary_large_image\" \/>\n<meta name=\"twitter:label1\" content=\"Gesch\u00e4tzte Lesezeit\" \/>\n\t<meta name=\"twitter:data1\" content=\"2 Minuten\" \/>\n<script type=\"application\/ld+json\" class=\"yoast-schema-graph\">{\"@context\":\"https:\/\/schema.org\",\"@graph\":[{\"@type\":\"WebPage\",\"@id\":\"https:\/\/gruene-wuppertal.de\/fraktion\/pressemitteilungen\/gruene-anfrage-zu-weiterbildung-massnahmen-fuer-sgb-ii-beziehende-stark-ruecklaeufig\/\",\"url\":\"https:\/\/gruene-wuppertal.de\/fraktion\/pressemitteilungen\/gruene-anfrage-zu-weiterbildung-massnahmen-fuer-sgb-ii-beziehende-stark-ruecklaeufig\/\",\"name\":\"Gr\u00fcne Anfrage zu Weiterbildung: Ma\u00dfnahmen f\u00fcr SGB II-Beziehende stark r\u00fcckl\u00e4ufig - Fraktion von B\u00fcndnis 90 \/ DIE GR\u00dcNEN im Rat der Stadt Wuppertal\",\"isPartOf\":{\"@id\":\"https:\/\/gruene-wuppertal.de\/fraktion\/#website\"},\"datePublished\":\"2026-02-04T12:16:40+00:00\",\"dateModified\":\"2026-02-05T12:53:11+00:00\",\"breadcrumb\":{\"@id\":\"https:\/\/gruene-wuppertal.de\/fraktion\/pressemitteilungen\/gruene-anfrage-zu-weiterbildung-massnahmen-fuer-sgb-ii-beziehende-stark-ruecklaeufig\/#breadcrumb\"},\"inLanguage\":\"de-DE\",\"potentialAction\":[{\"@type\":\"ReadAction\",\"target\":[\"https:\/\/gruene-wuppertal.de\/fraktion\/pressemitteilungen\/gruene-anfrage-zu-weiterbildung-massnahmen-fuer-sgb-ii-beziehende-stark-ruecklaeufig\/\"]}]},{\"@type\":\"BreadcrumbList\",\"@id\":\"https:\/\/gruene-wuppertal.de\/fraktion\/pressemitteilungen\/gruene-anfrage-zu-weiterbildung-massnahmen-fuer-sgb-ii-beziehende-stark-ruecklaeufig\/#breadcrumb\",\"itemListElement\":[{\"@type\":\"ListItem\",\"position\":1,\"name\":\"Startseite\",\"item\":\"https:\/\/gruene-wuppertal.de\/fraktion\/\"},{\"@type\":\"ListItem\",\"position\":2,\"name\":\"Gr\u00fcne Anfrage zu Weiterbildung: Ma\u00dfnahmen f\u00fcr SGB II-Beziehende stark r\u00fcckl\u00e4ufig\"}]},{\"@type\":\"WebSite\",\"@id\":\"https:\/\/gruene-wuppertal.de\/fraktion\/#website\",\"url\":\"https:\/\/gruene-wuppertal.de\/fraktion\/\",\"name\":\"Fraktion von B\u00fcndnis 90 \/ DIE GR\u00dcNEN im Rat der Stadt Wuppertal\",\"description\":\"\",\"potentialAction\":[{\"@type\":\"SearchAction\",\"target\":{\"@type\":\"EntryPoint\",\"urlTemplate\":\"https:\/\/gruene-wuppertal.de\/fraktion\/?s={search_term_string}\"},\"query-input\":\"required name=search_term_string\"}],\"inLanguage\":\"de-DE\"}]}<\/script>\n<!-- \/ Yoast SEO plugin. -->","yoast_head_json":{"title":"Gr\u00fcne Anfrage zu Weiterbildung: Ma\u00dfnahmen f\u00fcr SGB II-Beziehende stark r\u00fcckl\u00e4ufig - Fraktion von B\u00fcndnis 90 \/ DIE GR\u00dcNEN im Rat der Stadt Wuppertal","robots":{"index":"index","follow":"follow","max-snippet":"max-snippet:-1","max-image-preview":"max-image-preview:large","max-video-preview":"max-video-preview:-1"},"canonical":"https:\/\/gruene-wuppertal.de\/fraktion\/pressemitteilungen\/gruene-anfrage-zu-weiterbildung-massnahmen-fuer-sgb-ii-beziehende-stark-ruecklaeufig\/","og_locale":"de_DE","og_type":"article","og_title":"Gr\u00fcne Anfrage zu Weiterbildung: Ma\u00dfnahmen f\u00fcr SGB II-Beziehende stark r\u00fcckl\u00e4ufig - Fraktion von B\u00fcndnis 90 \/ DIE GR\u00dcNEN im Rat der Stadt Wuppertal","og_description":"Die Antwort auf eine GR\u00dcNE Anfrage zur gestrigen Sitzung des Ausschusses f\u00fcr Soziales, Gleichstellung und Inklusion war alarmierend, denn die Bewilligungen von beruflichen Weiterbildungsma\u00dfnahmen f\u00fcr Menschen, die SGB II beziehen, sind im letzten Jahr um fast 64 % zur\u00fcckgegangen. Marcel Gabriel-Simon, arbeitsmarktspolitischer Sprecher: \u201eDie Bundesagentur...","og_url":"https:\/\/gruene-wuppertal.de\/fraktion\/pressemitteilungen\/gruene-anfrage-zu-weiterbildung-massnahmen-fuer-sgb-ii-beziehende-stark-ruecklaeufig\/","og_site_name":"Fraktion von B\u00fcndnis 90 \/ DIE GR\u00dcNEN im Rat der Stadt Wuppertal","article_modified_time":"2026-02-05T12:53:11+00:00","twitter_card":"summary_large_image","twitter_misc":{"Gesch\u00e4tzte Lesezeit":"2 Minuten"},"schema":{"@context":"https:\/\/schema.org","@graph":[{"@type":"WebPage","@id":"https:\/\/gruene-wuppertal.de\/fraktion\/pressemitteilungen\/gruene-anfrage-zu-weiterbildung-massnahmen-fuer-sgb-ii-beziehende-stark-ruecklaeufig\/","url":"https:\/\/gruene-wuppertal.de\/fraktion\/pressemitteilungen\/gruene-anfrage-zu-weiterbildung-massnahmen-fuer-sgb-ii-beziehende-stark-ruecklaeufig\/","name":"Gr\u00fcne Anfrage zu Weiterbildung: Ma\u00dfnahmen f\u00fcr SGB II-Beziehende stark r\u00fcckl\u00e4ufig - Fraktion von B\u00fcndnis 90 \/ DIE GR\u00dcNEN im Rat der Stadt Wuppertal","isPartOf":{"@id":"https:\/\/gruene-wuppertal.de\/fraktion\/#website"},"datePublished":"2026-02-04T12:16:40+00:00","dateModified":"2026-02-05T12:53:11+00:00","breadcrumb":{"@id":"https:\/\/gruene-wuppertal.de\/fraktion\/pressemitteilungen\/gruene-anfrage-zu-weiterbildung-massnahmen-fuer-sgb-ii-beziehende-stark-ruecklaeufig\/#breadcrumb"},"inLanguage":"de-DE","potentialAction":[{"@type":"ReadAction","target":["https:\/\/gruene-wuppertal.de\/fraktion\/pressemitteilungen\/gruene-anfrage-zu-weiterbildung-massnahmen-fuer-sgb-ii-beziehende-stark-ruecklaeufig\/"]}]},{"@type":"BreadcrumbList","@id":"https:\/\/gruene-wuppertal.de\/fraktion\/pressemitteilungen\/gruene-anfrage-zu-weiterbildung-massnahmen-fuer-sgb-ii-beziehende-stark-ruecklaeufig\/#breadcrumb","itemListElement":[{"@type":"ListItem","position":1,"name":"Startseite","item":"https:\/\/gruene-wuppertal.de\/fraktion\/"},{"@type":"ListItem","position":2,"name":"Gr\u00fcne Anfrage zu Weiterbildung: Ma\u00dfnahmen f\u00fcr SGB II-Beziehende stark r\u00fcckl\u00e4ufig"}]},{"@type":"WebSite","@id":"https:\/\/gruene-wuppertal.de\/fraktion\/#website","url":"https:\/\/gruene-wuppertal.de\/fraktion\/","name":"Fraktion von B\u00fcndnis 90 \/ DIE GR\u00dcNEN im Rat der Stadt Wuppertal","description":"","potentialAction":[{"@type":"SearchAction","target":{"@type":"EntryPoint","urlTemplate":"https:\/\/gruene-wuppertal.de\/fraktion\/?s={search_term_string}"},"query-input":"required name=search_term_string"}],"inLanguage":"de-DE"}]}},"post_mailing_queue_ids":[],"_links":{"self":[{"href":"https:\/\/gruene-wuppertal.de\/fraktion\/wp-json\/wp\/v2\/pressemitteilungen\/22755"}],"collection":[{"href":"https:\/\/gruene-wuppertal.de\/fraktion\/wp-json\/wp\/v2\/pressemitteilungen"}],"about":[{"href":"https:\/\/gruene-wuppertal.de\/fraktion\/wp-json\/wp\/v2\/types\/pressemitteilungen"}],"author":[{"embeddable":true,"href":"https:\/\/gruene-wuppertal.de\/fraktion\/wp-json\/wp\/v2\/users\/39"}],"replies":[{"embeddable":true,"href":"https:\/\/gruene-wuppertal.de\/fraktion\/wp-json\/wp\/v2\/comments?post=22755"}],"version-history":[{"count":1,"href":"https:\/\/gruene-wuppertal.de\/fraktion\/wp-json\/wp\/v2\/pressemitteilungen\/22755\/revisions"}],"predecessor-version":[{"id":22756,"href":"https:\/\/gruene-wuppertal.de\/fraktion\/wp-json\/wp\/v2\/pressemitteilungen\/22755\/revisions\/22756"}],"wp:attachment":[{"href":"https:\/\/gruene-wuppertal.de\/fraktion\/wp-json\/wp\/v2\/media?parent=22755"}],"wp:term":[{"taxonomy":"themen","embeddable":true,"href":"https:\/\/gruene-wuppertal.de\/fraktion\/wp-json\/wp\/v2\/themen?post=22755"}],"curies":[{"name":"wp","href":"https:\/\/api.w.org\/{rel}","templated":true}]}}