{"id":21860,"date":"2024-06-20T14:01:03","date_gmt":"2024-06-20T12:01:03","guid":{"rendered":"https:\/\/gruene-wuppertal.de\/fraktion\/?post_type=pressemitteilungen&#038;p=21860"},"modified":"2024-06-20T14:01:21","modified_gmt":"2024-06-20T12:01:21","slug":"gruene-cdu-baut-luftschloesser-auf-kosten-der-stadt","status":"publish","type":"pressemitteilungen","link":"https:\/\/gruene-wuppertal.de\/fraktion\/pressemitteilungen\/gruene-cdu-baut-luftschloesser-auf-kosten-der-stadt\/","title":{"rendered":"GR\u00dcNE: CDU baut Luftschl\u00f6sser auf Kosten der Stadt"},"content":{"rendered":"<p>Heute wurde bekannt, dass die CDU unabgesprochen Gespr\u00e4che f\u00fcr eine zuk\u00fcnftige Nutzung des Kaufhof-Geb\u00e4udes f\u00fchrt. Die GR\u00dcNEN halten das f\u00fcr gef\u00e4hrlich.<\/p>\n<p><strong>Denise Frings<\/strong>, Fraktionsvorsitzende: \u201eDie CDU riskiert mit unausgegorenen Vorstellungen einen jahrelangen Leerstand. Die CDU sollte unsere Stadt nicht als Experimentierfeld nutzen. Entscheidend ist f\u00fcr uns der Fakt, dass das Kaufhofgeb\u00e4ude und die Zukunft der Elberfelder Innenstadt zu wichtig sind, als dass sich eine Partei damit profilieren sollte. Wir fordern sie dazu auf, gemeinschaftlich mit Politik und Verwaltung an tragbaren L\u00f6sungen zu arbeiten und keine Luftschl\u00f6sser zu bauen und sich gegenseitig Versagen vorzuwerfen.\u201c<\/p>\n<p><strong>Paul Yves Ramette<\/strong>, Fraktionsvorsitzender: \u201eDie Verwaltung hat einen Pr\u00fcfauftrag f\u00fcr die Nutzung des Geb\u00e4udes vorgelegt und ist im Gespr\u00e4ch mit einem potenziellen Investor. Das kann mensch bei den unausgegorenen Pl\u00e4nen der CDU nicht behaupten. Mit Konzepten, die auch in anderen St\u00e4dten schon schwierig am Markt umsetzbar sind, sollten wir in Wuppertal nicht experimentieren.\u201c<\/p>\n","protected":false},"excerpt":{"rendered":"<p>Heute wurde bekannt, dass die CDU unabgesprochen Gespr\u00e4che f\u00fcr eine zuk\u00fcnftige Nutzung des Kaufhof-Geb\u00e4udes f\u00fchrt. Die GR\u00dcNEN halten das f\u00fcr gef\u00e4hrlich. Denise Frings, Fraktionsvorsitzende: \u201eDie CDU riskiert mit unausgegorenen Vorstellungen einen jahrelangen Leerstand. Die CDU sollte unsere Stadt nicht als Experimentierfeld nutzen. Entscheidend ist f\u00fcr&#8230;<\/p>\n","protected":false},"author":89,"featured_media":0,"menu_order":0,"comment_status":"open","ping_status":"open","template":"","meta":{"_wp_rev_ctl_limit":""},"themen":[294,401,22],"yoast_head":"<!-- This site is optimized with the Yoast SEO plugin v21.8 - https:\/\/yoast.com\/wordpress\/plugins\/seo\/ -->\n<title>GR\u00dcNE: CDU baut Luftschl\u00f6sser auf Kosten der Stadt - Fraktion von B\u00fcndnis 90 \/ DIE GR\u00dcNEN im Rat der Stadt Wuppertal<\/title>\n<meta name=\"robots\" content=\"index, follow, max-snippet:-1, max-image-preview:large, max-video-preview:-1\" \/>\n<link rel=\"canonical\" href=\"https:\/\/gruene-wuppertal.de\/fraktion\/pressemitteilungen\/gruene-cdu-baut-luftschloesser-auf-kosten-der-stadt\/\" \/>\n<meta property=\"og:locale\" content=\"de_DE\" \/>\n<meta property=\"og:type\" content=\"article\" \/>\n<meta property=\"og:title\" content=\"GR\u00dcNE: CDU baut Luftschl\u00f6sser auf Kosten der Stadt - Fraktion von B\u00fcndnis 90 \/ DIE GR\u00dcNEN im Rat der Stadt Wuppertal\" \/>\n<meta property=\"og:description\" content=\"Heute wurde bekannt, dass die CDU unabgesprochen Gespr\u00e4che f\u00fcr eine zuk\u00fcnftige Nutzung des Kaufhof-Geb\u00e4udes f\u00fchrt. Die GR\u00dcNEN halten das f\u00fcr gef\u00e4hrlich. Denise Frings, Fraktionsvorsitzende: \u201eDie CDU riskiert mit unausgegorenen Vorstellungen einen jahrelangen Leerstand. Die CDU sollte unsere Stadt nicht als Experimentierfeld nutzen. Entscheidend ist f\u00fcr...\" \/>\n<meta property=\"og:url\" content=\"https:\/\/gruene-wuppertal.de\/fraktion\/pressemitteilungen\/gruene-cdu-baut-luftschloesser-auf-kosten-der-stadt\/\" \/>\n<meta property=\"og:site_name\" content=\"Fraktion von B\u00fcndnis 90 \/ DIE GR\u00dcNEN im Rat der Stadt Wuppertal\" \/>\n<meta property=\"article:modified_time\" content=\"2024-06-20T12:01:21+00:00\" \/>\n<meta name=\"twitter:card\" content=\"summary_large_image\" \/>\n<meta name=\"twitter:label1\" content=\"Gesch\u00e4tzte Lesezeit\" \/>\n\t<meta name=\"twitter:data1\" content=\"1 Minute\" \/>\n<script type=\"application\/ld+json\" class=\"yoast-schema-graph\">{\"@context\":\"https:\/\/schema.org\",\"@graph\":[{\"@type\":\"WebPage\",\"@id\":\"https:\/\/gruene-wuppertal.de\/fraktion\/pressemitteilungen\/gruene-cdu-baut-luftschloesser-auf-kosten-der-stadt\/\",\"url\":\"https:\/\/gruene-wuppertal.de\/fraktion\/pressemitteilungen\/gruene-cdu-baut-luftschloesser-auf-kosten-der-stadt\/\",\"name\":\"GR\u00dcNE: CDU baut Luftschl\u00f6sser auf Kosten der Stadt - Fraktion von B\u00fcndnis 90 \/ DIE GR\u00dcNEN im Rat der Stadt Wuppertal\",\"isPartOf\":{\"@id\":\"https:\/\/gruene-wuppertal.de\/fraktion\/#website\"},\"datePublished\":\"2024-06-20T12:01:03+00:00\",\"dateModified\":\"2024-06-20T12:01:21+00:00\",\"breadcrumb\":{\"@id\":\"https:\/\/gruene-wuppertal.de\/fraktion\/pressemitteilungen\/gruene-cdu-baut-luftschloesser-auf-kosten-der-stadt\/#breadcrumb\"},\"inLanguage\":\"de-DE\",\"potentialAction\":[{\"@type\":\"ReadAction\",\"target\":[\"https:\/\/gruene-wuppertal.de\/fraktion\/pressemitteilungen\/gruene-cdu-baut-luftschloesser-auf-kosten-der-stadt\/\"]}]},{\"@type\":\"BreadcrumbList\",\"@id\":\"https:\/\/gruene-wuppertal.de\/fraktion\/pressemitteilungen\/gruene-cdu-baut-luftschloesser-auf-kosten-der-stadt\/#breadcrumb\",\"itemListElement\":[{\"@type\":\"ListItem\",\"position\":1,\"name\":\"Startseite\",\"item\":\"https:\/\/gruene-wuppertal.de\/fraktion\/\"},{\"@type\":\"ListItem\",\"position\":2,\"name\":\"GR\u00dcNE: CDU baut Luftschl\u00f6sser auf Kosten der Stadt\"}]},{\"@type\":\"WebSite\",\"@id\":\"https:\/\/gruene-wuppertal.de\/fraktion\/#website\",\"url\":\"https:\/\/gruene-wuppertal.de\/fraktion\/\",\"name\":\"Fraktion von B\u00fcndnis 90 \/ DIE GR\u00dcNEN im Rat der Stadt Wuppertal\",\"description\":\"\",\"potentialAction\":[{\"@type\":\"SearchAction\",\"target\":{\"@type\":\"EntryPoint\",\"urlTemplate\":\"https:\/\/gruene-wuppertal.de\/fraktion\/?s={search_term_string}\"},\"query-input\":\"required name=search_term_string\"}],\"inLanguage\":\"de-DE\"}]}<\/script>\n<!-- \/ Yoast SEO plugin. -->","yoast_head_json":{"title":"GR\u00dcNE: CDU baut Luftschl\u00f6sser auf Kosten der Stadt - Fraktion von B\u00fcndnis 90 \/ DIE GR\u00dcNEN im Rat der Stadt Wuppertal","robots":{"index":"index","follow":"follow","max-snippet":"max-snippet:-1","max-image-preview":"max-image-preview:large","max-video-preview":"max-video-preview:-1"},"canonical":"https:\/\/gruene-wuppertal.de\/fraktion\/pressemitteilungen\/gruene-cdu-baut-luftschloesser-auf-kosten-der-stadt\/","og_locale":"de_DE","og_type":"article","og_title":"GR\u00dcNE: CDU baut Luftschl\u00f6sser auf Kosten der Stadt - Fraktion von B\u00fcndnis 90 \/ DIE GR\u00dcNEN im Rat der Stadt Wuppertal","og_description":"Heute wurde bekannt, dass die CDU unabgesprochen Gespr\u00e4che f\u00fcr eine zuk\u00fcnftige Nutzung des Kaufhof-Geb\u00e4udes f\u00fchrt. Die GR\u00dcNEN halten das f\u00fcr gef\u00e4hrlich. Denise Frings, Fraktionsvorsitzende: \u201eDie CDU riskiert mit unausgegorenen Vorstellungen einen jahrelangen Leerstand. Die CDU sollte unsere Stadt nicht als Experimentierfeld nutzen. Entscheidend ist f\u00fcr...","og_url":"https:\/\/gruene-wuppertal.de\/fraktion\/pressemitteilungen\/gruene-cdu-baut-luftschloesser-auf-kosten-der-stadt\/","og_site_name":"Fraktion von B\u00fcndnis 90 \/ DIE GR\u00dcNEN im Rat der Stadt Wuppertal","article_modified_time":"2024-06-20T12:01:21+00:00","twitter_card":"summary_large_image","twitter_misc":{"Gesch\u00e4tzte Lesezeit":"1 Minute"},"schema":{"@context":"https:\/\/schema.org","@graph":[{"@type":"WebPage","@id":"https:\/\/gruene-wuppertal.de\/fraktion\/pressemitteilungen\/gruene-cdu-baut-luftschloesser-auf-kosten-der-stadt\/","url":"https:\/\/gruene-wuppertal.de\/fraktion\/pressemitteilungen\/gruene-cdu-baut-luftschloesser-auf-kosten-der-stadt\/","name":"GR\u00dcNE: CDU baut Luftschl\u00f6sser auf Kosten der Stadt - Fraktion von B\u00fcndnis 90 \/ DIE GR\u00dcNEN im Rat der Stadt Wuppertal","isPartOf":{"@id":"https:\/\/gruene-wuppertal.de\/fraktion\/#website"},"datePublished":"2024-06-20T12:01:03+00:00","dateModified":"2024-06-20T12:01:21+00:00","breadcrumb":{"@id":"https:\/\/gruene-wuppertal.de\/fraktion\/pressemitteilungen\/gruene-cdu-baut-luftschloesser-auf-kosten-der-stadt\/#breadcrumb"},"inLanguage":"de-DE","potentialAction":[{"@type":"ReadAction","target":["https:\/\/gruene-wuppertal.de\/fraktion\/pressemitteilungen\/gruene-cdu-baut-luftschloesser-auf-kosten-der-stadt\/"]}]},{"@type":"BreadcrumbList","@id":"https:\/\/gruene-wuppertal.de\/fraktion\/pressemitteilungen\/gruene-cdu-baut-luftschloesser-auf-kosten-der-stadt\/#breadcrumb","itemListElement":[{"@type":"ListItem","position":1,"name":"Startseite","item":"https:\/\/gruene-wuppertal.de\/fraktion\/"},{"@type":"ListItem","position":2,"name":"GR\u00dcNE: CDU baut Luftschl\u00f6sser auf Kosten der Stadt"}]},{"@type":"WebSite","@id":"https:\/\/gruene-wuppertal.de\/fraktion\/#website","url":"https:\/\/gruene-wuppertal.de\/fraktion\/","name":"Fraktion von B\u00fcndnis 90 \/ DIE GR\u00dcNEN im Rat der Stadt Wuppertal","description":"","potentialAction":[{"@type":"SearchAction","target":{"@type":"EntryPoint","urlTemplate":"https:\/\/gruene-wuppertal.de\/fraktion\/?s={search_term_string}"},"query-input":"required name=search_term_string"}],"inLanguage":"de-DE"}]}},"post_mailing_queue_ids":[],"_links":{"self":[{"href":"https:\/\/gruene-wuppertal.de\/fraktion\/wp-json\/wp\/v2\/pressemitteilungen\/21860"}],"collection":[{"href":"https:\/\/gruene-wuppertal.de\/fraktion\/wp-json\/wp\/v2\/pressemitteilungen"}],"about":[{"href":"https:\/\/gruene-wuppertal.de\/fraktion\/wp-json\/wp\/v2\/types\/pressemitteilungen"}],"author":[{"embeddable":true,"href":"https:\/\/gruene-wuppertal.de\/fraktion\/wp-json\/wp\/v2\/users\/89"}],"replies":[{"embeddable":true,"href":"https:\/\/gruene-wuppertal.de\/fraktion\/wp-json\/wp\/v2\/comments?post=21860"}],"version-history":[{"count":2,"href":"https:\/\/gruene-wuppertal.de\/fraktion\/wp-json\/wp\/v2\/pressemitteilungen\/21860\/revisions"}],"predecessor-version":[{"id":21862,"href":"https:\/\/gruene-wuppertal.de\/fraktion\/wp-json\/wp\/v2\/pressemitteilungen\/21860\/revisions\/21862"}],"wp:attachment":[{"href":"https:\/\/gruene-wuppertal.de\/fraktion\/wp-json\/wp\/v2\/media?parent=21860"}],"wp:term":[{"taxonomy":"themen","embeddable":true,"href":"https:\/\/gruene-wuppertal.de\/fraktion\/wp-json\/wp\/v2\/themen?post=21860"}],"curies":[{"name":"wp","href":"https:\/\/api.w.org\/{rel}","templated":true}]}}