{"id":21858,"date":"2024-06-20T10:44:17","date_gmt":"2024-06-20T08:44:17","guid":{"rendered":"https:\/\/gruene-wuppertal.de\/fraktion\/?post_type=pressemitteilungen&#038;p=21858"},"modified":"2024-06-20T10:44:17","modified_gmt":"2024-06-20T08:44:17","slug":"gruene-zur-wuppertaler-verkehrspolitik-handbremse-loesen","status":"publish","type":"pressemitteilungen","link":"https:\/\/gruene-wuppertal.de\/fraktion\/pressemitteilungen\/gruene-zur-wuppertaler-verkehrspolitik-handbremse-loesen\/","title":{"rendered":"GR\u00dcNE zur Wuppertaler Verkehrspolitik: Handbremse l\u00f6sen!"},"content":{"rendered":"<p>Im Verkehrsausschusses wurden am Dienstag die wichtigen Themen Talachsenradweg und Radverkehrsf\u00fchrung im Zuge der Nordbahntrasse Am Diek behandelt. F\u00fcr eine bessere Ber\u00fccksichtigung des Radverkehrs hatten zudem verschiedene Initiativen vor Beginn der Ausschusssitzung vor dem Radhaus demonstriert.<\/p>\n<p>Bereits Ende April 2023 hat der Ausschuss die Verwaltung beauftragt, auf der Talachse die schnellstm\u00f6gliche Schaffung einer Radverkehrsverbindung mit Priorit\u00e4t zu planen und zu realisieren. Am Diek muss aufgrund der Forderung der Unfallkommission eine bessere, sicherere F\u00fchrung f\u00fcr den Radverkehr gefunden werden.<\/p>\n<p><strong>Timo Schmidt<\/strong>, verkehrspolitischer Sprecher, betont: \u201eWir diskutieren auf der Basis des bereits beschlossenen ganzheitlichen st\u00e4dtischen Radverkehrskonzeptes, das entlang der Talachse eine Radverbindung sowohl auf der B7 als auch parallel zur B7 vorsieht. Aus unserer Sicht ist die vorerst beschlossene Priorisierung auf den Talachsenradweg parallel zur B7 ein Kompromiss, der den geringen finanziellen und personellen Ressourcen des Verkehrsressorts geschuldet ist. Das Ressort hat unter Federf\u00fchrung des SPD-Verkehrsdezernenten Meyer neue Planungen f\u00fcr den Radverkehr auf der Talachse vorgelegt. Die Ablehnung von SPD, FDP, Linke und CDU in der Bezirksvertretung Barmen zu diesen Planungen waren darum \u00fcberhaupt nicht nachvollziehbar.\u201c<\/p>\n<p>Der Stadtverordnete <strong>Rainer Widmann <\/strong>erg\u00e4nzt: \u201eAber nun wurden erfreulicherweise die von der Fachverwaltung ausgearbeiteten Radverkehrsplanungen f\u00fcr weitere Abschnitte des Talachenradweges am Hardtufer und im Bereich Unterd\u00f6rnen vor dem Finanzamt einstimmig in der Sitzung vor der Sommerpause beschlossen und damit auf den Weg gebracht. Ebenso wurde die Verwaltung durch einen einstimmigen Beschluss beauftragt f\u00fcr die vor einigen Monaten entstandene L\u00fccke im Zuge der Nordbahntrassen im Bereich Am Diek eine kurzfristig umsetzbare, sichere Radverkehrsf\u00fchrung vorzulegen. Au\u00dferdem sollen umgehend eine bessere Beschilderung, eine Erg\u00e4nzung der Wegweisung und Hinweise auf kreuzenden Radverkehr aufgestellt werden.\u201c<\/p>\n","protected":false},"excerpt":{"rendered":"<p>Im Verkehrsausschusses wurden am Dienstag die wichtigen Themen Talachsenradweg und Radverkehrsf\u00fchrung im Zuge der Nordbahntrasse Am Diek behandelt. F\u00fcr eine bessere Ber\u00fccksichtigung des Radverkehrs hatten zudem verschiedene Initiativen vor Beginn der Ausschusssitzung vor dem Radhaus demonstriert. Bereits Ende April 2023 hat der Ausschuss die Verwaltung&#8230;<\/p>\n","protected":false},"author":89,"featured_media":0,"menu_order":0,"comment_status":"open","ping_status":"open","template":"","meta":{"_wp_rev_ctl_limit":""},"themen":[],"yoast_head":"<!-- This site is optimized with the Yoast SEO plugin v21.8 - https:\/\/yoast.com\/wordpress\/plugins\/seo\/ -->\n<title>GR\u00dcNE zur Wuppertaler Verkehrspolitik: Handbremse l\u00f6sen! - Fraktion von B\u00fcndnis 90 \/ DIE GR\u00dcNEN im Rat der Stadt Wuppertal<\/title>\n<meta name=\"robots\" content=\"index, follow, max-snippet:-1, max-image-preview:large, max-video-preview:-1\" \/>\n<link rel=\"canonical\" href=\"https:\/\/gruene-wuppertal.de\/fraktion\/pressemitteilungen\/gruene-zur-wuppertaler-verkehrspolitik-handbremse-loesen\/\" \/>\n<meta property=\"og:locale\" content=\"de_DE\" \/>\n<meta property=\"og:type\" content=\"article\" \/>\n<meta property=\"og:title\" content=\"GR\u00dcNE zur Wuppertaler Verkehrspolitik: Handbremse l\u00f6sen! - Fraktion von B\u00fcndnis 90 \/ DIE GR\u00dcNEN im Rat der Stadt Wuppertal\" \/>\n<meta property=\"og:description\" content=\"Im Verkehrsausschusses wurden am Dienstag die wichtigen Themen Talachsenradweg und Radverkehrsf\u00fchrung im Zuge der Nordbahntrasse Am Diek behandelt. F\u00fcr eine bessere Ber\u00fccksichtigung des Radverkehrs hatten zudem verschiedene Initiativen vor Beginn der Ausschusssitzung vor dem Radhaus demonstriert. Bereits Ende April 2023 hat der Ausschuss die Verwaltung...\" \/>\n<meta property=\"og:url\" content=\"https:\/\/gruene-wuppertal.de\/fraktion\/pressemitteilungen\/gruene-zur-wuppertaler-verkehrspolitik-handbremse-loesen\/\" \/>\n<meta property=\"og:site_name\" content=\"Fraktion von B\u00fcndnis 90 \/ DIE GR\u00dcNEN im Rat der Stadt Wuppertal\" \/>\n<meta name=\"twitter:card\" content=\"summary_large_image\" \/>\n<meta name=\"twitter:label1\" content=\"Gesch\u00e4tzte Lesezeit\" \/>\n\t<meta name=\"twitter:data1\" content=\"2 Minuten\" \/>\n<script type=\"application\/ld+json\" class=\"yoast-schema-graph\">{\"@context\":\"https:\/\/schema.org\",\"@graph\":[{\"@type\":\"WebPage\",\"@id\":\"https:\/\/gruene-wuppertal.de\/fraktion\/pressemitteilungen\/gruene-zur-wuppertaler-verkehrspolitik-handbremse-loesen\/\",\"url\":\"https:\/\/gruene-wuppertal.de\/fraktion\/pressemitteilungen\/gruene-zur-wuppertaler-verkehrspolitik-handbremse-loesen\/\",\"name\":\"GR\u00dcNE zur Wuppertaler Verkehrspolitik: Handbremse l\u00f6sen! - Fraktion von B\u00fcndnis 90 \/ DIE GR\u00dcNEN im Rat der Stadt Wuppertal\",\"isPartOf\":{\"@id\":\"https:\/\/gruene-wuppertal.de\/fraktion\/#website\"},\"datePublished\":\"2024-06-20T08:44:17+00:00\",\"dateModified\":\"2024-06-20T08:44:17+00:00\",\"breadcrumb\":{\"@id\":\"https:\/\/gruene-wuppertal.de\/fraktion\/pressemitteilungen\/gruene-zur-wuppertaler-verkehrspolitik-handbremse-loesen\/#breadcrumb\"},\"inLanguage\":\"de-DE\",\"potentialAction\":[{\"@type\":\"ReadAction\",\"target\":[\"https:\/\/gruene-wuppertal.de\/fraktion\/pressemitteilungen\/gruene-zur-wuppertaler-verkehrspolitik-handbremse-loesen\/\"]}]},{\"@type\":\"BreadcrumbList\",\"@id\":\"https:\/\/gruene-wuppertal.de\/fraktion\/pressemitteilungen\/gruene-zur-wuppertaler-verkehrspolitik-handbremse-loesen\/#breadcrumb\",\"itemListElement\":[{\"@type\":\"ListItem\",\"position\":1,\"name\":\"Startseite\",\"item\":\"https:\/\/gruene-wuppertal.de\/fraktion\/\"},{\"@type\":\"ListItem\",\"position\":2,\"name\":\"GR\u00dcNE zur Wuppertaler Verkehrspolitik: Handbremse l\u00f6sen!\"}]},{\"@type\":\"WebSite\",\"@id\":\"https:\/\/gruene-wuppertal.de\/fraktion\/#website\",\"url\":\"https:\/\/gruene-wuppertal.de\/fraktion\/\",\"name\":\"Fraktion von B\u00fcndnis 90 \/ DIE GR\u00dcNEN im Rat der Stadt Wuppertal\",\"description\":\"\",\"potentialAction\":[{\"@type\":\"SearchAction\",\"target\":{\"@type\":\"EntryPoint\",\"urlTemplate\":\"https:\/\/gruene-wuppertal.de\/fraktion\/?s={search_term_string}\"},\"query-input\":\"required name=search_term_string\"}],\"inLanguage\":\"de-DE\"}]}<\/script>\n<!-- \/ Yoast SEO plugin. -->","yoast_head_json":{"title":"GR\u00dcNE zur Wuppertaler Verkehrspolitik: Handbremse l\u00f6sen! - Fraktion von B\u00fcndnis 90 \/ DIE GR\u00dcNEN im Rat der Stadt Wuppertal","robots":{"index":"index","follow":"follow","max-snippet":"max-snippet:-1","max-image-preview":"max-image-preview:large","max-video-preview":"max-video-preview:-1"},"canonical":"https:\/\/gruene-wuppertal.de\/fraktion\/pressemitteilungen\/gruene-zur-wuppertaler-verkehrspolitik-handbremse-loesen\/","og_locale":"de_DE","og_type":"article","og_title":"GR\u00dcNE zur Wuppertaler Verkehrspolitik: Handbremse l\u00f6sen! - Fraktion von B\u00fcndnis 90 \/ DIE GR\u00dcNEN im Rat der Stadt Wuppertal","og_description":"Im Verkehrsausschusses wurden am Dienstag die wichtigen Themen Talachsenradweg und Radverkehrsf\u00fchrung im Zuge der Nordbahntrasse Am Diek behandelt. F\u00fcr eine bessere Ber\u00fccksichtigung des Radverkehrs hatten zudem verschiedene Initiativen vor Beginn der Ausschusssitzung vor dem Radhaus demonstriert. Bereits Ende April 2023 hat der Ausschuss die Verwaltung...","og_url":"https:\/\/gruene-wuppertal.de\/fraktion\/pressemitteilungen\/gruene-zur-wuppertaler-verkehrspolitik-handbremse-loesen\/","og_site_name":"Fraktion von B\u00fcndnis 90 \/ DIE GR\u00dcNEN im Rat der Stadt Wuppertal","twitter_card":"summary_large_image","twitter_misc":{"Gesch\u00e4tzte Lesezeit":"2 Minuten"},"schema":{"@context":"https:\/\/schema.org","@graph":[{"@type":"WebPage","@id":"https:\/\/gruene-wuppertal.de\/fraktion\/pressemitteilungen\/gruene-zur-wuppertaler-verkehrspolitik-handbremse-loesen\/","url":"https:\/\/gruene-wuppertal.de\/fraktion\/pressemitteilungen\/gruene-zur-wuppertaler-verkehrspolitik-handbremse-loesen\/","name":"GR\u00dcNE zur Wuppertaler Verkehrspolitik: Handbremse l\u00f6sen! - Fraktion von B\u00fcndnis 90 \/ DIE GR\u00dcNEN im Rat der Stadt Wuppertal","isPartOf":{"@id":"https:\/\/gruene-wuppertal.de\/fraktion\/#website"},"datePublished":"2024-06-20T08:44:17+00:00","dateModified":"2024-06-20T08:44:17+00:00","breadcrumb":{"@id":"https:\/\/gruene-wuppertal.de\/fraktion\/pressemitteilungen\/gruene-zur-wuppertaler-verkehrspolitik-handbremse-loesen\/#breadcrumb"},"inLanguage":"de-DE","potentialAction":[{"@type":"ReadAction","target":["https:\/\/gruene-wuppertal.de\/fraktion\/pressemitteilungen\/gruene-zur-wuppertaler-verkehrspolitik-handbremse-loesen\/"]}]},{"@type":"BreadcrumbList","@id":"https:\/\/gruene-wuppertal.de\/fraktion\/pressemitteilungen\/gruene-zur-wuppertaler-verkehrspolitik-handbremse-loesen\/#breadcrumb","itemListElement":[{"@type":"ListItem","position":1,"name":"Startseite","item":"https:\/\/gruene-wuppertal.de\/fraktion\/"},{"@type":"ListItem","position":2,"name":"GR\u00dcNE zur Wuppertaler Verkehrspolitik: Handbremse l\u00f6sen!"}]},{"@type":"WebSite","@id":"https:\/\/gruene-wuppertal.de\/fraktion\/#website","url":"https:\/\/gruene-wuppertal.de\/fraktion\/","name":"Fraktion von B\u00fcndnis 90 \/ DIE GR\u00dcNEN im Rat der Stadt Wuppertal","description":"","potentialAction":[{"@type":"SearchAction","target":{"@type":"EntryPoint","urlTemplate":"https:\/\/gruene-wuppertal.de\/fraktion\/?s={search_term_string}"},"query-input":"required name=search_term_string"}],"inLanguage":"de-DE"}]}},"post_mailing_queue_ids":[],"_links":{"self":[{"href":"https:\/\/gruene-wuppertal.de\/fraktion\/wp-json\/wp\/v2\/pressemitteilungen\/21858"}],"collection":[{"href":"https:\/\/gruene-wuppertal.de\/fraktion\/wp-json\/wp\/v2\/pressemitteilungen"}],"about":[{"href":"https:\/\/gruene-wuppertal.de\/fraktion\/wp-json\/wp\/v2\/types\/pressemitteilungen"}],"author":[{"embeddable":true,"href":"https:\/\/gruene-wuppertal.de\/fraktion\/wp-json\/wp\/v2\/users\/89"}],"replies":[{"embeddable":true,"href":"https:\/\/gruene-wuppertal.de\/fraktion\/wp-json\/wp\/v2\/comments?post=21858"}],"version-history":[{"count":1,"href":"https:\/\/gruene-wuppertal.de\/fraktion\/wp-json\/wp\/v2\/pressemitteilungen\/21858\/revisions"}],"predecessor-version":[{"id":21859,"href":"https:\/\/gruene-wuppertal.de\/fraktion\/wp-json\/wp\/v2\/pressemitteilungen\/21858\/revisions\/21859"}],"wp:attachment":[{"href":"https:\/\/gruene-wuppertal.de\/fraktion\/wp-json\/wp\/v2\/media?parent=21858"}],"wp:term":[{"taxonomy":"themen","embeddable":true,"href":"https:\/\/gruene-wuppertal.de\/fraktion\/wp-json\/wp\/v2\/themen?post=21858"}],"curies":[{"name":"wp","href":"https:\/\/api.w.org\/{rel}","templated":true}]}}