{"id":21840,"date":"2024-06-14T12:00:55","date_gmt":"2024-06-14T10:00:55","guid":{"rendered":"https:\/\/gruene-wuppertal.de\/fraktion\/?post_type=pressemitteilungen&#038;p=21840"},"modified":"2024-06-14T12:00:55","modified_gmt":"2024-06-14T10:00:55","slug":"glueckwunsch-zum-team-award-beim-deutschen-jugendfilmpreis-2024","status":"publish","type":"pressemitteilungen","link":"https:\/\/gruene-wuppertal.de\/fraktion\/pressemitteilungen\/glueckwunsch-zum-team-award-beim-deutschen-jugendfilmpreis-2024\/","title":{"rendered":"Gl\u00fcckwunsch zum Team-Award beim Deutschen Jugendfilmpreis 2024!"},"content":{"rendered":"<p>Die Fraktion B\u00dcNDNIS 90\/DIE GR\u00dcNEN gratuliert dem Medienprojekt zur Auszeichnung der Handyfilmserie RAMADAN KAREEM beim Deutschen Jugendfilmpreis 2024.<\/p>\n<p><strong>Anne Jebbari, <\/strong>integrationspolitische Sprecherin:<\/p>\n<p>\u201eWir freuen uns sehr, dass das Projekt RAMADAN KAREEM nun in diesem Rahmen ausgezeichnet wurde. Sie ist zusammengestellt aus Videotageb\u00fcchern und begleitet 10 junge Muslim*innen aus Wuppertal w\u00e4hrend des Fastenmonat Ramadan im vergangenen Jahr. Wir k\u00f6nnen die Protagonist*innen und ihren Alltag kennenlernen und erhalten sehr pers\u00f6nliche Einblicke in die Gedankenwelt der jungen Wuppertaler*innen. Die Handyfilmserie empowert, schafft Sichtbarkeit und zeigt den Reichtum vielf\u00e4ltiger Lebensrealit\u00e4ten in Wuppertal und Deutschland.\u201c<\/p>\n<p><strong>\u00a0<\/strong><strong>Denise Frings, <\/strong>Fraktionsvorsitzende:<\/p>\n<p>\u201eWir m\u00f6chten uns beim Wuppertaler Medienprojekt f\u00fcr die Unterst\u00fctzung und Umsetzung des Dokumentarfilms bedanken. Und auch m\u00f6chten wir uns ganz herzlich bei den Protagonist*innen f\u00fcr ihr Engagement bedanken. Gerade in aktuellen Zeiten von rassistisch motivierten Angriffen auf muslimische Menschen und dem wachsenden Rechtsruck in der Gesellschaft ist die Auseinandersetzung mit pers\u00f6nlichen Geschichten und Lebensrealit\u00e4ten von Muslim*innen umso wichtiger. Die Offenheit und Nahbarkeit der Mitwirkenden tr\u00e4gt dazu bei, Stigmata und Muslimfeindlichkeit zu bek\u00e4mpfen und eine weltoffene und diverse Stadtgesellschaft zu f\u00f6rdern.\u201c<\/p>\n<p>Die Filmreihe RAMADAN KAREEM ist auf dem Youtube-Kanal des Medienprojektes Wuppertal anzusehen: <a href=\"https:\/\/www.youtube.com\/watch?v=7wniUimoiTg&amp;list=PLLS5BG3HZ71BTr1GnoWDf7nh95Bdl2wz3\">https:\/\/www.youtube.com\/watch?v=7wniUimoiTg&amp;list=PLLS5BG3HZ71BTr1GnoWDf7nh95Bdl2wz3<\/a><\/p>\n<p>&nbsp;<\/p>\n","protected":false},"excerpt":{"rendered":"<p>Die Fraktion B\u00dcNDNIS 90\/DIE GR\u00dcNEN gratuliert dem Medienprojekt zur Auszeichnung der Handyfilmserie RAMADAN KAREEM beim Deutschen Jugendfilmpreis 2024. Anne Jebbari, integrationspolitische Sprecherin: \u201eWir freuen uns sehr, dass das Projekt RAMADAN KAREEM nun in diesem Rahmen ausgezeichnet wurde. Sie ist zusammengestellt aus Videotageb\u00fcchern und begleitet 10&#8230;<\/p>\n","protected":false},"author":89,"featured_media":0,"menu_order":0,"comment_status":"open","ping_status":"open","template":"","meta":{"_wp_rev_ctl_limit":""},"themen":[546,498,545],"yoast_head":"<!-- This site is optimized with the Yoast SEO plugin v21.8 - https:\/\/yoast.com\/wordpress\/plugins\/seo\/ -->\n<title>Gl\u00fcckwunsch zum Team-Award beim Deutschen Jugendfilmpreis 2024! - Fraktion von B\u00fcndnis 90 \/ DIE GR\u00dcNEN im Rat der Stadt Wuppertal<\/title>\n<meta name=\"robots\" content=\"index, follow, max-snippet:-1, max-image-preview:large, max-video-preview:-1\" \/>\n<link rel=\"canonical\" href=\"https:\/\/gruene-wuppertal.de\/fraktion\/pressemitteilungen\/glueckwunsch-zum-team-award-beim-deutschen-jugendfilmpreis-2024\/\" \/>\n<meta property=\"og:locale\" content=\"de_DE\" \/>\n<meta property=\"og:type\" content=\"article\" \/>\n<meta property=\"og:title\" content=\"Gl\u00fcckwunsch zum Team-Award beim Deutschen Jugendfilmpreis 2024! - Fraktion von B\u00fcndnis 90 \/ DIE GR\u00dcNEN im Rat der Stadt Wuppertal\" \/>\n<meta property=\"og:description\" content=\"Die Fraktion B\u00dcNDNIS 90\/DIE GR\u00dcNEN gratuliert dem Medienprojekt zur Auszeichnung der Handyfilmserie RAMADAN KAREEM beim Deutschen Jugendfilmpreis 2024. Anne Jebbari, integrationspolitische Sprecherin: \u201eWir freuen uns sehr, dass das Projekt RAMADAN KAREEM nun in diesem Rahmen ausgezeichnet wurde. Sie ist zusammengestellt aus Videotageb\u00fcchern und begleitet 10...\" \/>\n<meta property=\"og:url\" content=\"https:\/\/gruene-wuppertal.de\/fraktion\/pressemitteilungen\/glueckwunsch-zum-team-award-beim-deutschen-jugendfilmpreis-2024\/\" \/>\n<meta property=\"og:site_name\" content=\"Fraktion von B\u00fcndnis 90 \/ DIE GR\u00dcNEN im Rat der Stadt Wuppertal\" \/>\n<meta name=\"twitter:card\" content=\"summary_large_image\" \/>\n<meta name=\"twitter:label1\" content=\"Gesch\u00e4tzte Lesezeit\" \/>\n\t<meta name=\"twitter:data1\" content=\"2 Minuten\" \/>\n<script type=\"application\/ld+json\" class=\"yoast-schema-graph\">{\"@context\":\"https:\/\/schema.org\",\"@graph\":[{\"@type\":\"WebPage\",\"@id\":\"https:\/\/gruene-wuppertal.de\/fraktion\/pressemitteilungen\/glueckwunsch-zum-team-award-beim-deutschen-jugendfilmpreis-2024\/\",\"url\":\"https:\/\/gruene-wuppertal.de\/fraktion\/pressemitteilungen\/glueckwunsch-zum-team-award-beim-deutschen-jugendfilmpreis-2024\/\",\"name\":\"Gl\u00fcckwunsch zum Team-Award beim Deutschen Jugendfilmpreis 2024! - Fraktion von B\u00fcndnis 90 \/ DIE GR\u00dcNEN im Rat der Stadt Wuppertal\",\"isPartOf\":{\"@id\":\"https:\/\/gruene-wuppertal.de\/fraktion\/#website\"},\"datePublished\":\"2024-06-14T10:00:55+00:00\",\"dateModified\":\"2024-06-14T10:00:55+00:00\",\"breadcrumb\":{\"@id\":\"https:\/\/gruene-wuppertal.de\/fraktion\/pressemitteilungen\/glueckwunsch-zum-team-award-beim-deutschen-jugendfilmpreis-2024\/#breadcrumb\"},\"inLanguage\":\"de-DE\",\"potentialAction\":[{\"@type\":\"ReadAction\",\"target\":[\"https:\/\/gruene-wuppertal.de\/fraktion\/pressemitteilungen\/glueckwunsch-zum-team-award-beim-deutschen-jugendfilmpreis-2024\/\"]}]},{\"@type\":\"BreadcrumbList\",\"@id\":\"https:\/\/gruene-wuppertal.de\/fraktion\/pressemitteilungen\/glueckwunsch-zum-team-award-beim-deutschen-jugendfilmpreis-2024\/#breadcrumb\",\"itemListElement\":[{\"@type\":\"ListItem\",\"position\":1,\"name\":\"Startseite\",\"item\":\"https:\/\/gruene-wuppertal.de\/fraktion\/\"},{\"@type\":\"ListItem\",\"position\":2,\"name\":\"Gl\u00fcckwunsch zum Team-Award beim Deutschen Jugendfilmpreis 2024!\"}]},{\"@type\":\"WebSite\",\"@id\":\"https:\/\/gruene-wuppertal.de\/fraktion\/#website\",\"url\":\"https:\/\/gruene-wuppertal.de\/fraktion\/\",\"name\":\"Fraktion von B\u00fcndnis 90 \/ DIE GR\u00dcNEN im Rat der Stadt Wuppertal\",\"description\":\"\",\"potentialAction\":[{\"@type\":\"SearchAction\",\"target\":{\"@type\":\"EntryPoint\",\"urlTemplate\":\"https:\/\/gruene-wuppertal.de\/fraktion\/?s={search_term_string}\"},\"query-input\":\"required name=search_term_string\"}],\"inLanguage\":\"de-DE\"}]}<\/script>\n<!-- \/ Yoast SEO plugin. -->","yoast_head_json":{"title":"Gl\u00fcckwunsch zum Team-Award beim Deutschen Jugendfilmpreis 2024! - Fraktion von B\u00fcndnis 90 \/ DIE GR\u00dcNEN im Rat der Stadt Wuppertal","robots":{"index":"index","follow":"follow","max-snippet":"max-snippet:-1","max-image-preview":"max-image-preview:large","max-video-preview":"max-video-preview:-1"},"canonical":"https:\/\/gruene-wuppertal.de\/fraktion\/pressemitteilungen\/glueckwunsch-zum-team-award-beim-deutschen-jugendfilmpreis-2024\/","og_locale":"de_DE","og_type":"article","og_title":"Gl\u00fcckwunsch zum Team-Award beim Deutschen Jugendfilmpreis 2024! - Fraktion von B\u00fcndnis 90 \/ DIE GR\u00dcNEN im Rat der Stadt Wuppertal","og_description":"Die Fraktion B\u00dcNDNIS 90\/DIE GR\u00dcNEN gratuliert dem Medienprojekt zur Auszeichnung der Handyfilmserie RAMADAN KAREEM beim Deutschen Jugendfilmpreis 2024. Anne Jebbari, integrationspolitische Sprecherin: \u201eWir freuen uns sehr, dass das Projekt RAMADAN KAREEM nun in diesem Rahmen ausgezeichnet wurde. Sie ist zusammengestellt aus Videotageb\u00fcchern und begleitet 10...","og_url":"https:\/\/gruene-wuppertal.de\/fraktion\/pressemitteilungen\/glueckwunsch-zum-team-award-beim-deutschen-jugendfilmpreis-2024\/","og_site_name":"Fraktion von B\u00fcndnis 90 \/ DIE GR\u00dcNEN im Rat der Stadt Wuppertal","twitter_card":"summary_large_image","twitter_misc":{"Gesch\u00e4tzte Lesezeit":"2 Minuten"},"schema":{"@context":"https:\/\/schema.org","@graph":[{"@type":"WebPage","@id":"https:\/\/gruene-wuppertal.de\/fraktion\/pressemitteilungen\/glueckwunsch-zum-team-award-beim-deutschen-jugendfilmpreis-2024\/","url":"https:\/\/gruene-wuppertal.de\/fraktion\/pressemitteilungen\/glueckwunsch-zum-team-award-beim-deutschen-jugendfilmpreis-2024\/","name":"Gl\u00fcckwunsch zum Team-Award beim Deutschen Jugendfilmpreis 2024! - Fraktion von B\u00fcndnis 90 \/ DIE GR\u00dcNEN im Rat der Stadt Wuppertal","isPartOf":{"@id":"https:\/\/gruene-wuppertal.de\/fraktion\/#website"},"datePublished":"2024-06-14T10:00:55+00:00","dateModified":"2024-06-14T10:00:55+00:00","breadcrumb":{"@id":"https:\/\/gruene-wuppertal.de\/fraktion\/pressemitteilungen\/glueckwunsch-zum-team-award-beim-deutschen-jugendfilmpreis-2024\/#breadcrumb"},"inLanguage":"de-DE","potentialAction":[{"@type":"ReadAction","target":["https:\/\/gruene-wuppertal.de\/fraktion\/pressemitteilungen\/glueckwunsch-zum-team-award-beim-deutschen-jugendfilmpreis-2024\/"]}]},{"@type":"BreadcrumbList","@id":"https:\/\/gruene-wuppertal.de\/fraktion\/pressemitteilungen\/glueckwunsch-zum-team-award-beim-deutschen-jugendfilmpreis-2024\/#breadcrumb","itemListElement":[{"@type":"ListItem","position":1,"name":"Startseite","item":"https:\/\/gruene-wuppertal.de\/fraktion\/"},{"@type":"ListItem","position":2,"name":"Gl\u00fcckwunsch zum Team-Award beim Deutschen Jugendfilmpreis 2024!"}]},{"@type":"WebSite","@id":"https:\/\/gruene-wuppertal.de\/fraktion\/#website","url":"https:\/\/gruene-wuppertal.de\/fraktion\/","name":"Fraktion von B\u00fcndnis 90 \/ DIE GR\u00dcNEN im Rat der Stadt Wuppertal","description":"","potentialAction":[{"@type":"SearchAction","target":{"@type":"EntryPoint","urlTemplate":"https:\/\/gruene-wuppertal.de\/fraktion\/?s={search_term_string}"},"query-input":"required name=search_term_string"}],"inLanguage":"de-DE"}]}},"post_mailing_queue_ids":[],"_links":{"self":[{"href":"https:\/\/gruene-wuppertal.de\/fraktion\/wp-json\/wp\/v2\/pressemitteilungen\/21840"}],"collection":[{"href":"https:\/\/gruene-wuppertal.de\/fraktion\/wp-json\/wp\/v2\/pressemitteilungen"}],"about":[{"href":"https:\/\/gruene-wuppertal.de\/fraktion\/wp-json\/wp\/v2\/types\/pressemitteilungen"}],"author":[{"embeddable":true,"href":"https:\/\/gruene-wuppertal.de\/fraktion\/wp-json\/wp\/v2\/users\/89"}],"replies":[{"embeddable":true,"href":"https:\/\/gruene-wuppertal.de\/fraktion\/wp-json\/wp\/v2\/comments?post=21840"}],"version-history":[{"count":2,"href":"https:\/\/gruene-wuppertal.de\/fraktion\/wp-json\/wp\/v2\/pressemitteilungen\/21840\/revisions"}],"predecessor-version":[{"id":21842,"href":"https:\/\/gruene-wuppertal.de\/fraktion\/wp-json\/wp\/v2\/pressemitteilungen\/21840\/revisions\/21842"}],"wp:attachment":[{"href":"https:\/\/gruene-wuppertal.de\/fraktion\/wp-json\/wp\/v2\/media?parent=21840"}],"wp:term":[{"taxonomy":"themen","embeddable":true,"href":"https:\/\/gruene-wuppertal.de\/fraktion\/wp-json\/wp\/v2\/themen?post=21840"}],"curies":[{"name":"wp","href":"https:\/\/api.w.org\/{rel}","templated":true}]}}