{"id":20692,"date":"2022-09-07T15:00:28","date_gmt":"2022-09-07T13:00:28","guid":{"rendered":"https:\/\/gruene-wuppertal.de\/fraktion\/?post_type=pressemitteilungen&#038;p=20692"},"modified":"2022-09-07T15:00:28","modified_gmt":"2022-09-07T13:00:28","slug":"dezernenten-auswahl-muss-durch-kompetenz-und-nicht-durch-parteienproporz-gepraegt-sein","status":"publish","type":"pressemitteilungen","link":"https:\/\/gruene-wuppertal.de\/fraktion\/pressemitteilungen\/dezernenten-auswahl-muss-durch-kompetenz-und-nicht-durch-parteienproporz-gepraegt-sein\/","title":{"rendered":"Dezernenten-Auswahl muss durch Kompetenz und nicht durch Parteienproporz gepr\u00e4gt sein"},"content":{"rendered":"<p>In den letzten Monaten hat sich immer deutlicher gezeigt, dass die drei Fraktionen von SPD, CDU und FDP im Wesentlichen an parteipolitischem Proporz beim Auswahlverfahren f\u00fcr die Nachfolge von Dr. Slawig als K\u00e4mmerer interessiert sind. Es hat z.T. sogar den Anschein, dass die Besetzung schon jetzt feststeht.<\/p>\n<p><strong>Paul Yves Ramette<\/strong>, Fraktionsvorsitzender:<\/p>\n<p>\u201eSeit mehreren Monaten haben zwischen SPD, CDU, FDP und GR\u00dcNEN Gespr\u00e4che stattgefunden, um die Nachfolge des am 31.10.2022 ausscheidenden K\u00e4mmerers und Stadtdirektors zu regeln. F\u00fcr die GR\u00dcNE Fraktion stand dabei stets die Frage der fachlichen Qualifikation bei der Auswahl neuer Dezernent*innen im Mittelpunkt.<\/p>\n<p>Deshalb haben wir uns sehr f\u00fcr eine Auswahlkommission stark gemacht, die in der Ratssitzung am 05. September gew\u00e4hlt wurde. Dadurch wollen wir gew\u00e4hrleisten, dass mithilfe einer offenen Ausschreibung am Ende des Entscheidungsprozesses nicht die Person mit dem passenden Parteibuch, sondern die am besten qualifizierte Person das Amt \u00fcbernimmt. Mit einem solchen, f\u00fcr alle transparenten Verfahren steigt auch die Chance, dass endlich mehr Diversit\u00e4t im Verwaltungsvorstand Platz nimmt.<\/p>\n<p>Das geht nat\u00fcrlich nicht, wenn die Personalauswahl schon im Hinterzimmer entschieden wird.<\/p>\n<p>Wenn jetzt noch ein zus\u00e4tzliches Dezernat f\u00fcr die FDP geschaffen werden soll, die mit gerade mal sechs Stadtverordneten im 80k\u00f6pfigen Rat vertreten ist, ist das nicht zu rechtfertigen.<\/p>\n<p>Gerade durch die parteipolitische Logik ist die Schaffung eines weiteren Dezernats in der aktuellen Finanzsituation auch nur schwer \u00f6ffentlich und gegen\u00fcber der Gesamtverwaltung zu rechtfertigen. OB Uwe Schneidewind hat einen gangbaren Weg aufgezeigt: im Rahmen der Auswahlkommission wird zuerst eine Person als K\u00e4mmerin\/K\u00e4mmerer ausgew\u00e4hlt, bis dahin \u00fcbernimmt Dr. Stefan K\u00fchn vor\u00fcbergehend den Finanzbereich und Uwe Schneidewind den Personalbereich. Auf der Grundlage k\u00f6nnte dann 2023 eine Planung der weiteren Dezernatsstruktur vorgenommen werden.<\/p>\n<p>SPD, CDU und FDP scheinen aber ohne Kompromissbereitschaft ihr \u201eWuppertaler Modell\u201c des Parteienproporzes um jeden Preis durchsetzen zu wollen.\u201c<\/p>\n","protected":false},"excerpt":{"rendered":"<p>In den letzten Monaten hat sich immer deutlicher gezeigt, dass die drei Fraktionen von SPD, CDU und FDP im Wesentlichen an parteipolitischem Proporz beim Auswahlverfahren f\u00fcr die Nachfolge von Dr. Slawig als K\u00e4mmerer interessiert sind. Es hat z.T. sogar den Anschein, dass die Besetzung schon&#8230;<\/p>\n","protected":false},"author":6,"featured_media":0,"menu_order":0,"comment_status":"open","ping_status":"open","template":"","meta":{"_wp_rev_ctl_limit":""},"themen":[79,70,22],"yoast_head":"<!-- This site is optimized with the Yoast SEO plugin v21.8 - https:\/\/yoast.com\/wordpress\/plugins\/seo\/ -->\n<title>Dezernenten-Auswahl muss durch Kompetenz und nicht durch Parteienproporz gepr\u00e4gt sein - Fraktion von B\u00fcndnis 90 \/ DIE GR\u00dcNEN im Rat der Stadt Wuppertal<\/title>\n<meta name=\"robots\" content=\"index, follow, max-snippet:-1, max-image-preview:large, max-video-preview:-1\" \/>\n<link rel=\"canonical\" href=\"https:\/\/gruene-wuppertal.de\/fraktion\/pressemitteilungen\/dezernenten-auswahl-muss-durch-kompetenz-und-nicht-durch-parteienproporz-gepraegt-sein\/\" \/>\n<meta property=\"og:locale\" content=\"de_DE\" \/>\n<meta property=\"og:type\" content=\"article\" \/>\n<meta property=\"og:title\" content=\"Dezernenten-Auswahl muss durch Kompetenz und nicht durch Parteienproporz gepr\u00e4gt sein - Fraktion von B\u00fcndnis 90 \/ DIE GR\u00dcNEN im Rat der Stadt Wuppertal\" \/>\n<meta property=\"og:description\" content=\"In den letzten Monaten hat sich immer deutlicher gezeigt, dass die drei Fraktionen von SPD, CDU und FDP im Wesentlichen an parteipolitischem Proporz beim Auswahlverfahren f\u00fcr die Nachfolge von Dr. Slawig als K\u00e4mmerer interessiert sind. Es hat z.T. sogar den Anschein, dass die Besetzung schon...\" \/>\n<meta property=\"og:url\" content=\"https:\/\/gruene-wuppertal.de\/fraktion\/pressemitteilungen\/dezernenten-auswahl-muss-durch-kompetenz-und-nicht-durch-parteienproporz-gepraegt-sein\/\" \/>\n<meta property=\"og:site_name\" content=\"Fraktion von B\u00fcndnis 90 \/ DIE GR\u00dcNEN im Rat der Stadt Wuppertal\" \/>\n<meta name=\"twitter:card\" content=\"summary_large_image\" \/>\n<meta name=\"twitter:label1\" content=\"Gesch\u00e4tzte Lesezeit\" \/>\n\t<meta name=\"twitter:data1\" content=\"2 Minuten\" \/>\n<script type=\"application\/ld+json\" class=\"yoast-schema-graph\">{\"@context\":\"https:\/\/schema.org\",\"@graph\":[{\"@type\":\"WebPage\",\"@id\":\"https:\/\/gruene-wuppertal.de\/fraktion\/pressemitteilungen\/dezernenten-auswahl-muss-durch-kompetenz-und-nicht-durch-parteienproporz-gepraegt-sein\/\",\"url\":\"https:\/\/gruene-wuppertal.de\/fraktion\/pressemitteilungen\/dezernenten-auswahl-muss-durch-kompetenz-und-nicht-durch-parteienproporz-gepraegt-sein\/\",\"name\":\"Dezernenten-Auswahl muss durch Kompetenz und nicht durch Parteienproporz gepr\u00e4gt sein - Fraktion von B\u00fcndnis 90 \/ DIE GR\u00dcNEN im Rat der Stadt Wuppertal\",\"isPartOf\":{\"@id\":\"https:\/\/gruene-wuppertal.de\/fraktion\/#website\"},\"datePublished\":\"2022-09-07T13:00:28+00:00\",\"dateModified\":\"2022-09-07T13:00:28+00:00\",\"breadcrumb\":{\"@id\":\"https:\/\/gruene-wuppertal.de\/fraktion\/pressemitteilungen\/dezernenten-auswahl-muss-durch-kompetenz-und-nicht-durch-parteienproporz-gepraegt-sein\/#breadcrumb\"},\"inLanguage\":\"de-DE\",\"potentialAction\":[{\"@type\":\"ReadAction\",\"target\":[\"https:\/\/gruene-wuppertal.de\/fraktion\/pressemitteilungen\/dezernenten-auswahl-muss-durch-kompetenz-und-nicht-durch-parteienproporz-gepraegt-sein\/\"]}]},{\"@type\":\"BreadcrumbList\",\"@id\":\"https:\/\/gruene-wuppertal.de\/fraktion\/pressemitteilungen\/dezernenten-auswahl-muss-durch-kompetenz-und-nicht-durch-parteienproporz-gepraegt-sein\/#breadcrumb\",\"itemListElement\":[{\"@type\":\"ListItem\",\"position\":1,\"name\":\"Startseite\",\"item\":\"https:\/\/gruene-wuppertal.de\/fraktion\/\"},{\"@type\":\"ListItem\",\"position\":2,\"name\":\"Dezernenten-Auswahl muss durch Kompetenz und nicht durch Parteienproporz gepr\u00e4gt sein\"}]},{\"@type\":\"WebSite\",\"@id\":\"https:\/\/gruene-wuppertal.de\/fraktion\/#website\",\"url\":\"https:\/\/gruene-wuppertal.de\/fraktion\/\",\"name\":\"Fraktion von B\u00fcndnis 90 \/ DIE GR\u00dcNEN im Rat der Stadt Wuppertal\",\"description\":\"\",\"potentialAction\":[{\"@type\":\"SearchAction\",\"target\":{\"@type\":\"EntryPoint\",\"urlTemplate\":\"https:\/\/gruene-wuppertal.de\/fraktion\/?s={search_term_string}\"},\"query-input\":\"required name=search_term_string\"}],\"inLanguage\":\"de-DE\"}]}<\/script>\n<!-- \/ Yoast SEO plugin. -->","yoast_head_json":{"title":"Dezernenten-Auswahl muss durch Kompetenz und nicht durch Parteienproporz gepr\u00e4gt sein - Fraktion von B\u00fcndnis 90 \/ DIE GR\u00dcNEN im Rat der Stadt Wuppertal","robots":{"index":"index","follow":"follow","max-snippet":"max-snippet:-1","max-image-preview":"max-image-preview:large","max-video-preview":"max-video-preview:-1"},"canonical":"https:\/\/gruene-wuppertal.de\/fraktion\/pressemitteilungen\/dezernenten-auswahl-muss-durch-kompetenz-und-nicht-durch-parteienproporz-gepraegt-sein\/","og_locale":"de_DE","og_type":"article","og_title":"Dezernenten-Auswahl muss durch Kompetenz und nicht durch Parteienproporz gepr\u00e4gt sein - Fraktion von B\u00fcndnis 90 \/ DIE GR\u00dcNEN im Rat der Stadt Wuppertal","og_description":"In den letzten Monaten hat sich immer deutlicher gezeigt, dass die drei Fraktionen von SPD, CDU und FDP im Wesentlichen an parteipolitischem Proporz beim Auswahlverfahren f\u00fcr die Nachfolge von Dr. Slawig als K\u00e4mmerer interessiert sind. Es hat z.T. sogar den Anschein, dass die Besetzung schon...","og_url":"https:\/\/gruene-wuppertal.de\/fraktion\/pressemitteilungen\/dezernenten-auswahl-muss-durch-kompetenz-und-nicht-durch-parteienproporz-gepraegt-sein\/","og_site_name":"Fraktion von B\u00fcndnis 90 \/ DIE GR\u00dcNEN im Rat der Stadt Wuppertal","twitter_card":"summary_large_image","twitter_misc":{"Gesch\u00e4tzte Lesezeit":"2 Minuten"},"schema":{"@context":"https:\/\/schema.org","@graph":[{"@type":"WebPage","@id":"https:\/\/gruene-wuppertal.de\/fraktion\/pressemitteilungen\/dezernenten-auswahl-muss-durch-kompetenz-und-nicht-durch-parteienproporz-gepraegt-sein\/","url":"https:\/\/gruene-wuppertal.de\/fraktion\/pressemitteilungen\/dezernenten-auswahl-muss-durch-kompetenz-und-nicht-durch-parteienproporz-gepraegt-sein\/","name":"Dezernenten-Auswahl muss durch Kompetenz und nicht durch Parteienproporz gepr\u00e4gt sein - Fraktion von B\u00fcndnis 90 \/ DIE GR\u00dcNEN im Rat der Stadt Wuppertal","isPartOf":{"@id":"https:\/\/gruene-wuppertal.de\/fraktion\/#website"},"datePublished":"2022-09-07T13:00:28+00:00","dateModified":"2022-09-07T13:00:28+00:00","breadcrumb":{"@id":"https:\/\/gruene-wuppertal.de\/fraktion\/pressemitteilungen\/dezernenten-auswahl-muss-durch-kompetenz-und-nicht-durch-parteienproporz-gepraegt-sein\/#breadcrumb"},"inLanguage":"de-DE","potentialAction":[{"@type":"ReadAction","target":["https:\/\/gruene-wuppertal.de\/fraktion\/pressemitteilungen\/dezernenten-auswahl-muss-durch-kompetenz-und-nicht-durch-parteienproporz-gepraegt-sein\/"]}]},{"@type":"BreadcrumbList","@id":"https:\/\/gruene-wuppertal.de\/fraktion\/pressemitteilungen\/dezernenten-auswahl-muss-durch-kompetenz-und-nicht-durch-parteienproporz-gepraegt-sein\/#breadcrumb","itemListElement":[{"@type":"ListItem","position":1,"name":"Startseite","item":"https:\/\/gruene-wuppertal.de\/fraktion\/"},{"@type":"ListItem","position":2,"name":"Dezernenten-Auswahl muss durch Kompetenz und nicht durch Parteienproporz gepr\u00e4gt sein"}]},{"@type":"WebSite","@id":"https:\/\/gruene-wuppertal.de\/fraktion\/#website","url":"https:\/\/gruene-wuppertal.de\/fraktion\/","name":"Fraktion von B\u00fcndnis 90 \/ DIE GR\u00dcNEN im Rat der Stadt Wuppertal","description":"","potentialAction":[{"@type":"SearchAction","target":{"@type":"EntryPoint","urlTemplate":"https:\/\/gruene-wuppertal.de\/fraktion\/?s={search_term_string}"},"query-input":"required name=search_term_string"}],"inLanguage":"de-DE"}]}},"post_mailing_queue_ids":[],"_links":{"self":[{"href":"https:\/\/gruene-wuppertal.de\/fraktion\/wp-json\/wp\/v2\/pressemitteilungen\/20692"}],"collection":[{"href":"https:\/\/gruene-wuppertal.de\/fraktion\/wp-json\/wp\/v2\/pressemitteilungen"}],"about":[{"href":"https:\/\/gruene-wuppertal.de\/fraktion\/wp-json\/wp\/v2\/types\/pressemitteilungen"}],"author":[{"embeddable":true,"href":"https:\/\/gruene-wuppertal.de\/fraktion\/wp-json\/wp\/v2\/users\/6"}],"replies":[{"embeddable":true,"href":"https:\/\/gruene-wuppertal.de\/fraktion\/wp-json\/wp\/v2\/comments?post=20692"}],"version-history":[{"count":1,"href":"https:\/\/gruene-wuppertal.de\/fraktion\/wp-json\/wp\/v2\/pressemitteilungen\/20692\/revisions"}],"predecessor-version":[{"id":20693,"href":"https:\/\/gruene-wuppertal.de\/fraktion\/wp-json\/wp\/v2\/pressemitteilungen\/20692\/revisions\/20693"}],"wp:attachment":[{"href":"https:\/\/gruene-wuppertal.de\/fraktion\/wp-json\/wp\/v2\/media?parent=20692"}],"wp:term":[{"taxonomy":"themen","embeddable":true,"href":"https:\/\/gruene-wuppertal.de\/fraktion\/wp-json\/wp\/v2\/themen?post=20692"}],"curies":[{"name":"wp","href":"https:\/\/api.w.org\/{rel}","templated":true}]}}