{"id":20665,"date":"2022-09-05T12:27:28","date_gmt":"2022-09-05T10:27:28","guid":{"rendered":"https:\/\/gruene-wuppertal.de\/fraktion\/?post_type=pressemitteilungen&#038;p=20665"},"modified":"2022-09-05T13:20:23","modified_gmt":"2022-09-05T11:20:23","slug":"ratsmehrheit-hat-wenig-interesse-am-thema-zukuenftige-heizungen-in-staedtischen-gebaeuden","status":"publish","type":"pressemitteilungen","link":"https:\/\/gruene-wuppertal.de\/fraktion\/pressemitteilungen\/ratsmehrheit-hat-wenig-interesse-am-thema-zukuenftige-heizungen-in-staedtischen-gebaeuden\/","title":{"rendered":"Ratsmehrheit hat wenig Interesse am Thema \u201eZuk\u00fcnftige Heizungen in st\u00e4dtischen Geb\u00e4uden&#8220;"},"content":{"rendered":"<p>Die Ratsfraktion B\u00dcNDNIS 90\/DIE GR\u00dcNEN ist entt\u00e4uscht vom Verhalten mehrerer Ratsfraktionen zum GR\u00dcNEN Antrag \u201eZuk\u00fcnftige Heizungen in st\u00e4dtischen Geb\u00e4uden\u201c, der zur Ratssitzung am 05.09.2022 gestellt wurde.<\/p>\n<p>Die GR\u00dcNE Fraktion fordert darin, den Einbau weiterer Gasheizungen zu vermeiden und m\u00f6glichst W\u00e4rmepumpen einzubauen.<\/p>\n<p><strong>Klaus L\u00fcdemann, energiepolitischer Sprecher der Fraktion:<\/strong><\/p>\n<p><strong>\u201e<\/strong>Anstatt sich sofort mit dieser Frage zu besch\u00e4ftigen, schoben die Fraktionen den Antrag in den Betriebsausschuss Geb\u00e4udemanagement (GMW), der erst wieder am 20. Oktober tagt. Inzwischen wissen wir, dass tats\u00e4chlich in zwei F\u00e4llen Gasheizungen eingebaut werden und bei vielen Anlagen mit W\u00e4rmepumpen eine Gaszusatzheizung f\u00fcr kalte Wintertage. Positiv \u00fcberrascht hat uns die gro\u00dfe Zahl von Luft-Wasser-W\u00e4rmepumpen, die bereits vorhanden oder geplant sind. W\u00e4rmepumpen sind eine bessere Alternative als Pelletheizungen.\u201c<\/p>\n<p><strong>Der Vorsitzende des BA GMW, Marcel Gabriel-Simon erkl\u00e4rt dazu:<\/strong><\/p>\n<p>\u201eWir h\u00e4tten uns gew\u00fcnscht, dass das Thema der Wichtigkeit und Aktualit\u00e4t entsprechend im Rat behandelt worden w\u00e4re. Leider sahen die anderen Fraktionen im Hauptausschuss hier keine Dringlichkeit. Wir sind der Auffassung, dass Klimaschutz und Energieversorgung eine Aufgabe der Verwaltung und des Rates sind. Wenn an den Heizungen noch etwas ge\u00e4ndert werden k\u00f6nnte, dann jetzt vor dem Winter. So wird das nichts mit der Energiewende und Klimaneutralit\u00e4t bis 2035.\u201c<\/p>\n","protected":false},"excerpt":{"rendered":"<p>Die Ratsfraktion B\u00dcNDNIS 90\/DIE GR\u00dcNEN ist entt\u00e4uscht vom Verhalten mehrerer Ratsfraktionen zum GR\u00dcNEN Antrag \u201eZuk\u00fcnftige Heizungen in st\u00e4dtischen Geb\u00e4uden\u201c, der zur Ratssitzung am 05.09.2022 gestellt wurde. Die GR\u00dcNE Fraktion fordert darin, den Einbau weiterer Gasheizungen zu vermeiden und m\u00f6glichst W\u00e4rmepumpen einzubauen. Klaus L\u00fcdemann, energiepolitischer Sprecher&#8230;<\/p>\n","protected":false},"author":6,"featured_media":0,"menu_order":0,"comment_status":"open","ping_status":"open","template":"","meta":{"_wp_rev_ctl_limit":""},"themen":[61,34,79],"yoast_head":"<!-- This site is optimized with the Yoast SEO plugin v21.8 - https:\/\/yoast.com\/wordpress\/plugins\/seo\/ -->\n<title>Ratsmehrheit hat wenig Interesse am Thema \u201eZuk\u00fcnftige Heizungen in st\u00e4dtischen Geb\u00e4uden&quot; - Fraktion von B\u00fcndnis 90 \/ DIE GR\u00dcNEN im Rat der Stadt Wuppertal<\/title>\n<meta name=\"robots\" content=\"index, follow, max-snippet:-1, max-image-preview:large, max-video-preview:-1\" \/>\n<link rel=\"canonical\" href=\"https:\/\/gruene-wuppertal.de\/fraktion\/pressemitteilungen\/ratsmehrheit-hat-wenig-interesse-am-thema-zukuenftige-heizungen-in-staedtischen-gebaeuden\/\" \/>\n<meta property=\"og:locale\" content=\"de_DE\" \/>\n<meta property=\"og:type\" content=\"article\" \/>\n<meta property=\"og:title\" content=\"Ratsmehrheit hat wenig Interesse am Thema \u201eZuk\u00fcnftige Heizungen in st\u00e4dtischen Geb\u00e4uden&quot; - Fraktion von B\u00fcndnis 90 \/ DIE GR\u00dcNEN im Rat der Stadt Wuppertal\" \/>\n<meta property=\"og:description\" content=\"Die Ratsfraktion B\u00dcNDNIS 90\/DIE GR\u00dcNEN ist entt\u00e4uscht vom Verhalten mehrerer Ratsfraktionen zum GR\u00dcNEN Antrag \u201eZuk\u00fcnftige Heizungen in st\u00e4dtischen Geb\u00e4uden\u201c, der zur Ratssitzung am 05.09.2022 gestellt wurde. Die GR\u00dcNE Fraktion fordert darin, den Einbau weiterer Gasheizungen zu vermeiden und m\u00f6glichst W\u00e4rmepumpen einzubauen. Klaus L\u00fcdemann, energiepolitischer Sprecher...\" \/>\n<meta property=\"og:url\" content=\"https:\/\/gruene-wuppertal.de\/fraktion\/pressemitteilungen\/ratsmehrheit-hat-wenig-interesse-am-thema-zukuenftige-heizungen-in-staedtischen-gebaeuden\/\" \/>\n<meta property=\"og:site_name\" content=\"Fraktion von B\u00fcndnis 90 \/ DIE GR\u00dcNEN im Rat der Stadt Wuppertal\" \/>\n<meta property=\"article:modified_time\" content=\"2022-09-05T11:20:23+00:00\" \/>\n<meta name=\"twitter:card\" content=\"summary_large_image\" \/>\n<meta name=\"twitter:label1\" content=\"Gesch\u00e4tzte Lesezeit\" \/>\n\t<meta name=\"twitter:data1\" content=\"1 Minute\" \/>\n<script type=\"application\/ld+json\" class=\"yoast-schema-graph\">{\"@context\":\"https:\/\/schema.org\",\"@graph\":[{\"@type\":\"WebPage\",\"@id\":\"https:\/\/gruene-wuppertal.de\/fraktion\/pressemitteilungen\/ratsmehrheit-hat-wenig-interesse-am-thema-zukuenftige-heizungen-in-staedtischen-gebaeuden\/\",\"url\":\"https:\/\/gruene-wuppertal.de\/fraktion\/pressemitteilungen\/ratsmehrheit-hat-wenig-interesse-am-thema-zukuenftige-heizungen-in-staedtischen-gebaeuden\/\",\"name\":\"Ratsmehrheit hat wenig Interesse am Thema \u201eZuk\u00fcnftige Heizungen in st\u00e4dtischen Geb\u00e4uden\\\" - Fraktion von B\u00fcndnis 90 \/ DIE GR\u00dcNEN im Rat der Stadt Wuppertal\",\"isPartOf\":{\"@id\":\"https:\/\/gruene-wuppertal.de\/fraktion\/#website\"},\"datePublished\":\"2022-09-05T10:27:28+00:00\",\"dateModified\":\"2022-09-05T11:20:23+00:00\",\"breadcrumb\":{\"@id\":\"https:\/\/gruene-wuppertal.de\/fraktion\/pressemitteilungen\/ratsmehrheit-hat-wenig-interesse-am-thema-zukuenftige-heizungen-in-staedtischen-gebaeuden\/#breadcrumb\"},\"inLanguage\":\"de-DE\",\"potentialAction\":[{\"@type\":\"ReadAction\",\"target\":[\"https:\/\/gruene-wuppertal.de\/fraktion\/pressemitteilungen\/ratsmehrheit-hat-wenig-interesse-am-thema-zukuenftige-heizungen-in-staedtischen-gebaeuden\/\"]}]},{\"@type\":\"BreadcrumbList\",\"@id\":\"https:\/\/gruene-wuppertal.de\/fraktion\/pressemitteilungen\/ratsmehrheit-hat-wenig-interesse-am-thema-zukuenftige-heizungen-in-staedtischen-gebaeuden\/#breadcrumb\",\"itemListElement\":[{\"@type\":\"ListItem\",\"position\":1,\"name\":\"Startseite\",\"item\":\"https:\/\/gruene-wuppertal.de\/fraktion\/\"},{\"@type\":\"ListItem\",\"position\":2,\"name\":\"Ratsmehrheit hat wenig Interesse am Thema \u201eZuk\u00fcnftige Heizungen in st\u00e4dtischen Geb\u00e4uden&#8220;\"}]},{\"@type\":\"WebSite\",\"@id\":\"https:\/\/gruene-wuppertal.de\/fraktion\/#website\",\"url\":\"https:\/\/gruene-wuppertal.de\/fraktion\/\",\"name\":\"Fraktion von B\u00fcndnis 90 \/ DIE GR\u00dcNEN im Rat der Stadt Wuppertal\",\"description\":\"\",\"potentialAction\":[{\"@type\":\"SearchAction\",\"target\":{\"@type\":\"EntryPoint\",\"urlTemplate\":\"https:\/\/gruene-wuppertal.de\/fraktion\/?s={search_term_string}\"},\"query-input\":\"required name=search_term_string\"}],\"inLanguage\":\"de-DE\"}]}<\/script>\n<!-- \/ Yoast SEO plugin. -->","yoast_head_json":{"title":"Ratsmehrheit hat wenig Interesse am Thema \u201eZuk\u00fcnftige Heizungen in st\u00e4dtischen Geb\u00e4uden\" - Fraktion von B\u00fcndnis 90 \/ DIE GR\u00dcNEN im Rat der Stadt Wuppertal","robots":{"index":"index","follow":"follow","max-snippet":"max-snippet:-1","max-image-preview":"max-image-preview:large","max-video-preview":"max-video-preview:-1"},"canonical":"https:\/\/gruene-wuppertal.de\/fraktion\/pressemitteilungen\/ratsmehrheit-hat-wenig-interesse-am-thema-zukuenftige-heizungen-in-staedtischen-gebaeuden\/","og_locale":"de_DE","og_type":"article","og_title":"Ratsmehrheit hat wenig Interesse am Thema \u201eZuk\u00fcnftige Heizungen in st\u00e4dtischen Geb\u00e4uden\" - Fraktion von B\u00fcndnis 90 \/ DIE GR\u00dcNEN im Rat der Stadt Wuppertal","og_description":"Die Ratsfraktion B\u00dcNDNIS 90\/DIE GR\u00dcNEN ist entt\u00e4uscht vom Verhalten mehrerer Ratsfraktionen zum GR\u00dcNEN Antrag \u201eZuk\u00fcnftige Heizungen in st\u00e4dtischen Geb\u00e4uden\u201c, der zur Ratssitzung am 05.09.2022 gestellt wurde. Die GR\u00dcNE Fraktion fordert darin, den Einbau weiterer Gasheizungen zu vermeiden und m\u00f6glichst W\u00e4rmepumpen einzubauen. Klaus L\u00fcdemann, energiepolitischer Sprecher...","og_url":"https:\/\/gruene-wuppertal.de\/fraktion\/pressemitteilungen\/ratsmehrheit-hat-wenig-interesse-am-thema-zukuenftige-heizungen-in-staedtischen-gebaeuden\/","og_site_name":"Fraktion von B\u00fcndnis 90 \/ DIE GR\u00dcNEN im Rat der Stadt Wuppertal","article_modified_time":"2022-09-05T11:20:23+00:00","twitter_card":"summary_large_image","twitter_misc":{"Gesch\u00e4tzte Lesezeit":"1 Minute"},"schema":{"@context":"https:\/\/schema.org","@graph":[{"@type":"WebPage","@id":"https:\/\/gruene-wuppertal.de\/fraktion\/pressemitteilungen\/ratsmehrheit-hat-wenig-interesse-am-thema-zukuenftige-heizungen-in-staedtischen-gebaeuden\/","url":"https:\/\/gruene-wuppertal.de\/fraktion\/pressemitteilungen\/ratsmehrheit-hat-wenig-interesse-am-thema-zukuenftige-heizungen-in-staedtischen-gebaeuden\/","name":"Ratsmehrheit hat wenig Interesse am Thema \u201eZuk\u00fcnftige Heizungen in st\u00e4dtischen Geb\u00e4uden\" - Fraktion von B\u00fcndnis 90 \/ DIE GR\u00dcNEN im Rat der Stadt Wuppertal","isPartOf":{"@id":"https:\/\/gruene-wuppertal.de\/fraktion\/#website"},"datePublished":"2022-09-05T10:27:28+00:00","dateModified":"2022-09-05T11:20:23+00:00","breadcrumb":{"@id":"https:\/\/gruene-wuppertal.de\/fraktion\/pressemitteilungen\/ratsmehrheit-hat-wenig-interesse-am-thema-zukuenftige-heizungen-in-staedtischen-gebaeuden\/#breadcrumb"},"inLanguage":"de-DE","potentialAction":[{"@type":"ReadAction","target":["https:\/\/gruene-wuppertal.de\/fraktion\/pressemitteilungen\/ratsmehrheit-hat-wenig-interesse-am-thema-zukuenftige-heizungen-in-staedtischen-gebaeuden\/"]}]},{"@type":"BreadcrumbList","@id":"https:\/\/gruene-wuppertal.de\/fraktion\/pressemitteilungen\/ratsmehrheit-hat-wenig-interesse-am-thema-zukuenftige-heizungen-in-staedtischen-gebaeuden\/#breadcrumb","itemListElement":[{"@type":"ListItem","position":1,"name":"Startseite","item":"https:\/\/gruene-wuppertal.de\/fraktion\/"},{"@type":"ListItem","position":2,"name":"Ratsmehrheit hat wenig Interesse am Thema \u201eZuk\u00fcnftige Heizungen in st\u00e4dtischen Geb\u00e4uden&#8220;"}]},{"@type":"WebSite","@id":"https:\/\/gruene-wuppertal.de\/fraktion\/#website","url":"https:\/\/gruene-wuppertal.de\/fraktion\/","name":"Fraktion von B\u00fcndnis 90 \/ DIE GR\u00dcNEN im Rat der Stadt Wuppertal","description":"","potentialAction":[{"@type":"SearchAction","target":{"@type":"EntryPoint","urlTemplate":"https:\/\/gruene-wuppertal.de\/fraktion\/?s={search_term_string}"},"query-input":"required name=search_term_string"}],"inLanguage":"de-DE"}]}},"post_mailing_queue_ids":[],"_links":{"self":[{"href":"https:\/\/gruene-wuppertal.de\/fraktion\/wp-json\/wp\/v2\/pressemitteilungen\/20665"}],"collection":[{"href":"https:\/\/gruene-wuppertal.de\/fraktion\/wp-json\/wp\/v2\/pressemitteilungen"}],"about":[{"href":"https:\/\/gruene-wuppertal.de\/fraktion\/wp-json\/wp\/v2\/types\/pressemitteilungen"}],"author":[{"embeddable":true,"href":"https:\/\/gruene-wuppertal.de\/fraktion\/wp-json\/wp\/v2\/users\/6"}],"replies":[{"embeddable":true,"href":"https:\/\/gruene-wuppertal.de\/fraktion\/wp-json\/wp\/v2\/comments?post=20665"}],"version-history":[{"count":3,"href":"https:\/\/gruene-wuppertal.de\/fraktion\/wp-json\/wp\/v2\/pressemitteilungen\/20665\/revisions"}],"predecessor-version":[{"id":20669,"href":"https:\/\/gruene-wuppertal.de\/fraktion\/wp-json\/wp\/v2\/pressemitteilungen\/20665\/revisions\/20669"}],"wp:attachment":[{"href":"https:\/\/gruene-wuppertal.de\/fraktion\/wp-json\/wp\/v2\/media?parent=20665"}],"wp:term":[{"taxonomy":"themen","embeddable":true,"href":"https:\/\/gruene-wuppertal.de\/fraktion\/wp-json\/wp\/v2\/themen?post=20665"}],"curies":[{"name":"wp","href":"https:\/\/api.w.org\/{rel}","templated":true}]}}