{"id":19027,"date":"2021-04-29T11:39:06","date_gmt":"2021-04-29T09:39:06","guid":{"rendered":"https:\/\/gruene-wuppertal.de\/fraktion\/?post_type=pressemitteilungen&#038;p=19027"},"modified":"2021-04-29T11:39:06","modified_gmt":"2021-04-29T09:39:06","slug":"flaechenentsiegelung-heute-thema-im-planungsausschuss","status":"publish","type":"pressemitteilungen","link":"https:\/\/gruene-wuppertal.de\/fraktion\/pressemitteilungen\/flaechenentsiegelung-heute-thema-im-planungsausschuss\/","title":{"rendered":"Fl\u00e4chenentsiegelung heute Thema im Planungsausschuss"},"content":{"rendered":"<p>Gemeinsame Pressemitteilung der Fraktionen von CDU und B\u00dcNDNIS 90\/DIE GR\u00dcNEN<strong><br \/>\n<\/strong><\/p>\n<p>&nbsp;<\/p>\n<p>Heute wird im Ausschuss f\u00fcr Stadtplanung und Bauen ein Antrag zur Fl\u00e4chenentsiegelung beraten.<\/p>\n<p><strong>Yazg\u00fcl\u00fc Zeybek<\/strong>, Fraktionsvorsitzende der GR\u00dcNEN:<\/p>\n<p>\u201eGemeinsam mit CDU und Linken sorgen wir mit unserem Antrag daf\u00fcr, dass ein Entsiegelungskonzept f\u00fcr Wuppertal erstellt wird. Dem zugrunde gelegt wird eine j\u00e4hrlich aktualisierte \u00dcbersicht der versiegelten st\u00e4dtischen Fl\u00e4chen ab einer Gr\u00f6\u00dfe von 500 m<sup>2<\/sup>, die aktuell ungenutzt sind. Ziel ist eine Entsiegelung und Revitalisierung dieser Fl\u00e4chen, die dadurch auch aufgewertet werden. Angesichts der Folgen des Klimawandels wollen wir alle Ma\u00dfnahmen ergreifen, die einen schonenden Umgang mit der Ressource Grund und Boden erm\u00f6glichen. Das wird u.a. durch Ma\u00dfnahmen der Entsiegelung zur Verbesserung der Versickerungsf\u00e4higkeit sowie Begr\u00fcnungsma\u00dfnahmen erm\u00f6glicht.\u201c<\/p>\n<p><strong>Ludger Kineke,<\/strong> Fraktionsvorsitzender der CDU:<\/p>\n<p>\u201eWir wollen das Augenmerk auf die Fl\u00e4chen richten, die bisher kaum beachtet wurden: Fl\u00e4chen, die f\u00fcr eine gewerbliche oder wohnliche Nutzung nicht in Frage kommen, jedoch aufgrund einer fr\u00fcheren Nutzung noch versiegelt sind. Hier wollen wir systematisch ansetzen und es so erm\u00f6glichen, dass diese Fl\u00e4chen wieder einem sinnhaften Zweck zugef\u00fchrt werden k\u00f6nnen.\u201c<\/p>\n<p>&nbsp;<\/p>\n","protected":false},"excerpt":{"rendered":"<p>Gemeinsame Pressemitteilung der Fraktionen von CDU und B\u00dcNDNIS 90\/DIE GR\u00dcNEN &nbsp; Heute wird im Ausschuss f\u00fcr Stadtplanung und Bauen ein Antrag zur Fl\u00e4chenentsiegelung beraten. Yazg\u00fcl\u00fc Zeybek, Fraktionsvorsitzende der GR\u00dcNEN: \u201eGemeinsam mit CDU und Linken sorgen wir mit unserem Antrag daf\u00fcr, dass ein Entsiegelungskonzept f\u00fcr Wuppertal&#8230;<\/p>\n","protected":false},"author":6,"featured_media":0,"menu_order":0,"comment_status":"open","ping_status":"open","template":"","meta":{"_wp_rev_ctl_limit":""},"themen":[34,58,23],"yoast_head":"<!-- This site is optimized with the Yoast SEO plugin v21.8 - https:\/\/yoast.com\/wordpress\/plugins\/seo\/ -->\n<title>Fl\u00e4chenentsiegelung heute Thema im Planungsausschuss - Fraktion von B\u00fcndnis 90 \/ DIE GR\u00dcNEN im Rat der Stadt Wuppertal<\/title>\n<meta name=\"robots\" content=\"index, follow, max-snippet:-1, max-image-preview:large, max-video-preview:-1\" \/>\n<link rel=\"canonical\" href=\"https:\/\/gruene-wuppertal.de\/fraktion\/pressemitteilungen\/flaechenentsiegelung-heute-thema-im-planungsausschuss\/\" \/>\n<meta property=\"og:locale\" content=\"de_DE\" \/>\n<meta property=\"og:type\" content=\"article\" \/>\n<meta property=\"og:title\" content=\"Fl\u00e4chenentsiegelung heute Thema im Planungsausschuss - Fraktion von B\u00fcndnis 90 \/ DIE GR\u00dcNEN im Rat der Stadt Wuppertal\" \/>\n<meta property=\"og:description\" content=\"Gemeinsame Pressemitteilung der Fraktionen von CDU und B\u00dcNDNIS 90\/DIE GR\u00dcNEN &nbsp; Heute wird im Ausschuss f\u00fcr Stadtplanung und Bauen ein Antrag zur Fl\u00e4chenentsiegelung beraten. Yazg\u00fcl\u00fc Zeybek, Fraktionsvorsitzende der GR\u00dcNEN: \u201eGemeinsam mit CDU und Linken sorgen wir mit unserem Antrag daf\u00fcr, dass ein Entsiegelungskonzept f\u00fcr Wuppertal...\" \/>\n<meta property=\"og:url\" content=\"https:\/\/gruene-wuppertal.de\/fraktion\/pressemitteilungen\/flaechenentsiegelung-heute-thema-im-planungsausschuss\/\" \/>\n<meta property=\"og:site_name\" content=\"Fraktion von B\u00fcndnis 90 \/ DIE GR\u00dcNEN im Rat der Stadt Wuppertal\" \/>\n<meta name=\"twitter:card\" content=\"summary_large_image\" \/>\n<meta name=\"twitter:label1\" content=\"Gesch\u00e4tzte Lesezeit\" \/>\n\t<meta name=\"twitter:data1\" content=\"1 Minute\" \/>\n<script type=\"application\/ld+json\" class=\"yoast-schema-graph\">{\"@context\":\"https:\/\/schema.org\",\"@graph\":[{\"@type\":\"WebPage\",\"@id\":\"https:\/\/gruene-wuppertal.de\/fraktion\/pressemitteilungen\/flaechenentsiegelung-heute-thema-im-planungsausschuss\/\",\"url\":\"https:\/\/gruene-wuppertal.de\/fraktion\/pressemitteilungen\/flaechenentsiegelung-heute-thema-im-planungsausschuss\/\",\"name\":\"Fl\u00e4chenentsiegelung heute Thema im Planungsausschuss - Fraktion von B\u00fcndnis 90 \/ DIE GR\u00dcNEN im Rat der Stadt Wuppertal\",\"isPartOf\":{\"@id\":\"https:\/\/gruene-wuppertal.de\/fraktion\/#website\"},\"datePublished\":\"2021-04-29T09:39:06+00:00\",\"dateModified\":\"2021-04-29T09:39:06+00:00\",\"breadcrumb\":{\"@id\":\"https:\/\/gruene-wuppertal.de\/fraktion\/pressemitteilungen\/flaechenentsiegelung-heute-thema-im-planungsausschuss\/#breadcrumb\"},\"inLanguage\":\"de-DE\",\"potentialAction\":[{\"@type\":\"ReadAction\",\"target\":[\"https:\/\/gruene-wuppertal.de\/fraktion\/pressemitteilungen\/flaechenentsiegelung-heute-thema-im-planungsausschuss\/\"]}]},{\"@type\":\"BreadcrumbList\",\"@id\":\"https:\/\/gruene-wuppertal.de\/fraktion\/pressemitteilungen\/flaechenentsiegelung-heute-thema-im-planungsausschuss\/#breadcrumb\",\"itemListElement\":[{\"@type\":\"ListItem\",\"position\":1,\"name\":\"Startseite\",\"item\":\"https:\/\/gruene-wuppertal.de\/fraktion\/\"},{\"@type\":\"ListItem\",\"position\":2,\"name\":\"Fl\u00e4chenentsiegelung heute Thema im Planungsausschuss\"}]},{\"@type\":\"WebSite\",\"@id\":\"https:\/\/gruene-wuppertal.de\/fraktion\/#website\",\"url\":\"https:\/\/gruene-wuppertal.de\/fraktion\/\",\"name\":\"Fraktion von B\u00fcndnis 90 \/ DIE GR\u00dcNEN im Rat der Stadt Wuppertal\",\"description\":\"\",\"potentialAction\":[{\"@type\":\"SearchAction\",\"target\":{\"@type\":\"EntryPoint\",\"urlTemplate\":\"https:\/\/gruene-wuppertal.de\/fraktion\/?s={search_term_string}\"},\"query-input\":\"required name=search_term_string\"}],\"inLanguage\":\"de-DE\"}]}<\/script>\n<!-- \/ Yoast SEO plugin. -->","yoast_head_json":{"title":"Fl\u00e4chenentsiegelung heute Thema im Planungsausschuss - Fraktion von B\u00fcndnis 90 \/ DIE GR\u00dcNEN im Rat der Stadt Wuppertal","robots":{"index":"index","follow":"follow","max-snippet":"max-snippet:-1","max-image-preview":"max-image-preview:large","max-video-preview":"max-video-preview:-1"},"canonical":"https:\/\/gruene-wuppertal.de\/fraktion\/pressemitteilungen\/flaechenentsiegelung-heute-thema-im-planungsausschuss\/","og_locale":"de_DE","og_type":"article","og_title":"Fl\u00e4chenentsiegelung heute Thema im Planungsausschuss - Fraktion von B\u00fcndnis 90 \/ DIE GR\u00dcNEN im Rat der Stadt Wuppertal","og_description":"Gemeinsame Pressemitteilung der Fraktionen von CDU und B\u00dcNDNIS 90\/DIE GR\u00dcNEN &nbsp; Heute wird im Ausschuss f\u00fcr Stadtplanung und Bauen ein Antrag zur Fl\u00e4chenentsiegelung beraten. Yazg\u00fcl\u00fc Zeybek, Fraktionsvorsitzende der GR\u00dcNEN: \u201eGemeinsam mit CDU und Linken sorgen wir mit unserem Antrag daf\u00fcr, dass ein Entsiegelungskonzept f\u00fcr Wuppertal...","og_url":"https:\/\/gruene-wuppertal.de\/fraktion\/pressemitteilungen\/flaechenentsiegelung-heute-thema-im-planungsausschuss\/","og_site_name":"Fraktion von B\u00fcndnis 90 \/ DIE GR\u00dcNEN im Rat der Stadt Wuppertal","twitter_card":"summary_large_image","twitter_misc":{"Gesch\u00e4tzte Lesezeit":"1 Minute"},"schema":{"@context":"https:\/\/schema.org","@graph":[{"@type":"WebPage","@id":"https:\/\/gruene-wuppertal.de\/fraktion\/pressemitteilungen\/flaechenentsiegelung-heute-thema-im-planungsausschuss\/","url":"https:\/\/gruene-wuppertal.de\/fraktion\/pressemitteilungen\/flaechenentsiegelung-heute-thema-im-planungsausschuss\/","name":"Fl\u00e4chenentsiegelung heute Thema im Planungsausschuss - Fraktion von B\u00fcndnis 90 \/ DIE GR\u00dcNEN im Rat der Stadt Wuppertal","isPartOf":{"@id":"https:\/\/gruene-wuppertal.de\/fraktion\/#website"},"datePublished":"2021-04-29T09:39:06+00:00","dateModified":"2021-04-29T09:39:06+00:00","breadcrumb":{"@id":"https:\/\/gruene-wuppertal.de\/fraktion\/pressemitteilungen\/flaechenentsiegelung-heute-thema-im-planungsausschuss\/#breadcrumb"},"inLanguage":"de-DE","potentialAction":[{"@type":"ReadAction","target":["https:\/\/gruene-wuppertal.de\/fraktion\/pressemitteilungen\/flaechenentsiegelung-heute-thema-im-planungsausschuss\/"]}]},{"@type":"BreadcrumbList","@id":"https:\/\/gruene-wuppertal.de\/fraktion\/pressemitteilungen\/flaechenentsiegelung-heute-thema-im-planungsausschuss\/#breadcrumb","itemListElement":[{"@type":"ListItem","position":1,"name":"Startseite","item":"https:\/\/gruene-wuppertal.de\/fraktion\/"},{"@type":"ListItem","position":2,"name":"Fl\u00e4chenentsiegelung heute Thema im Planungsausschuss"}]},{"@type":"WebSite","@id":"https:\/\/gruene-wuppertal.de\/fraktion\/#website","url":"https:\/\/gruene-wuppertal.de\/fraktion\/","name":"Fraktion von B\u00fcndnis 90 \/ DIE GR\u00dcNEN im Rat der Stadt Wuppertal","description":"","potentialAction":[{"@type":"SearchAction","target":{"@type":"EntryPoint","urlTemplate":"https:\/\/gruene-wuppertal.de\/fraktion\/?s={search_term_string}"},"query-input":"required name=search_term_string"}],"inLanguage":"de-DE"}]}},"post_mailing_queue_ids":[],"_links":{"self":[{"href":"https:\/\/gruene-wuppertal.de\/fraktion\/wp-json\/wp\/v2\/pressemitteilungen\/19027"}],"collection":[{"href":"https:\/\/gruene-wuppertal.de\/fraktion\/wp-json\/wp\/v2\/pressemitteilungen"}],"about":[{"href":"https:\/\/gruene-wuppertal.de\/fraktion\/wp-json\/wp\/v2\/types\/pressemitteilungen"}],"author":[{"embeddable":true,"href":"https:\/\/gruene-wuppertal.de\/fraktion\/wp-json\/wp\/v2\/users\/6"}],"replies":[{"embeddable":true,"href":"https:\/\/gruene-wuppertal.de\/fraktion\/wp-json\/wp\/v2\/comments?post=19027"}],"version-history":[{"count":1,"href":"https:\/\/gruene-wuppertal.de\/fraktion\/wp-json\/wp\/v2\/pressemitteilungen\/19027\/revisions"}],"predecessor-version":[{"id":19028,"href":"https:\/\/gruene-wuppertal.de\/fraktion\/wp-json\/wp\/v2\/pressemitteilungen\/19027\/revisions\/19028"}],"wp:attachment":[{"href":"https:\/\/gruene-wuppertal.de\/fraktion\/wp-json\/wp\/v2\/media?parent=19027"}],"wp:term":[{"taxonomy":"themen","embeddable":true,"href":"https:\/\/gruene-wuppertal.de\/fraktion\/wp-json\/wp\/v2\/themen?post=19027"}],"curies":[{"name":"wp","href":"https:\/\/api.w.org\/{rel}","templated":true}]}}