{"id":18639,"date":"2021-02-23T14:40:23","date_gmt":"2021-02-23T13:40:23","guid":{"rendered":"https:\/\/gruene-wuppertal.de\/fraktion\/?post_type=pressemitteilungen&#038;p=18639"},"modified":"2021-02-23T14:40:23","modified_gmt":"2021-02-23T13:40:23","slug":"buga-wie-ist-der-sachstand","status":"publish","type":"pressemitteilungen","link":"https:\/\/gruene-wuppertal.de\/fraktion\/pressemitteilungen\/buga-wie-ist-der-sachstand\/","title":{"rendered":"BUGA: wie ist der Sachstand?"},"content":{"rendered":"<p>In einem gemeinsamen Antrag an die Ratssitzung am 01.03. fordern die Fraktionen von CDU und B\u00dcNDNIS 90\/DIE GR\u00dcNEN die Verwaltung auf, in der n\u00e4chsten Sitzungsrunde \u00fcber den aktuellen Sachstand der Planungen zur Bundesgartenschau zu berichten.<\/p>\n<p><strong>Yazg\u00fcl\u00fc Zeybek<\/strong>, Fraktionsvorsitzende der GR\u00dcNEN:<br \/>\n\u201eNachdem der Rat der Stadt bereits 2018 einen Grundsatzbeschluss zur Bundesgartenschau\u00a0 gefasst hat, wird es jetzt Zeit, vor einem Durchf\u00fchrungsbeschluss die Planungen zu konkretisieren. Wir wissen, dass ben\u00f6tigte Fl\u00e4chen in Vohwinkel nicht zur Verf\u00fcgung stehen und urspr\u00fcngliche Pl\u00e4ne ver\u00e4ndert wurden. Die Kommunalpolitik muss auf den neuesten Stand gebracht werden, um Chancen und Risiken des Projektes Bundesgartenschau auf Basis von Fakten bewerten zu k\u00f6nnen. Die Frage ist, wie realistisch eine Bundesgartenschau im Jahr 2031 durchf\u00fchrbar ist oder ob es sinnvoll sein kann, sie um 2 Jahre zu verschieben. Wichtig sind uns neben Wirtschaftlichkeit und Finanzierbarkeit, dass die Bundesgartenschau ein Nachhaltigkeits- und Mobilit\u00e4tskonzept enth\u00e4lt.\u201c<\/p>\n<p><strong>Ludger Kineke\/Caroline L\u00fcnenschloss<\/strong>, Fraktionsvorsitzende der CDU:<br \/>\n\u201eWir weisen darauf hin, dass f\u00fcr 2032 eine Bewerbung des Rhein-Ruhr-Cityverbundes zur Austragung der Olympischen Spiele geplant ist. Daher w\u00e4re es vern\u00fcnftig, wenn sich die Verwaltung gemeinsam mit der Bundesgartenschau-Gesellschaft und der Planungskommission der RheinRuhrCity 2032 \u00fcber die zeitlichen Abl\u00e4ufe austauschen w\u00fcrde. Wuppertal k\u00f6nnte bei einer erfolgreichen Olympia-Bewerbung durchaus auch Austragungsort werden. Es w\u00e4re sehr sinnvoll, wenn die Verwaltung fr\u00fchzeitig ein Konzept erarbeitet, dass die Synergie-Effekte durch die Kombination der Bundesgartenschau mit den Olympischen Spielen aufzeigen w\u00fcrde. Dazu geh\u00f6rt auch die Frage, ob das Jahr 2033 f\u00fcr die Bundesgartenschau ggf. geeigneter w\u00e4re.\u201c<\/p>\n<p>Den Antrag im Wortlaut finden Sie <a href=\"https:\/\/gruenlink.de\/1y4j\">hier<\/a>.<\/p>\n","protected":false},"excerpt":{"rendered":"<p>In einem gemeinsamen Antrag an die Ratssitzung am 01.03. fordern die Fraktionen von CDU und B\u00dcNDNIS 90\/DIE GR\u00dcNEN die Verwaltung auf, in der n\u00e4chsten Sitzungsrunde \u00fcber den aktuellen Sachstand der Planungen zur Bundesgartenschau zu berichten. Yazg\u00fcl\u00fc Zeybek, Fraktionsvorsitzende der GR\u00dcNEN: \u201eNachdem der Rat der Stadt&#8230;<\/p>\n","protected":false},"author":20,"featured_media":0,"menu_order":0,"comment_status":"open","ping_status":"open","template":"","meta":{"_wp_rev_ctl_limit":""},"themen":[25,58],"yoast_head":"<!-- This site is optimized with the Yoast SEO plugin v21.8 - https:\/\/yoast.com\/wordpress\/plugins\/seo\/ -->\n<title>BUGA: wie ist der Sachstand? - Fraktion von B\u00fcndnis 90 \/ DIE GR\u00dcNEN im Rat der Stadt Wuppertal<\/title>\n<meta name=\"robots\" content=\"index, follow, max-snippet:-1, max-image-preview:large, max-video-preview:-1\" \/>\n<link rel=\"canonical\" href=\"https:\/\/gruene-wuppertal.de\/fraktion\/pressemitteilungen\/buga-wie-ist-der-sachstand\/\" \/>\n<meta property=\"og:locale\" content=\"de_DE\" \/>\n<meta property=\"og:type\" content=\"article\" \/>\n<meta property=\"og:title\" content=\"BUGA: wie ist der Sachstand? - Fraktion von B\u00fcndnis 90 \/ DIE GR\u00dcNEN im Rat der Stadt Wuppertal\" \/>\n<meta property=\"og:description\" content=\"In einem gemeinsamen Antrag an die Ratssitzung am 01.03. fordern die Fraktionen von CDU und B\u00dcNDNIS 90\/DIE GR\u00dcNEN die Verwaltung auf, in der n\u00e4chsten Sitzungsrunde \u00fcber den aktuellen Sachstand der Planungen zur Bundesgartenschau zu berichten. Yazg\u00fcl\u00fc Zeybek, Fraktionsvorsitzende der GR\u00dcNEN: \u201eNachdem der Rat der Stadt...\" \/>\n<meta property=\"og:url\" content=\"https:\/\/gruene-wuppertal.de\/fraktion\/pressemitteilungen\/buga-wie-ist-der-sachstand\/\" \/>\n<meta property=\"og:site_name\" content=\"Fraktion von B\u00fcndnis 90 \/ DIE GR\u00dcNEN im Rat der Stadt Wuppertal\" \/>\n<meta name=\"twitter:card\" content=\"summary_large_image\" \/>\n<meta name=\"twitter:label1\" content=\"Gesch\u00e4tzte Lesezeit\" \/>\n\t<meta name=\"twitter:data1\" content=\"1 Minute\" \/>\n<script type=\"application\/ld+json\" class=\"yoast-schema-graph\">{\"@context\":\"https:\/\/schema.org\",\"@graph\":[{\"@type\":\"WebPage\",\"@id\":\"https:\/\/gruene-wuppertal.de\/fraktion\/pressemitteilungen\/buga-wie-ist-der-sachstand\/\",\"url\":\"https:\/\/gruene-wuppertal.de\/fraktion\/pressemitteilungen\/buga-wie-ist-der-sachstand\/\",\"name\":\"BUGA: wie ist der Sachstand? - Fraktion von B\u00fcndnis 90 \/ DIE GR\u00dcNEN im Rat der Stadt Wuppertal\",\"isPartOf\":{\"@id\":\"https:\/\/gruene-wuppertal.de\/fraktion\/#website\"},\"datePublished\":\"2021-02-23T13:40:23+00:00\",\"dateModified\":\"2021-02-23T13:40:23+00:00\",\"breadcrumb\":{\"@id\":\"https:\/\/gruene-wuppertal.de\/fraktion\/pressemitteilungen\/buga-wie-ist-der-sachstand\/#breadcrumb\"},\"inLanguage\":\"de-DE\",\"potentialAction\":[{\"@type\":\"ReadAction\",\"target\":[\"https:\/\/gruene-wuppertal.de\/fraktion\/pressemitteilungen\/buga-wie-ist-der-sachstand\/\"]}]},{\"@type\":\"BreadcrumbList\",\"@id\":\"https:\/\/gruene-wuppertal.de\/fraktion\/pressemitteilungen\/buga-wie-ist-der-sachstand\/#breadcrumb\",\"itemListElement\":[{\"@type\":\"ListItem\",\"position\":1,\"name\":\"Startseite\",\"item\":\"https:\/\/gruene-wuppertal.de\/fraktion\/\"},{\"@type\":\"ListItem\",\"position\":2,\"name\":\"BUGA: wie ist der Sachstand?\"}]},{\"@type\":\"WebSite\",\"@id\":\"https:\/\/gruene-wuppertal.de\/fraktion\/#website\",\"url\":\"https:\/\/gruene-wuppertal.de\/fraktion\/\",\"name\":\"Fraktion von B\u00fcndnis 90 \/ DIE GR\u00dcNEN im Rat der Stadt Wuppertal\",\"description\":\"\",\"potentialAction\":[{\"@type\":\"SearchAction\",\"target\":{\"@type\":\"EntryPoint\",\"urlTemplate\":\"https:\/\/gruene-wuppertal.de\/fraktion\/?s={search_term_string}\"},\"query-input\":\"required name=search_term_string\"}],\"inLanguage\":\"de-DE\"}]}<\/script>\n<!-- \/ Yoast SEO plugin. -->","yoast_head_json":{"title":"BUGA: wie ist der Sachstand? - Fraktion von B\u00fcndnis 90 \/ DIE GR\u00dcNEN im Rat der Stadt Wuppertal","robots":{"index":"index","follow":"follow","max-snippet":"max-snippet:-1","max-image-preview":"max-image-preview:large","max-video-preview":"max-video-preview:-1"},"canonical":"https:\/\/gruene-wuppertal.de\/fraktion\/pressemitteilungen\/buga-wie-ist-der-sachstand\/","og_locale":"de_DE","og_type":"article","og_title":"BUGA: wie ist der Sachstand? - Fraktion von B\u00fcndnis 90 \/ DIE GR\u00dcNEN im Rat der Stadt Wuppertal","og_description":"In einem gemeinsamen Antrag an die Ratssitzung am 01.03. fordern die Fraktionen von CDU und B\u00dcNDNIS 90\/DIE GR\u00dcNEN die Verwaltung auf, in der n\u00e4chsten Sitzungsrunde \u00fcber den aktuellen Sachstand der Planungen zur Bundesgartenschau zu berichten. Yazg\u00fcl\u00fc Zeybek, Fraktionsvorsitzende der GR\u00dcNEN: \u201eNachdem der Rat der Stadt...","og_url":"https:\/\/gruene-wuppertal.de\/fraktion\/pressemitteilungen\/buga-wie-ist-der-sachstand\/","og_site_name":"Fraktion von B\u00fcndnis 90 \/ DIE GR\u00dcNEN im Rat der Stadt Wuppertal","twitter_card":"summary_large_image","twitter_misc":{"Gesch\u00e4tzte Lesezeit":"1 Minute"},"schema":{"@context":"https:\/\/schema.org","@graph":[{"@type":"WebPage","@id":"https:\/\/gruene-wuppertal.de\/fraktion\/pressemitteilungen\/buga-wie-ist-der-sachstand\/","url":"https:\/\/gruene-wuppertal.de\/fraktion\/pressemitteilungen\/buga-wie-ist-der-sachstand\/","name":"BUGA: wie ist der Sachstand? - Fraktion von B\u00fcndnis 90 \/ DIE GR\u00dcNEN im Rat der Stadt Wuppertal","isPartOf":{"@id":"https:\/\/gruene-wuppertal.de\/fraktion\/#website"},"datePublished":"2021-02-23T13:40:23+00:00","dateModified":"2021-02-23T13:40:23+00:00","breadcrumb":{"@id":"https:\/\/gruene-wuppertal.de\/fraktion\/pressemitteilungen\/buga-wie-ist-der-sachstand\/#breadcrumb"},"inLanguage":"de-DE","potentialAction":[{"@type":"ReadAction","target":["https:\/\/gruene-wuppertal.de\/fraktion\/pressemitteilungen\/buga-wie-ist-der-sachstand\/"]}]},{"@type":"BreadcrumbList","@id":"https:\/\/gruene-wuppertal.de\/fraktion\/pressemitteilungen\/buga-wie-ist-der-sachstand\/#breadcrumb","itemListElement":[{"@type":"ListItem","position":1,"name":"Startseite","item":"https:\/\/gruene-wuppertal.de\/fraktion\/"},{"@type":"ListItem","position":2,"name":"BUGA: wie ist der Sachstand?"}]},{"@type":"WebSite","@id":"https:\/\/gruene-wuppertal.de\/fraktion\/#website","url":"https:\/\/gruene-wuppertal.de\/fraktion\/","name":"Fraktion von B\u00fcndnis 90 \/ DIE GR\u00dcNEN im Rat der Stadt Wuppertal","description":"","potentialAction":[{"@type":"SearchAction","target":{"@type":"EntryPoint","urlTemplate":"https:\/\/gruene-wuppertal.de\/fraktion\/?s={search_term_string}"},"query-input":"required name=search_term_string"}],"inLanguage":"de-DE"}]}},"post_mailing_queue_ids":[],"_links":{"self":[{"href":"https:\/\/gruene-wuppertal.de\/fraktion\/wp-json\/wp\/v2\/pressemitteilungen\/18639"}],"collection":[{"href":"https:\/\/gruene-wuppertal.de\/fraktion\/wp-json\/wp\/v2\/pressemitteilungen"}],"about":[{"href":"https:\/\/gruene-wuppertal.de\/fraktion\/wp-json\/wp\/v2\/types\/pressemitteilungen"}],"author":[{"embeddable":true,"href":"https:\/\/gruene-wuppertal.de\/fraktion\/wp-json\/wp\/v2\/users\/20"}],"replies":[{"embeddable":true,"href":"https:\/\/gruene-wuppertal.de\/fraktion\/wp-json\/wp\/v2\/comments?post=18639"}],"version-history":[{"count":1,"href":"https:\/\/gruene-wuppertal.de\/fraktion\/wp-json\/wp\/v2\/pressemitteilungen\/18639\/revisions"}],"predecessor-version":[{"id":18640,"href":"https:\/\/gruene-wuppertal.de\/fraktion\/wp-json\/wp\/v2\/pressemitteilungen\/18639\/revisions\/18640"}],"wp:attachment":[{"href":"https:\/\/gruene-wuppertal.de\/fraktion\/wp-json\/wp\/v2\/media?parent=18639"}],"wp:term":[{"taxonomy":"themen","embeddable":true,"href":"https:\/\/gruene-wuppertal.de\/fraktion\/wp-json\/wp\/v2\/themen?post=18639"}],"curies":[{"name":"wp","href":"https:\/\/api.w.org\/{rel}","templated":true}]}}