{"id":18542,"date":"2021-02-11T13:39:55","date_gmt":"2021-02-11T12:39:55","guid":{"rendered":"https:\/\/gruene-wuppertal.de\/fraktion\/?post_type=pressemitteilungen&#038;p=18542"},"modified":"2021-02-11T13:39:55","modified_gmt":"2021-02-11T12:39:55","slug":"gruene-uwe-schneidewind-startet-die-zukunft","status":"publish","type":"pressemitteilungen","link":"https:\/\/gruene-wuppertal.de\/fraktion\/pressemitteilungen\/gruene-uwe-schneidewind-startet-die-zukunft\/","title":{"rendered":"GR\u00dcNE: Uwe Schneidewind startet die Zukunft"},"content":{"rendered":"<p>Heute hat Oberb\u00fcrgermeister Uwe Schneidewind das Programm f\u00fcr seine erste Amtszeit vorgelegt und damit bewiesen, dass er sowohl die richtigen Visionen hat als auch die Verwaltung richtig motivieren kann, um Wuppertal zukunftsf\u00e4hig zu gestalten.<\/p>\n<p><strong>Yazg\u00fcl\u00fc Zeybek<\/strong> und <strong>Paul Yves Ramette<\/strong>, Fraktionsvorsitzende:<\/p>\n<p>\u201eAnhand von acht zentralen Zukunftsfeldern zeigt Uwe Schneidewind auf, wie er in enger Zusammenarbeit mit Verwaltung, Investor*innen\u00a0 und der Zivilgesellschaft Wuppertals Zukunft gestalten m\u00f6chte. Mit seinem nachhaltigen und progressiven Programm will er daf\u00fcr sorgen, dass sich Wuppertal auf seine St\u00e4rken besinnt, Probleme l\u00f6st und attraktive Entwicklungen anschiebt.<\/p>\n<p>Auf Basis einer Verwaltung, die konstruktiv und transparent arbeitet, kann die Digitalisierung weiterentwickelt, Investor*innen f\u00fcr Wuppertal begeistert und die Kraft engagierter B\u00fcrgerinnen und B\u00fcrger genutzt werden, um Wuppertal voran zu bringen.<\/p>\n<p>Nachhaltige Projekte wie \u201eCircular Valley\u201c, eine kluge Fl\u00e4chenpolitik und eine nachhaltige Mobilit\u00e4t sind Teile seiner Strategie, Wuppertal bis 2035 klimaneutral aufzustellen. Die guten und kreativen Ideen, die Wuppertal braucht, k\u00f6nnen nur Realit\u00e4t werden, wenn sie auch gemeinsam mit einer zukunftsf\u00e4higen und b\u00fcrgernahen Verwaltung gestaltet werden. Daher war es wichtig, dass der Oberb\u00fcrgermeister sich zun\u00e4chst der internen Struktur der Stadtverwaltung gewidmet hat.<\/p>\n<p>Den Beweis f\u00fcr seine neue Kommunikationsstrategie lieferte er bereits\u00a0bei der Pr\u00e4sentation seines Programms, die er als\u00a0 Live-Stream auf allen Social Media Kan\u00e4len sehr zukunftsorientiert eingestellt hat.\u00a0Jetzt ist die Stadt Wuppertal mit einem Account des Oberb\u00fcrgermeisters auch endlich auf Instagram und Twitter vertreten und kann aktuelle Informationen schnell teilen.\u201c<\/p>\n<p>Weitere Informationen unter<\/p>\n<p><a href=\"https:\/\/www.wuppertal.de\/presse\/meldungen\/meldungen-2021\/februar21\/stream-ob-pk-zukunftsprogramm.php\">https:\/\/www.wuppertal.de\/presse\/meldungen\/meldungen-2021\/februar21\/stream-ob-pk-zukunftsprogramm.php<\/a><\/p>\n<p>&nbsp;<\/p>\n<p>&nbsp;<\/p>\n","protected":false},"excerpt":{"rendered":"<p>Heute hat Oberb\u00fcrgermeister Uwe Schneidewind das Programm f\u00fcr seine erste Amtszeit vorgelegt und damit bewiesen, dass er sowohl die richtigen Visionen hat als auch die Verwaltung richtig motivieren kann, um Wuppertal zukunftsf\u00e4hig zu gestalten. Yazg\u00fcl\u00fc Zeybek und Paul Yves Ramette, Fraktionsvorsitzende: \u201eAnhand von acht zentralen&#8230;<\/p>\n","protected":false},"author":6,"featured_media":0,"menu_order":0,"comment_status":"open","ping_status":"open","template":"","meta":{"_wp_rev_ctl_limit":""},"themen":[48,69,34,79,108,36,74],"yoast_head":"<!-- This site is optimized with the Yoast SEO plugin v21.8 - https:\/\/yoast.com\/wordpress\/plugins\/seo\/ -->\n<title>GR\u00dcNE: Uwe Schneidewind startet die Zukunft - Fraktion von B\u00fcndnis 90 \/ DIE GR\u00dcNEN im Rat der Stadt Wuppertal<\/title>\n<meta name=\"robots\" content=\"index, follow, max-snippet:-1, max-image-preview:large, max-video-preview:-1\" \/>\n<link rel=\"canonical\" href=\"https:\/\/gruene-wuppertal.de\/fraktion\/pressemitteilungen\/gruene-uwe-schneidewind-startet-die-zukunft\/\" \/>\n<meta property=\"og:locale\" content=\"de_DE\" \/>\n<meta property=\"og:type\" content=\"article\" \/>\n<meta property=\"og:title\" content=\"GR\u00dcNE: Uwe Schneidewind startet die Zukunft - Fraktion von B\u00fcndnis 90 \/ DIE GR\u00dcNEN im Rat der Stadt Wuppertal\" \/>\n<meta property=\"og:description\" content=\"Heute hat Oberb\u00fcrgermeister Uwe Schneidewind das Programm f\u00fcr seine erste Amtszeit vorgelegt und damit bewiesen, dass er sowohl die richtigen Visionen hat als auch die Verwaltung richtig motivieren kann, um Wuppertal zukunftsf\u00e4hig zu gestalten. Yazg\u00fcl\u00fc Zeybek und Paul Yves Ramette, Fraktionsvorsitzende: \u201eAnhand von acht zentralen...\" \/>\n<meta property=\"og:url\" content=\"https:\/\/gruene-wuppertal.de\/fraktion\/pressemitteilungen\/gruene-uwe-schneidewind-startet-die-zukunft\/\" \/>\n<meta property=\"og:site_name\" content=\"Fraktion von B\u00fcndnis 90 \/ DIE GR\u00dcNEN im Rat der Stadt Wuppertal\" \/>\n<meta name=\"twitter:card\" content=\"summary_large_image\" \/>\n<meta name=\"twitter:label1\" content=\"Gesch\u00e4tzte Lesezeit\" \/>\n\t<meta name=\"twitter:data1\" content=\"1 Minute\" \/>\n<script type=\"application\/ld+json\" class=\"yoast-schema-graph\">{\"@context\":\"https:\/\/schema.org\",\"@graph\":[{\"@type\":\"WebPage\",\"@id\":\"https:\/\/gruene-wuppertal.de\/fraktion\/pressemitteilungen\/gruene-uwe-schneidewind-startet-die-zukunft\/\",\"url\":\"https:\/\/gruene-wuppertal.de\/fraktion\/pressemitteilungen\/gruene-uwe-schneidewind-startet-die-zukunft\/\",\"name\":\"GR\u00dcNE: Uwe Schneidewind startet die Zukunft - Fraktion von B\u00fcndnis 90 \/ DIE GR\u00dcNEN im Rat der Stadt Wuppertal\",\"isPartOf\":{\"@id\":\"https:\/\/gruene-wuppertal.de\/fraktion\/#website\"},\"datePublished\":\"2021-02-11T12:39:55+00:00\",\"dateModified\":\"2021-02-11T12:39:55+00:00\",\"breadcrumb\":{\"@id\":\"https:\/\/gruene-wuppertal.de\/fraktion\/pressemitteilungen\/gruene-uwe-schneidewind-startet-die-zukunft\/#breadcrumb\"},\"inLanguage\":\"de-DE\",\"potentialAction\":[{\"@type\":\"ReadAction\",\"target\":[\"https:\/\/gruene-wuppertal.de\/fraktion\/pressemitteilungen\/gruene-uwe-schneidewind-startet-die-zukunft\/\"]}]},{\"@type\":\"BreadcrumbList\",\"@id\":\"https:\/\/gruene-wuppertal.de\/fraktion\/pressemitteilungen\/gruene-uwe-schneidewind-startet-die-zukunft\/#breadcrumb\",\"itemListElement\":[{\"@type\":\"ListItem\",\"position\":1,\"name\":\"Startseite\",\"item\":\"https:\/\/gruene-wuppertal.de\/fraktion\/\"},{\"@type\":\"ListItem\",\"position\":2,\"name\":\"GR\u00dcNE: Uwe Schneidewind startet die Zukunft\"}]},{\"@type\":\"WebSite\",\"@id\":\"https:\/\/gruene-wuppertal.de\/fraktion\/#website\",\"url\":\"https:\/\/gruene-wuppertal.de\/fraktion\/\",\"name\":\"Fraktion von B\u00fcndnis 90 \/ DIE GR\u00dcNEN im Rat der Stadt Wuppertal\",\"description\":\"\",\"potentialAction\":[{\"@type\":\"SearchAction\",\"target\":{\"@type\":\"EntryPoint\",\"urlTemplate\":\"https:\/\/gruene-wuppertal.de\/fraktion\/?s={search_term_string}\"},\"query-input\":\"required name=search_term_string\"}],\"inLanguage\":\"de-DE\"}]}<\/script>\n<!-- \/ Yoast SEO plugin. -->","yoast_head_json":{"title":"GR\u00dcNE: Uwe Schneidewind startet die Zukunft - Fraktion von B\u00fcndnis 90 \/ DIE GR\u00dcNEN im Rat der Stadt Wuppertal","robots":{"index":"index","follow":"follow","max-snippet":"max-snippet:-1","max-image-preview":"max-image-preview:large","max-video-preview":"max-video-preview:-1"},"canonical":"https:\/\/gruene-wuppertal.de\/fraktion\/pressemitteilungen\/gruene-uwe-schneidewind-startet-die-zukunft\/","og_locale":"de_DE","og_type":"article","og_title":"GR\u00dcNE: Uwe Schneidewind startet die Zukunft - Fraktion von B\u00fcndnis 90 \/ DIE GR\u00dcNEN im Rat der Stadt Wuppertal","og_description":"Heute hat Oberb\u00fcrgermeister Uwe Schneidewind das Programm f\u00fcr seine erste Amtszeit vorgelegt und damit bewiesen, dass er sowohl die richtigen Visionen hat als auch die Verwaltung richtig motivieren kann, um Wuppertal zukunftsf\u00e4hig zu gestalten. Yazg\u00fcl\u00fc Zeybek und Paul Yves Ramette, Fraktionsvorsitzende: \u201eAnhand von acht zentralen...","og_url":"https:\/\/gruene-wuppertal.de\/fraktion\/pressemitteilungen\/gruene-uwe-schneidewind-startet-die-zukunft\/","og_site_name":"Fraktion von B\u00fcndnis 90 \/ DIE GR\u00dcNEN im Rat der Stadt Wuppertal","twitter_card":"summary_large_image","twitter_misc":{"Gesch\u00e4tzte Lesezeit":"1 Minute"},"schema":{"@context":"https:\/\/schema.org","@graph":[{"@type":"WebPage","@id":"https:\/\/gruene-wuppertal.de\/fraktion\/pressemitteilungen\/gruene-uwe-schneidewind-startet-die-zukunft\/","url":"https:\/\/gruene-wuppertal.de\/fraktion\/pressemitteilungen\/gruene-uwe-schneidewind-startet-die-zukunft\/","name":"GR\u00dcNE: Uwe Schneidewind startet die Zukunft - Fraktion von B\u00fcndnis 90 \/ DIE GR\u00dcNEN im Rat der Stadt Wuppertal","isPartOf":{"@id":"https:\/\/gruene-wuppertal.de\/fraktion\/#website"},"datePublished":"2021-02-11T12:39:55+00:00","dateModified":"2021-02-11T12:39:55+00:00","breadcrumb":{"@id":"https:\/\/gruene-wuppertal.de\/fraktion\/pressemitteilungen\/gruene-uwe-schneidewind-startet-die-zukunft\/#breadcrumb"},"inLanguage":"de-DE","potentialAction":[{"@type":"ReadAction","target":["https:\/\/gruene-wuppertal.de\/fraktion\/pressemitteilungen\/gruene-uwe-schneidewind-startet-die-zukunft\/"]}]},{"@type":"BreadcrumbList","@id":"https:\/\/gruene-wuppertal.de\/fraktion\/pressemitteilungen\/gruene-uwe-schneidewind-startet-die-zukunft\/#breadcrumb","itemListElement":[{"@type":"ListItem","position":1,"name":"Startseite","item":"https:\/\/gruene-wuppertal.de\/fraktion\/"},{"@type":"ListItem","position":2,"name":"GR\u00dcNE: Uwe Schneidewind startet die Zukunft"}]},{"@type":"WebSite","@id":"https:\/\/gruene-wuppertal.de\/fraktion\/#website","url":"https:\/\/gruene-wuppertal.de\/fraktion\/","name":"Fraktion von B\u00fcndnis 90 \/ DIE GR\u00dcNEN im Rat der Stadt Wuppertal","description":"","potentialAction":[{"@type":"SearchAction","target":{"@type":"EntryPoint","urlTemplate":"https:\/\/gruene-wuppertal.de\/fraktion\/?s={search_term_string}"},"query-input":"required name=search_term_string"}],"inLanguage":"de-DE"}]}},"post_mailing_queue_ids":[],"_links":{"self":[{"href":"https:\/\/gruene-wuppertal.de\/fraktion\/wp-json\/wp\/v2\/pressemitteilungen\/18542"}],"collection":[{"href":"https:\/\/gruene-wuppertal.de\/fraktion\/wp-json\/wp\/v2\/pressemitteilungen"}],"about":[{"href":"https:\/\/gruene-wuppertal.de\/fraktion\/wp-json\/wp\/v2\/types\/pressemitteilungen"}],"author":[{"embeddable":true,"href":"https:\/\/gruene-wuppertal.de\/fraktion\/wp-json\/wp\/v2\/users\/6"}],"replies":[{"embeddable":true,"href":"https:\/\/gruene-wuppertal.de\/fraktion\/wp-json\/wp\/v2\/comments?post=18542"}],"version-history":[{"count":1,"href":"https:\/\/gruene-wuppertal.de\/fraktion\/wp-json\/wp\/v2\/pressemitteilungen\/18542\/revisions"}],"predecessor-version":[{"id":18543,"href":"https:\/\/gruene-wuppertal.de\/fraktion\/wp-json\/wp\/v2\/pressemitteilungen\/18542\/revisions\/18543"}],"wp:attachment":[{"href":"https:\/\/gruene-wuppertal.de\/fraktion\/wp-json\/wp\/v2\/media?parent=18542"}],"wp:term":[{"taxonomy":"themen","embeddable":true,"href":"https:\/\/gruene-wuppertal.de\/fraktion\/wp-json\/wp\/v2\/themen?post=18542"}],"curies":[{"name":"wp","href":"https:\/\/api.w.org\/{rel}","templated":true}]}}