{"id":18367,"date":"2021-01-11T15:08:48","date_gmt":"2021-01-11T14:08:48","guid":{"rendered":"https:\/\/gruene-wuppertal.de\/fraktion\/?post_type=pressemitteilungen&#038;p=18367"},"modified":"2021-01-11T15:08:48","modified_gmt":"2021-01-11T14:08:48","slug":"gruene-die-verzoegerung-bei-schulsanierungen-ist-ein-herber-schlag","status":"publish","type":"pressemitteilungen","link":"https:\/\/gruene-wuppertal.de\/fraktion\/pressemitteilungen\/gruene-die-verzoegerung-bei-schulsanierungen-ist-ein-herber-schlag\/","title":{"rendered":"GR\u00dcNE: Die Verz\u00f6gerung bei Schulsanierungen ist ein herber Schlag!"},"content":{"rendered":"<p>Die GR\u00dcNE Ratsfraktion ist entsetzt \u00fcber die aktuellen Informationen zum Ersatzschulstandort auf der Hardt.<\/p>\n<p>Die Fraktionsvorsitzende <strong>Yazg\u00fcl\u00fc Zeybek<\/strong> erkl\u00e4rt dazu:<br \/>\n\u201eWir haben zuletzt im Juni letzten Jahres f\u00fcr den Abriss des Geb\u00e4udes auf der Hardt und den Neubau einer tempor\u00e4ren Schule aus Containern gestimmt. Dies geschah vor dem Hintergrund der vom GMW geschilderten Kosten- und Zeiteinsparungen gegen\u00fcber einer Sanierung des alten Geb\u00e4udes. Jetzt steht wohl fest, dass weder der Kosten- noch der Zeitplan eingehalten werden kann. Es ist jetzt wichtig, die Abl\u00e4ufe im GMW zu analysieren, um solche groben Planungsfehler in der Zukunft zu verhindern und das Vertrauen wieder herzustellen, denn es sind noch weitere Schulen zu sanieren.&#8220;<\/p>\n<p>Die schulpolitische Sprecherin der Fraktion, <strong>Caterina Zinke<\/strong>, erg\u00e4nzt:<br \/>\n&#8222;Massive Kostensteigerungen und eine falsche baurechtliche Beurteilung durch die Verwaltung f\u00fchren nun zum Stopp des Schulbaus. Die Sanierung der \u201eElse\u201c und des Johannes-Rau-Gymnasiums soll nach aktuellen Informationen um Jahre nach hinten verschoben werden. Das ist f\u00fcr die beiden Schulen ein harter Schlag, eine weitere lange Verz\u00f6gerung unzumutbar. Die Sanierung der \u201eElse\u201c und des Johannes-Rau-Gymnasiums muss schnellstm\u00f6glich erfolgen, das ist jedenfalls unser oberstes Ziel bei den kommenden Beratungen. Wir werden alle Handlungsoptionen genau pr\u00fcfen und beurteilen.&#8220;<\/p>\n","protected":false},"excerpt":{"rendered":"<p>Die GR\u00dcNE Ratsfraktion ist entsetzt \u00fcber die aktuellen Informationen zum Ersatzschulstandort auf der Hardt. Die Fraktionsvorsitzende Yazg\u00fcl\u00fc Zeybek erkl\u00e4rt dazu: \u201eWir haben zuletzt im Juni letzten Jahres f\u00fcr den Abriss des Geb\u00e4udes auf der Hardt und den Neubau einer tempor\u00e4ren Schule aus Containern gestimmt. Dies&#8230;<\/p>\n","protected":false},"author":20,"featured_media":0,"menu_order":0,"comment_status":"open","ping_status":"open","template":"","meta":{"_wp_rev_ctl_limit":""},"themen":[25,35,56,39,58],"yoast_head":"<!-- This site is optimized with the Yoast SEO plugin v21.8 - https:\/\/yoast.com\/wordpress\/plugins\/seo\/ -->\n<title>GR\u00dcNE: Die Verz\u00f6gerung bei Schulsanierungen ist ein herber Schlag! - Fraktion von B\u00fcndnis 90 \/ DIE GR\u00dcNEN im Rat der Stadt Wuppertal<\/title>\n<meta name=\"robots\" content=\"index, follow, max-snippet:-1, max-image-preview:large, max-video-preview:-1\" \/>\n<link rel=\"canonical\" href=\"https:\/\/gruene-wuppertal.de\/fraktion\/pressemitteilungen\/gruene-die-verzoegerung-bei-schulsanierungen-ist-ein-herber-schlag\/\" \/>\n<meta property=\"og:locale\" content=\"de_DE\" \/>\n<meta property=\"og:type\" content=\"article\" \/>\n<meta property=\"og:title\" content=\"GR\u00dcNE: Die Verz\u00f6gerung bei Schulsanierungen ist ein herber Schlag! - Fraktion von B\u00fcndnis 90 \/ DIE GR\u00dcNEN im Rat der Stadt Wuppertal\" \/>\n<meta property=\"og:description\" content=\"Die GR\u00dcNE Ratsfraktion ist entsetzt \u00fcber die aktuellen Informationen zum Ersatzschulstandort auf der Hardt. Die Fraktionsvorsitzende Yazg\u00fcl\u00fc Zeybek erkl\u00e4rt dazu: \u201eWir haben zuletzt im Juni letzten Jahres f\u00fcr den Abriss des Geb\u00e4udes auf der Hardt und den Neubau einer tempor\u00e4ren Schule aus Containern gestimmt. Dies...\" \/>\n<meta property=\"og:url\" content=\"https:\/\/gruene-wuppertal.de\/fraktion\/pressemitteilungen\/gruene-die-verzoegerung-bei-schulsanierungen-ist-ein-herber-schlag\/\" \/>\n<meta property=\"og:site_name\" content=\"Fraktion von B\u00fcndnis 90 \/ DIE GR\u00dcNEN im Rat der Stadt Wuppertal\" \/>\n<meta name=\"twitter:card\" content=\"summary_large_image\" \/>\n<meta name=\"twitter:label1\" content=\"Gesch\u00e4tzte Lesezeit\" \/>\n\t<meta name=\"twitter:data1\" content=\"1 Minute\" \/>\n<script type=\"application\/ld+json\" class=\"yoast-schema-graph\">{\"@context\":\"https:\/\/schema.org\",\"@graph\":[{\"@type\":\"WebPage\",\"@id\":\"https:\/\/gruene-wuppertal.de\/fraktion\/pressemitteilungen\/gruene-die-verzoegerung-bei-schulsanierungen-ist-ein-herber-schlag\/\",\"url\":\"https:\/\/gruene-wuppertal.de\/fraktion\/pressemitteilungen\/gruene-die-verzoegerung-bei-schulsanierungen-ist-ein-herber-schlag\/\",\"name\":\"GR\u00dcNE: Die Verz\u00f6gerung bei Schulsanierungen ist ein herber Schlag! - Fraktion von B\u00fcndnis 90 \/ DIE GR\u00dcNEN im Rat der Stadt Wuppertal\",\"isPartOf\":{\"@id\":\"https:\/\/gruene-wuppertal.de\/fraktion\/#website\"},\"datePublished\":\"2021-01-11T14:08:48+00:00\",\"dateModified\":\"2021-01-11T14:08:48+00:00\",\"breadcrumb\":{\"@id\":\"https:\/\/gruene-wuppertal.de\/fraktion\/pressemitteilungen\/gruene-die-verzoegerung-bei-schulsanierungen-ist-ein-herber-schlag\/#breadcrumb\"},\"inLanguage\":\"de-DE\",\"potentialAction\":[{\"@type\":\"ReadAction\",\"target\":[\"https:\/\/gruene-wuppertal.de\/fraktion\/pressemitteilungen\/gruene-die-verzoegerung-bei-schulsanierungen-ist-ein-herber-schlag\/\"]}]},{\"@type\":\"BreadcrumbList\",\"@id\":\"https:\/\/gruene-wuppertal.de\/fraktion\/pressemitteilungen\/gruene-die-verzoegerung-bei-schulsanierungen-ist-ein-herber-schlag\/#breadcrumb\",\"itemListElement\":[{\"@type\":\"ListItem\",\"position\":1,\"name\":\"Startseite\",\"item\":\"https:\/\/gruene-wuppertal.de\/fraktion\/\"},{\"@type\":\"ListItem\",\"position\":2,\"name\":\"GR\u00dcNE: Die Verz\u00f6gerung bei Schulsanierungen ist ein herber Schlag!\"}]},{\"@type\":\"WebSite\",\"@id\":\"https:\/\/gruene-wuppertal.de\/fraktion\/#website\",\"url\":\"https:\/\/gruene-wuppertal.de\/fraktion\/\",\"name\":\"Fraktion von B\u00fcndnis 90 \/ DIE GR\u00dcNEN im Rat der Stadt Wuppertal\",\"description\":\"\",\"potentialAction\":[{\"@type\":\"SearchAction\",\"target\":{\"@type\":\"EntryPoint\",\"urlTemplate\":\"https:\/\/gruene-wuppertal.de\/fraktion\/?s={search_term_string}\"},\"query-input\":\"required name=search_term_string\"}],\"inLanguage\":\"de-DE\"}]}<\/script>\n<!-- \/ Yoast SEO plugin. -->","yoast_head_json":{"title":"GR\u00dcNE: Die Verz\u00f6gerung bei Schulsanierungen ist ein herber Schlag! - Fraktion von B\u00fcndnis 90 \/ DIE GR\u00dcNEN im Rat der Stadt Wuppertal","robots":{"index":"index","follow":"follow","max-snippet":"max-snippet:-1","max-image-preview":"max-image-preview:large","max-video-preview":"max-video-preview:-1"},"canonical":"https:\/\/gruene-wuppertal.de\/fraktion\/pressemitteilungen\/gruene-die-verzoegerung-bei-schulsanierungen-ist-ein-herber-schlag\/","og_locale":"de_DE","og_type":"article","og_title":"GR\u00dcNE: Die Verz\u00f6gerung bei Schulsanierungen ist ein herber Schlag! - Fraktion von B\u00fcndnis 90 \/ DIE GR\u00dcNEN im Rat der Stadt Wuppertal","og_description":"Die GR\u00dcNE Ratsfraktion ist entsetzt \u00fcber die aktuellen Informationen zum Ersatzschulstandort auf der Hardt. Die Fraktionsvorsitzende Yazg\u00fcl\u00fc Zeybek erkl\u00e4rt dazu: \u201eWir haben zuletzt im Juni letzten Jahres f\u00fcr den Abriss des Geb\u00e4udes auf der Hardt und den Neubau einer tempor\u00e4ren Schule aus Containern gestimmt. Dies...","og_url":"https:\/\/gruene-wuppertal.de\/fraktion\/pressemitteilungen\/gruene-die-verzoegerung-bei-schulsanierungen-ist-ein-herber-schlag\/","og_site_name":"Fraktion von B\u00fcndnis 90 \/ DIE GR\u00dcNEN im Rat der Stadt Wuppertal","twitter_card":"summary_large_image","twitter_misc":{"Gesch\u00e4tzte Lesezeit":"1 Minute"},"schema":{"@context":"https:\/\/schema.org","@graph":[{"@type":"WebPage","@id":"https:\/\/gruene-wuppertal.de\/fraktion\/pressemitteilungen\/gruene-die-verzoegerung-bei-schulsanierungen-ist-ein-herber-schlag\/","url":"https:\/\/gruene-wuppertal.de\/fraktion\/pressemitteilungen\/gruene-die-verzoegerung-bei-schulsanierungen-ist-ein-herber-schlag\/","name":"GR\u00dcNE: Die Verz\u00f6gerung bei Schulsanierungen ist ein herber Schlag! - Fraktion von B\u00fcndnis 90 \/ DIE GR\u00dcNEN im Rat der Stadt Wuppertal","isPartOf":{"@id":"https:\/\/gruene-wuppertal.de\/fraktion\/#website"},"datePublished":"2021-01-11T14:08:48+00:00","dateModified":"2021-01-11T14:08:48+00:00","breadcrumb":{"@id":"https:\/\/gruene-wuppertal.de\/fraktion\/pressemitteilungen\/gruene-die-verzoegerung-bei-schulsanierungen-ist-ein-herber-schlag\/#breadcrumb"},"inLanguage":"de-DE","potentialAction":[{"@type":"ReadAction","target":["https:\/\/gruene-wuppertal.de\/fraktion\/pressemitteilungen\/gruene-die-verzoegerung-bei-schulsanierungen-ist-ein-herber-schlag\/"]}]},{"@type":"BreadcrumbList","@id":"https:\/\/gruene-wuppertal.de\/fraktion\/pressemitteilungen\/gruene-die-verzoegerung-bei-schulsanierungen-ist-ein-herber-schlag\/#breadcrumb","itemListElement":[{"@type":"ListItem","position":1,"name":"Startseite","item":"https:\/\/gruene-wuppertal.de\/fraktion\/"},{"@type":"ListItem","position":2,"name":"GR\u00dcNE: Die Verz\u00f6gerung bei Schulsanierungen ist ein herber Schlag!"}]},{"@type":"WebSite","@id":"https:\/\/gruene-wuppertal.de\/fraktion\/#website","url":"https:\/\/gruene-wuppertal.de\/fraktion\/","name":"Fraktion von B\u00fcndnis 90 \/ DIE GR\u00dcNEN im Rat der Stadt Wuppertal","description":"","potentialAction":[{"@type":"SearchAction","target":{"@type":"EntryPoint","urlTemplate":"https:\/\/gruene-wuppertal.de\/fraktion\/?s={search_term_string}"},"query-input":"required name=search_term_string"}],"inLanguage":"de-DE"}]}},"post_mailing_queue_ids":[],"_links":{"self":[{"href":"https:\/\/gruene-wuppertal.de\/fraktion\/wp-json\/wp\/v2\/pressemitteilungen\/18367"}],"collection":[{"href":"https:\/\/gruene-wuppertal.de\/fraktion\/wp-json\/wp\/v2\/pressemitteilungen"}],"about":[{"href":"https:\/\/gruene-wuppertal.de\/fraktion\/wp-json\/wp\/v2\/types\/pressemitteilungen"}],"author":[{"embeddable":true,"href":"https:\/\/gruene-wuppertal.de\/fraktion\/wp-json\/wp\/v2\/users\/20"}],"replies":[{"embeddable":true,"href":"https:\/\/gruene-wuppertal.de\/fraktion\/wp-json\/wp\/v2\/comments?post=18367"}],"version-history":[{"count":1,"href":"https:\/\/gruene-wuppertal.de\/fraktion\/wp-json\/wp\/v2\/pressemitteilungen\/18367\/revisions"}],"predecessor-version":[{"id":18368,"href":"https:\/\/gruene-wuppertal.de\/fraktion\/wp-json\/wp\/v2\/pressemitteilungen\/18367\/revisions\/18368"}],"wp:attachment":[{"href":"https:\/\/gruene-wuppertal.de\/fraktion\/wp-json\/wp\/v2\/media?parent=18367"}],"wp:term":[{"taxonomy":"themen","embeddable":true,"href":"https:\/\/gruene-wuppertal.de\/fraktion\/wp-json\/wp\/v2\/themen?post=18367"}],"curies":[{"name":"wp","href":"https:\/\/api.w.org\/{rel}","templated":true}]}}