{"id":18253,"date":"2020-11-17T15:34:33","date_gmt":"2020-11-17T14:34:33","guid":{"rendered":"https:\/\/gruene-wuppertal.de\/fraktion\/?post_type=pressemitteilungen&#038;p=18253"},"modified":"2020-11-17T15:34:33","modified_gmt":"2020-11-17T14:34:33","slug":"gruene-buergermeisterin-nominiert","status":"publish","type":"pressemitteilungen","link":"https:\/\/gruene-wuppertal.de\/fraktion\/pressemitteilungen\/gruene-buergermeisterin-nominiert\/","title":{"rendered":"GR\u00dcNE B\u00fcrgermeisterin nominiert"},"content":{"rendered":"<p><img loading=\"lazy\" decoding=\"async\" class=\"wp-image-18254 alignright\" src=\"https:\/\/gruene-wuppertal.de\/fraktion\/wp-content\/uploads\/2020\/11\/Dagmar-Liste-Frinker-240x300.jpg\" alt=\"\" width=\"228\" height=\"285\" srcset=\"https:\/\/gruene-wuppertal.de\/fraktion\/wp-content\/uploads\/2020\/11\/Dagmar-Liste-Frinker-240x300.jpg 240w, https:\/\/gruene-wuppertal.de\/fraktion\/wp-content\/uploads\/2020\/11\/Dagmar-Liste-Frinker.jpg 600w\" sizes=\"(max-width: 228px) 100vw, 228px\" \/>Die GR\u00dcNE Ratsfraktion hat in ihrer gestrigen Fraktionssitzung Dagmar Liste-Frinker f\u00fcr das Amt der dritten B\u00fcrgermeisterin der Stadt Wuppertal nominiert.<\/p>\n<p><strong>Yazg\u00fcl\u00fc Zeybek und Paul Yves Ramette<\/strong>, Fraktionsvorsitzende:<\/p>\n<p>\u201eDer Rat wird in seiner Sitzung am Montag, den 23.11. die Stellvertreter*innen von Oberb\u00fcrgermeister Uwe Schneidewind w\u00e4hlen. Dagmar Liste-Frinker ist unsere GR\u00dcNE Kandidatin. Sie war \u00fcber mehrere Jahre Sprecherin des Kreisverbandes, zur Kommunalwahl hat die GR\u00dcNE Mitgliedschaft sie auf den exzellenten Listenplatz 3 aufgestellt und wenn sie am Montag gew\u00e4hlt wird, kann sie als Stellvertreterin durchstarten.<\/p>\n<p>Sie ist 58 Jahre alt, Mutter zweier erwachsener T\u00f6chter und ihr ist es ein Anliegen, den GR\u00dcNEN Oberb\u00fcrgermeister zu unterst\u00fctzen und ihren Teil dazu beitragen, dass seine Amtszeit erfolgreich wird. Wenn sie gew\u00e4hlt wird, ist sie die einzige weibliche B\u00fcrgermeisterin im Gegensatz zur letzten Ratsperiode, wo drei B\u00fcrgermeisterinnen aktiv waren. Da Gleichstellungspolitik eines ihrer Kernthemen ist, hat sie sich umso mehr \u00fcber die Nominierung als einziger Frau in der Stellvertreter*innenriege gefreut, Dar\u00fcber hinaus m\u00f6chte sie vermehrt in Kontakt mit B\u00fcrgerinnen und B\u00fcrgern treten, und B\u00fcrgerbeteiligung generell f\u00f6rdern.<\/p>\n<p>Wir w\u00fcnschen ihr bei der Bew\u00e4ltigung der vielf\u00e4ltigen Aufgaben eine gl\u00fcckliche Hand und freuen uns, dass die Wahl mit gro\u00dfer Mehrheit getroffen wurde.\u201c<\/p>\n","protected":false},"excerpt":{"rendered":"<p>Die GR\u00dcNE Ratsfraktion hat in ihrer gestrigen Fraktionssitzung Dagmar Liste-Frinker f\u00fcr das Amt der dritten B\u00fcrgermeisterin der Stadt Wuppertal nominiert. Yazg\u00fcl\u00fc Zeybek und Paul Yves Ramette, Fraktionsvorsitzende: \u201eDer Rat wird in seiner Sitzung am Montag, den 23.11. die Stellvertreter*innen von Oberb\u00fcrgermeister Uwe Schneidewind w\u00e4hlen. Dagmar&#8230;<\/p>\n","protected":false},"author":6,"featured_media":0,"menu_order":0,"comment_status":"open","ping_status":"open","template":"","meta":{"_wp_rev_ctl_limit":""},"themen":[79],"yoast_head":"<!-- This site is optimized with the Yoast SEO plugin v21.8 - https:\/\/yoast.com\/wordpress\/plugins\/seo\/ -->\n<title>GR\u00dcNE B\u00fcrgermeisterin nominiert - Fraktion von B\u00fcndnis 90 \/ DIE GR\u00dcNEN im Rat der Stadt Wuppertal<\/title>\n<meta name=\"robots\" content=\"index, follow, max-snippet:-1, max-image-preview:large, max-video-preview:-1\" \/>\n<link rel=\"canonical\" href=\"https:\/\/gruene-wuppertal.de\/fraktion\/pressemitteilungen\/gruene-buergermeisterin-nominiert\/\" \/>\n<meta property=\"og:locale\" content=\"de_DE\" \/>\n<meta property=\"og:type\" content=\"article\" \/>\n<meta property=\"og:title\" content=\"GR\u00dcNE B\u00fcrgermeisterin nominiert - Fraktion von B\u00fcndnis 90 \/ DIE GR\u00dcNEN im Rat der Stadt Wuppertal\" \/>\n<meta property=\"og:description\" content=\"Die GR\u00dcNE Ratsfraktion hat in ihrer gestrigen Fraktionssitzung Dagmar Liste-Frinker f\u00fcr das Amt der dritten B\u00fcrgermeisterin der Stadt Wuppertal nominiert. Yazg\u00fcl\u00fc Zeybek und Paul Yves Ramette, Fraktionsvorsitzende: \u201eDer Rat wird in seiner Sitzung am Montag, den 23.11. die Stellvertreter*innen von Oberb\u00fcrgermeister Uwe Schneidewind w\u00e4hlen. Dagmar...\" \/>\n<meta property=\"og:url\" content=\"https:\/\/gruene-wuppertal.de\/fraktion\/pressemitteilungen\/gruene-buergermeisterin-nominiert\/\" \/>\n<meta property=\"og:site_name\" content=\"Fraktion von B\u00fcndnis 90 \/ DIE GR\u00dcNEN im Rat der Stadt Wuppertal\" \/>\n<meta property=\"og:image\" content=\"https:\/\/gruene-wuppertal.de\/fraktion\/wp-content\/uploads\/2020\/11\/Dagmar-Liste-Frinker-240x300.jpg\" \/>\n<meta name=\"twitter:card\" content=\"summary_large_image\" \/>\n<meta name=\"twitter:label1\" content=\"Gesch\u00e4tzte Lesezeit\" \/>\n\t<meta name=\"twitter:data1\" content=\"1 Minute\" \/>\n<script type=\"application\/ld+json\" class=\"yoast-schema-graph\">{\"@context\":\"https:\/\/schema.org\",\"@graph\":[{\"@type\":\"WebPage\",\"@id\":\"https:\/\/gruene-wuppertal.de\/fraktion\/pressemitteilungen\/gruene-buergermeisterin-nominiert\/\",\"url\":\"https:\/\/gruene-wuppertal.de\/fraktion\/pressemitteilungen\/gruene-buergermeisterin-nominiert\/\",\"name\":\"GR\u00dcNE B\u00fcrgermeisterin nominiert - Fraktion von B\u00fcndnis 90 \/ DIE GR\u00dcNEN im Rat der Stadt Wuppertal\",\"isPartOf\":{\"@id\":\"https:\/\/gruene-wuppertal.de\/fraktion\/#website\"},\"datePublished\":\"2020-11-17T14:34:33+00:00\",\"dateModified\":\"2020-11-17T14:34:33+00:00\",\"breadcrumb\":{\"@id\":\"https:\/\/gruene-wuppertal.de\/fraktion\/pressemitteilungen\/gruene-buergermeisterin-nominiert\/#breadcrumb\"},\"inLanguage\":\"de-DE\",\"potentialAction\":[{\"@type\":\"ReadAction\",\"target\":[\"https:\/\/gruene-wuppertal.de\/fraktion\/pressemitteilungen\/gruene-buergermeisterin-nominiert\/\"]}]},{\"@type\":\"BreadcrumbList\",\"@id\":\"https:\/\/gruene-wuppertal.de\/fraktion\/pressemitteilungen\/gruene-buergermeisterin-nominiert\/#breadcrumb\",\"itemListElement\":[{\"@type\":\"ListItem\",\"position\":1,\"name\":\"Startseite\",\"item\":\"https:\/\/gruene-wuppertal.de\/fraktion\/\"},{\"@type\":\"ListItem\",\"position\":2,\"name\":\"GR\u00dcNE B\u00fcrgermeisterin nominiert\"}]},{\"@type\":\"WebSite\",\"@id\":\"https:\/\/gruene-wuppertal.de\/fraktion\/#website\",\"url\":\"https:\/\/gruene-wuppertal.de\/fraktion\/\",\"name\":\"Fraktion von B\u00fcndnis 90 \/ DIE GR\u00dcNEN im Rat der Stadt Wuppertal\",\"description\":\"\",\"potentialAction\":[{\"@type\":\"SearchAction\",\"target\":{\"@type\":\"EntryPoint\",\"urlTemplate\":\"https:\/\/gruene-wuppertal.de\/fraktion\/?s={search_term_string}\"},\"query-input\":\"required name=search_term_string\"}],\"inLanguage\":\"de-DE\"}]}<\/script>\n<!-- \/ Yoast SEO plugin. -->","yoast_head_json":{"title":"GR\u00dcNE B\u00fcrgermeisterin nominiert - Fraktion von B\u00fcndnis 90 \/ DIE GR\u00dcNEN im Rat der Stadt Wuppertal","robots":{"index":"index","follow":"follow","max-snippet":"max-snippet:-1","max-image-preview":"max-image-preview:large","max-video-preview":"max-video-preview:-1"},"canonical":"https:\/\/gruene-wuppertal.de\/fraktion\/pressemitteilungen\/gruene-buergermeisterin-nominiert\/","og_locale":"de_DE","og_type":"article","og_title":"GR\u00dcNE B\u00fcrgermeisterin nominiert - Fraktion von B\u00fcndnis 90 \/ DIE GR\u00dcNEN im Rat der Stadt Wuppertal","og_description":"Die GR\u00dcNE Ratsfraktion hat in ihrer gestrigen Fraktionssitzung Dagmar Liste-Frinker f\u00fcr das Amt der dritten B\u00fcrgermeisterin der Stadt Wuppertal nominiert. Yazg\u00fcl\u00fc Zeybek und Paul Yves Ramette, Fraktionsvorsitzende: \u201eDer Rat wird in seiner Sitzung am Montag, den 23.11. die Stellvertreter*innen von Oberb\u00fcrgermeister Uwe Schneidewind w\u00e4hlen. Dagmar...","og_url":"https:\/\/gruene-wuppertal.de\/fraktion\/pressemitteilungen\/gruene-buergermeisterin-nominiert\/","og_site_name":"Fraktion von B\u00fcndnis 90 \/ DIE GR\u00dcNEN im Rat der Stadt Wuppertal","og_image":[{"url":"https:\/\/gruene-wuppertal.de\/fraktion\/wp-content\/uploads\/2020\/11\/Dagmar-Liste-Frinker-240x300.jpg"}],"twitter_card":"summary_large_image","twitter_misc":{"Gesch\u00e4tzte Lesezeit":"1 Minute"},"schema":{"@context":"https:\/\/schema.org","@graph":[{"@type":"WebPage","@id":"https:\/\/gruene-wuppertal.de\/fraktion\/pressemitteilungen\/gruene-buergermeisterin-nominiert\/","url":"https:\/\/gruene-wuppertal.de\/fraktion\/pressemitteilungen\/gruene-buergermeisterin-nominiert\/","name":"GR\u00dcNE B\u00fcrgermeisterin nominiert - Fraktion von B\u00fcndnis 90 \/ DIE GR\u00dcNEN im Rat der Stadt Wuppertal","isPartOf":{"@id":"https:\/\/gruene-wuppertal.de\/fraktion\/#website"},"datePublished":"2020-11-17T14:34:33+00:00","dateModified":"2020-11-17T14:34:33+00:00","breadcrumb":{"@id":"https:\/\/gruene-wuppertal.de\/fraktion\/pressemitteilungen\/gruene-buergermeisterin-nominiert\/#breadcrumb"},"inLanguage":"de-DE","potentialAction":[{"@type":"ReadAction","target":["https:\/\/gruene-wuppertal.de\/fraktion\/pressemitteilungen\/gruene-buergermeisterin-nominiert\/"]}]},{"@type":"BreadcrumbList","@id":"https:\/\/gruene-wuppertal.de\/fraktion\/pressemitteilungen\/gruene-buergermeisterin-nominiert\/#breadcrumb","itemListElement":[{"@type":"ListItem","position":1,"name":"Startseite","item":"https:\/\/gruene-wuppertal.de\/fraktion\/"},{"@type":"ListItem","position":2,"name":"GR\u00dcNE B\u00fcrgermeisterin nominiert"}]},{"@type":"WebSite","@id":"https:\/\/gruene-wuppertal.de\/fraktion\/#website","url":"https:\/\/gruene-wuppertal.de\/fraktion\/","name":"Fraktion von B\u00fcndnis 90 \/ DIE GR\u00dcNEN im Rat der Stadt Wuppertal","description":"","potentialAction":[{"@type":"SearchAction","target":{"@type":"EntryPoint","urlTemplate":"https:\/\/gruene-wuppertal.de\/fraktion\/?s={search_term_string}"},"query-input":"required name=search_term_string"}],"inLanguage":"de-DE"}]}},"post_mailing_queue_ids":[],"_links":{"self":[{"href":"https:\/\/gruene-wuppertal.de\/fraktion\/wp-json\/wp\/v2\/pressemitteilungen\/18253"}],"collection":[{"href":"https:\/\/gruene-wuppertal.de\/fraktion\/wp-json\/wp\/v2\/pressemitteilungen"}],"about":[{"href":"https:\/\/gruene-wuppertal.de\/fraktion\/wp-json\/wp\/v2\/types\/pressemitteilungen"}],"author":[{"embeddable":true,"href":"https:\/\/gruene-wuppertal.de\/fraktion\/wp-json\/wp\/v2\/users\/6"}],"replies":[{"embeddable":true,"href":"https:\/\/gruene-wuppertal.de\/fraktion\/wp-json\/wp\/v2\/comments?post=18253"}],"version-history":[{"count":1,"href":"https:\/\/gruene-wuppertal.de\/fraktion\/wp-json\/wp\/v2\/pressemitteilungen\/18253\/revisions"}],"predecessor-version":[{"id":18255,"href":"https:\/\/gruene-wuppertal.de\/fraktion\/wp-json\/wp\/v2\/pressemitteilungen\/18253\/revisions\/18255"}],"wp:attachment":[{"href":"https:\/\/gruene-wuppertal.de\/fraktion\/wp-json\/wp\/v2\/media?parent=18253"}],"wp:term":[{"taxonomy":"themen","embeddable":true,"href":"https:\/\/gruene-wuppertal.de\/fraktion\/wp-json\/wp\/v2\/themen?post=18253"}],"curies":[{"name":"wp","href":"https:\/\/api.w.org\/{rel}","templated":true}]}}