{"id":10862,"date":"2016-11-03T12:27:50","date_gmt":"2016-11-03T12:27:50","guid":{"rendered":"http:\/\/www.gruene-wuppertal.de\/fraktion\/?post_type=presse&amp;p=10862"},"modified":"2016-11-03T12:27:50","modified_gmt":"2016-11-03T12:27:50","slug":"bhc-arena-richtige-fragen-falsche-schlusse","status":"publish","type":"pressemitteilungen","link":"https:\/\/gruene-wuppertal.de\/fraktion\/pressemitteilungen\/bhc-arena-richtige-fragen-falsche-schlusse\/","title":{"rendered":"BHC-Arena: Richtige Fragen, falsche Schl\u00fcsse"},"content":{"rendered":"<p>Anl\u00e4sslich der heutigen Sitzung des Stadtentwicklungsausschusses, in der \u00fcber die Aufstellung des Bebauungsplans f\u00fcr die BHC-Arena beraten und abgestimmt werden soll, erkl\u00e4rt <b>Anja Liebert<\/b>, stadtentwicklungspolitische Sprecherin und GR\u00dcNE Fraktionsvorsitzende:<br \/>\n\u201eNachdem die CDU bei der letzten Sitzung zu dem Thema BHC-Arena Beratungsbedarf angemeldet hat und daher die Entscheidung verschoben wurde, hat sie zur heutigen Sitzung eine gro\u00dfe Anfrage gestellt, in der viele wichtige Fragen enthalten waren, die auch meine Fraktion hat:<\/p>\n<ul>\n<li>Warum gab es bislang keine M\u00f6glichkeit f\u00fcr die Politik, \u00fcber das Thema zu diskutieren?<\/li>\n<li>Warum wurden die Pr\u00fcfergebnisse der Alternativstandorte, darunter auch die ehemalige Bergische Sonne, erst jetzt vorgelegt, wo es mit dem Aufstellungsbeschluss Westring im Grunde bereits eine Vorfestlegung f\u00fcr den Piepersberg in Solingen geben soll?<\/li>\n<li>Was ist mit den Auswirkungen f\u00fcr die Anwohnenden an der H\u00f6he in Vohwinkel?<\/li>\n<li>Und gibt es \u00fcberhaupt schon ein Betreiberkonzept des BHC, das die nachhaltige Wirtschaftlichkeit und die dauerhafte Finanzierung konkretisiert und sicherstellt?<\/li>\n<\/ul>\n<p>Die vorliegende Antwort der Verwaltung zeigt, dass es auf viele dieser Fragen, insbesondere auf die letzte, noch keine Antworten gibt. Gerade vor diesem Hintergrund verwundert es sehr, dass der Fraktionsvorsitzende der CDU heute erkl\u00e4rt hat, dass seine Fraktion dem Beschlussvorschlag trotzdem zustimmen wird. Wieso meldet man erst Beratungsbedarf an und stellt kurzfristig diese Fragen, wenn man trotz einer nicht zufrieden stellenden Antwort dann doch einknickt?\u201c<\/p>\n<p><strong>Marc Schulz<\/strong>, GR\u00dcNER Fraktionsvorsitzender:<br \/>\n\u201eWir wollen auch weiterhin, dass der BHC eine vern\u00fcnftige Perspektive erh\u00e4lt, um sich dauerhaft in der ersten Handball-Bundesliga etablieren zu k\u00f6nnen. Die momentane Diskussion wirft aber immer mehr Fragen auf. Die Pr\u00fcfung der Alternativstandorte hat ergeben, dass die Fl\u00e4che auf Lichtscheid die beste bebaute Fl\u00e4che f\u00fcr dieses Vorhaben im Bergischen St\u00e4dtedreieck ist. Aber weder der BHC noch die Mehrheit der Politik scheinen an einer echten Diskussion interessiert zu sein. Anders l\u00e4sst sich das Verhalten der CDU nicht erkl\u00e4ren. Offensichtlich hat man sich am Ende trotz aller Bedenken nicht gegen den Koalitionspartner durchsetzen k\u00f6nnen. So ist die Union als Tiger gestartet und als Bettvorleger gelandet\u201c.<\/p>\n","protected":false},"excerpt":{"rendered":"<p>Anl\u00e4sslich der heutigen Sitzung des Stadtentwicklungsausschusses, in der \u00fcber die Aufstellung des Bebauungsplans f\u00fcr die BHC-Arena beraten und abgestimmt werden soll, erkl\u00e4rt Anja Liebert, stadtentwicklungspolitische Sprecherin und GR\u00dcNE Fraktionsvorsitzende: \u201eNachdem die CDU bei der letzten Sitzung zu dem Thema BHC-Arena Beratungsbedarf angemeldet hat und daher&#8230;<\/p>\n","protected":false},"author":20,"featured_media":0,"menu_order":0,"comment_status":"closed","ping_status":"closed","template":"","meta":{"_wp_rev_ctl_limit":""},"themen":[101,12,58,18],"yoast_head":"<!-- This site is optimized with the Yoast SEO plugin v21.8 - https:\/\/yoast.com\/wordpress\/plugins\/seo\/ -->\n<title>BHC-Arena: Richtige Fragen, falsche Schl\u00fcsse - Fraktion von B\u00fcndnis 90 \/ DIE GR\u00dcNEN im Rat der Stadt Wuppertal<\/title>\n<meta name=\"robots\" content=\"index, follow, max-snippet:-1, max-image-preview:large, max-video-preview:-1\" \/>\n<link rel=\"canonical\" href=\"https:\/\/gruene-wuppertal.de\/fraktion\/pressemitteilungen\/bhc-arena-richtige-fragen-falsche-schlusse\/\" \/>\n<meta property=\"og:locale\" content=\"de_DE\" \/>\n<meta property=\"og:type\" content=\"article\" \/>\n<meta property=\"og:title\" content=\"BHC-Arena: Richtige Fragen, falsche Schl\u00fcsse - Fraktion von B\u00fcndnis 90 \/ DIE GR\u00dcNEN im Rat der Stadt Wuppertal\" \/>\n<meta property=\"og:description\" content=\"Anl\u00e4sslich der heutigen Sitzung des Stadtentwicklungsausschusses, in der \u00fcber die Aufstellung des Bebauungsplans f\u00fcr die BHC-Arena beraten und abgestimmt werden soll, erkl\u00e4rt Anja Liebert, stadtentwicklungspolitische Sprecherin und GR\u00dcNE Fraktionsvorsitzende: \u201eNachdem die CDU bei der letzten Sitzung zu dem Thema BHC-Arena Beratungsbedarf angemeldet hat und daher...\" \/>\n<meta property=\"og:url\" content=\"https:\/\/gruene-wuppertal.de\/fraktion\/pressemitteilungen\/bhc-arena-richtige-fragen-falsche-schlusse\/\" \/>\n<meta property=\"og:site_name\" content=\"Fraktion von B\u00fcndnis 90 \/ DIE GR\u00dcNEN im Rat der Stadt Wuppertal\" \/>\n<meta name=\"twitter:card\" content=\"summary_large_image\" \/>\n<meta name=\"twitter:label1\" content=\"Gesch\u00e4tzte Lesezeit\" \/>\n\t<meta name=\"twitter:data1\" content=\"2 Minuten\" \/>\n<script type=\"application\/ld+json\" class=\"yoast-schema-graph\">{\"@context\":\"https:\/\/schema.org\",\"@graph\":[{\"@type\":\"WebPage\",\"@id\":\"https:\/\/gruene-wuppertal.de\/fraktion\/pressemitteilungen\/bhc-arena-richtige-fragen-falsche-schlusse\/\",\"url\":\"https:\/\/gruene-wuppertal.de\/fraktion\/pressemitteilungen\/bhc-arena-richtige-fragen-falsche-schlusse\/\",\"name\":\"BHC-Arena: Richtige Fragen, falsche Schl\u00fcsse - Fraktion von B\u00fcndnis 90 \/ DIE GR\u00dcNEN im Rat der Stadt Wuppertal\",\"isPartOf\":{\"@id\":\"https:\/\/gruene-wuppertal.de\/fraktion\/#website\"},\"datePublished\":\"2016-11-03T12:27:50+00:00\",\"dateModified\":\"2016-11-03T12:27:50+00:00\",\"breadcrumb\":{\"@id\":\"https:\/\/gruene-wuppertal.de\/fraktion\/pressemitteilungen\/bhc-arena-richtige-fragen-falsche-schlusse\/#breadcrumb\"},\"inLanguage\":\"de-DE\",\"potentialAction\":[{\"@type\":\"ReadAction\",\"target\":[\"https:\/\/gruene-wuppertal.de\/fraktion\/pressemitteilungen\/bhc-arena-richtige-fragen-falsche-schlusse\/\"]}]},{\"@type\":\"BreadcrumbList\",\"@id\":\"https:\/\/gruene-wuppertal.de\/fraktion\/pressemitteilungen\/bhc-arena-richtige-fragen-falsche-schlusse\/#breadcrumb\",\"itemListElement\":[{\"@type\":\"ListItem\",\"position\":1,\"name\":\"Startseite\",\"item\":\"https:\/\/gruene-wuppertal.de\/fraktion\/\"},{\"@type\":\"ListItem\",\"position\":2,\"name\":\"BHC-Arena: Richtige Fragen, falsche Schl\u00fcsse\"}]},{\"@type\":\"WebSite\",\"@id\":\"https:\/\/gruene-wuppertal.de\/fraktion\/#website\",\"url\":\"https:\/\/gruene-wuppertal.de\/fraktion\/\",\"name\":\"Fraktion von B\u00fcndnis 90 \/ DIE GR\u00dcNEN im Rat der Stadt Wuppertal\",\"description\":\"\",\"potentialAction\":[{\"@type\":\"SearchAction\",\"target\":{\"@type\":\"EntryPoint\",\"urlTemplate\":\"https:\/\/gruene-wuppertal.de\/fraktion\/?s={search_term_string}\"},\"query-input\":\"required name=search_term_string\"}],\"inLanguage\":\"de-DE\"}]}<\/script>\n<!-- \/ Yoast SEO plugin. -->","yoast_head_json":{"title":"BHC-Arena: Richtige Fragen, falsche Schl\u00fcsse - Fraktion von B\u00fcndnis 90 \/ DIE GR\u00dcNEN im Rat der Stadt Wuppertal","robots":{"index":"index","follow":"follow","max-snippet":"max-snippet:-1","max-image-preview":"max-image-preview:large","max-video-preview":"max-video-preview:-1"},"canonical":"https:\/\/gruene-wuppertal.de\/fraktion\/pressemitteilungen\/bhc-arena-richtige-fragen-falsche-schlusse\/","og_locale":"de_DE","og_type":"article","og_title":"BHC-Arena: Richtige Fragen, falsche Schl\u00fcsse - Fraktion von B\u00fcndnis 90 \/ DIE GR\u00dcNEN im Rat der Stadt Wuppertal","og_description":"Anl\u00e4sslich der heutigen Sitzung des Stadtentwicklungsausschusses, in der \u00fcber die Aufstellung des Bebauungsplans f\u00fcr die BHC-Arena beraten und abgestimmt werden soll, erkl\u00e4rt Anja Liebert, stadtentwicklungspolitische Sprecherin und GR\u00dcNE Fraktionsvorsitzende: \u201eNachdem die CDU bei der letzten Sitzung zu dem Thema BHC-Arena Beratungsbedarf angemeldet hat und daher...","og_url":"https:\/\/gruene-wuppertal.de\/fraktion\/pressemitteilungen\/bhc-arena-richtige-fragen-falsche-schlusse\/","og_site_name":"Fraktion von B\u00fcndnis 90 \/ DIE GR\u00dcNEN im Rat der Stadt Wuppertal","twitter_card":"summary_large_image","twitter_misc":{"Gesch\u00e4tzte Lesezeit":"2 Minuten"},"schema":{"@context":"https:\/\/schema.org","@graph":[{"@type":"WebPage","@id":"https:\/\/gruene-wuppertal.de\/fraktion\/pressemitteilungen\/bhc-arena-richtige-fragen-falsche-schlusse\/","url":"https:\/\/gruene-wuppertal.de\/fraktion\/pressemitteilungen\/bhc-arena-richtige-fragen-falsche-schlusse\/","name":"BHC-Arena: Richtige Fragen, falsche Schl\u00fcsse - Fraktion von B\u00fcndnis 90 \/ DIE GR\u00dcNEN im Rat der Stadt Wuppertal","isPartOf":{"@id":"https:\/\/gruene-wuppertal.de\/fraktion\/#website"},"datePublished":"2016-11-03T12:27:50+00:00","dateModified":"2016-11-03T12:27:50+00:00","breadcrumb":{"@id":"https:\/\/gruene-wuppertal.de\/fraktion\/pressemitteilungen\/bhc-arena-richtige-fragen-falsche-schlusse\/#breadcrumb"},"inLanguage":"de-DE","potentialAction":[{"@type":"ReadAction","target":["https:\/\/gruene-wuppertal.de\/fraktion\/pressemitteilungen\/bhc-arena-richtige-fragen-falsche-schlusse\/"]}]},{"@type":"BreadcrumbList","@id":"https:\/\/gruene-wuppertal.de\/fraktion\/pressemitteilungen\/bhc-arena-richtige-fragen-falsche-schlusse\/#breadcrumb","itemListElement":[{"@type":"ListItem","position":1,"name":"Startseite","item":"https:\/\/gruene-wuppertal.de\/fraktion\/"},{"@type":"ListItem","position":2,"name":"BHC-Arena: Richtige Fragen, falsche Schl\u00fcsse"}]},{"@type":"WebSite","@id":"https:\/\/gruene-wuppertal.de\/fraktion\/#website","url":"https:\/\/gruene-wuppertal.de\/fraktion\/","name":"Fraktion von B\u00fcndnis 90 \/ DIE GR\u00dcNEN im Rat der Stadt Wuppertal","description":"","potentialAction":[{"@type":"SearchAction","target":{"@type":"EntryPoint","urlTemplate":"https:\/\/gruene-wuppertal.de\/fraktion\/?s={search_term_string}"},"query-input":"required name=search_term_string"}],"inLanguage":"de-DE"}]}},"post_mailing_queue_ids":[],"_links":{"self":[{"href":"https:\/\/gruene-wuppertal.de\/fraktion\/wp-json\/wp\/v2\/pressemitteilungen\/10862"}],"collection":[{"href":"https:\/\/gruene-wuppertal.de\/fraktion\/wp-json\/wp\/v2\/pressemitteilungen"}],"about":[{"href":"https:\/\/gruene-wuppertal.de\/fraktion\/wp-json\/wp\/v2\/types\/pressemitteilungen"}],"author":[{"embeddable":true,"href":"https:\/\/gruene-wuppertal.de\/fraktion\/wp-json\/wp\/v2\/users\/20"}],"replies":[{"embeddable":true,"href":"https:\/\/gruene-wuppertal.de\/fraktion\/wp-json\/wp\/v2\/comments?post=10862"}],"version-history":[{"count":0,"href":"https:\/\/gruene-wuppertal.de\/fraktion\/wp-json\/wp\/v2\/pressemitteilungen\/10862\/revisions"}],"wp:attachment":[{"href":"https:\/\/gruene-wuppertal.de\/fraktion\/wp-json\/wp\/v2\/media?parent=10862"}],"wp:term":[{"taxonomy":"themen","embeddable":true,"href":"https:\/\/gruene-wuppertal.de\/fraktion\/wp-json\/wp\/v2\/themen?post=10862"}],"curies":[{"name":"wp","href":"https:\/\/api.w.org\/{rel}","templated":true}]}}