{"id":1003,"date":"2003-07-15T00:00:00","date_gmt":"2003-07-15T00:00:00","guid":{"rendered":"http:\/\/www.gruene-wuppertal.de\/fraktion\/presse\/grune-47\/"},"modified":"2003-07-15T00:00:00","modified_gmt":"2003-07-15T00:00:00","slug":"grune-47","status":"publish","type":"pressemitteilungen","link":"https:\/\/gruene-wuppertal.de\/fraktion\/pressemitteilungen\/grune-47\/","title":{"rendered":"GR\u00dcNE:"},"content":{"rendered":"<p>Die GR\u00dcNE Fraktion setzt sich f\u00fcr die schnellst m\u00f6gliche Schlie\u00dfung sowohl des Tunnels am Alten Markt als auch der Unterf\u00fchrung am Robert-Daum-Platz ein.  <\/p>\n<p>In der gestrigen Sitzung wurde dem Ausschusses Frauenf\u00f6rderung von der Projektleiterin Gabriele Mahnert das aktuelle Projekt von &quot;Unheimlich &amp; CO&quot; vorgestellt. Seit 1997 engagieren sich M\u00e4dchen unter fachkundiger Begleitung f\u00fcr Sicherheit im Tal mit dem Erfolg, dass bereits in der Vergangenheit einige Angstr\u00e4ume beseitigt werden konnten.  <\/p>\n<p>Das aktuelle Projekt soll die Sicherheit im \u00f6ffentlichen Raum und Nahverkehr verbessern: Besucherinnen von sieben Jugendfreizeiteinrichtungen untersuchen Angstr\u00e4ume in einzelnen Stadtteilen, dokumentieren sie mit Fotos und f\u00fchren Interviews durch. Sie entwickeln Handlungsstrategien und Vorschl\u00e4ge zur Minimierung von Angstr\u00e4umen, die den zust\u00e4ndigen Bezirksvertretungen vorgestellt werden. Die Bezirksvertretungen sollen mit Beschl\u00fcssen daran mitwirken, Angstr\u00e4ume zu minimieren.  <\/p>\n<p>Sylvia Meyer, frauenpolitische Sprecherin der Fraktion:  <\/p>\n<p>&quot;Aktuell werden in Wuppertal Diskussionen \u00fcber zwei Angstr\u00e4ume gef\u00fchrt, ohne diese auch so zu benennen.  <\/p>\n<p>Die Fakten am Robert-Daum-Platz sind bekannt, &acute;Unheimlich &amp; CO&acute; f\u00fchrte hier 2001 eine Graffitty-Aktion durch: neben der Tatsache, dass weder Behinderte noch Menschen mit Kinderwagen (zu ca. 90 Prozent Frauen) die Unterf\u00fchrung nutzen k\u00f6nnen, kommt noch der Faktor Angstraum hinzu. Weder ich selbst noch der \u00fcberwiegende Teil aller anderen Wuppertalerinnen geht gern durch die Unterf\u00fchrung. Was tags\u00fcber schon \u00dcberwindung kostet, ist nachts f\u00fcr die meisten Frauen ein ungangbarer Weg, denn seit Jahren ist dieser Tunnel in der Stadt als Angstraum bekannt. Der Angstfaktor gilt ebenso bei der Unterf\u00fchrung des Alten Marktes, auch wenn sich dort immerhin &quot;Menschen auf R\u00e4dern&quot; ebenerdig ohne gr\u00f6\u00dfere Hindernisse bewegen k\u00f6nnen. Damit ist der Tunnel am Alten Markt noch entbehrlicher. Die GR\u00dcNEN fordern deshalb die Schlie\u00dfung der beiden Tunnel zum schnellstm\u00f6glichen Zeitpunkt inklusive der Installation einer Ampelanlage zur ebenerdigen Fu\u00dfg\u00e4ngerInnenquerung am Robert-Daum-Platz.&quot;<\/p>\n","protected":false},"excerpt":{"rendered":"<p>Angstr\u00e4ume minimieren, Tunnel schlie\u00dfen<\/p>\n","protected":false},"author":1,"featured_media":0,"menu_order":0,"comment_status":"closed","ping_status":"closed","template":"","meta":{"_wp_rev_ctl_limit":""},"themen":[],"yoast_head":"<!-- This site is optimized with the Yoast SEO plugin v21.8 - https:\/\/yoast.com\/wordpress\/plugins\/seo\/ -->\n<title>GR\u00dcNE: - Fraktion von B\u00fcndnis 90 \/ DIE GR\u00dcNEN im Rat der Stadt Wuppertal<\/title>\n<meta name=\"robots\" content=\"index, follow, max-snippet:-1, max-image-preview:large, max-video-preview:-1\" \/>\n<link rel=\"canonical\" href=\"https:\/\/gruene-wuppertal.de\/fraktion\/pressemitteilungen\/grune-47\/\" \/>\n<meta property=\"og:locale\" content=\"de_DE\" \/>\n<meta property=\"og:type\" content=\"article\" \/>\n<meta property=\"og:title\" content=\"GR\u00dcNE: - Fraktion von B\u00fcndnis 90 \/ DIE GR\u00dcNEN im Rat der Stadt Wuppertal\" \/>\n<meta property=\"og:description\" content=\"Angstr\u00e4ume minimieren, Tunnel schlie\u00dfen\" \/>\n<meta property=\"og:url\" content=\"https:\/\/gruene-wuppertal.de\/fraktion\/pressemitteilungen\/grune-47\/\" \/>\n<meta property=\"og:site_name\" content=\"Fraktion von B\u00fcndnis 90 \/ DIE GR\u00dcNEN im Rat der Stadt Wuppertal\" \/>\n<meta name=\"twitter:card\" content=\"summary_large_image\" \/>\n<meta name=\"twitter:label1\" content=\"Gesch\u00e4tzte Lesezeit\" \/>\n\t<meta name=\"twitter:data1\" content=\"2 Minuten\" \/>\n<script type=\"application\/ld+json\" class=\"yoast-schema-graph\">{\"@context\":\"https:\/\/schema.org\",\"@graph\":[{\"@type\":\"WebPage\",\"@id\":\"https:\/\/gruene-wuppertal.de\/fraktion\/pressemitteilungen\/grune-47\/\",\"url\":\"https:\/\/gruene-wuppertal.de\/fraktion\/pressemitteilungen\/grune-47\/\",\"name\":\"GR\u00dcNE: - Fraktion von B\u00fcndnis 90 \/ DIE GR\u00dcNEN im Rat der Stadt Wuppertal\",\"isPartOf\":{\"@id\":\"https:\/\/gruene-wuppertal.de\/fraktion\/#website\"},\"datePublished\":\"2003-07-15T00:00:00+00:00\",\"dateModified\":\"2003-07-15T00:00:00+00:00\",\"breadcrumb\":{\"@id\":\"https:\/\/gruene-wuppertal.de\/fraktion\/pressemitteilungen\/grune-47\/#breadcrumb\"},\"inLanguage\":\"de-DE\",\"potentialAction\":[{\"@type\":\"ReadAction\",\"target\":[\"https:\/\/gruene-wuppertal.de\/fraktion\/pressemitteilungen\/grune-47\/\"]}]},{\"@type\":\"BreadcrumbList\",\"@id\":\"https:\/\/gruene-wuppertal.de\/fraktion\/pressemitteilungen\/grune-47\/#breadcrumb\",\"itemListElement\":[{\"@type\":\"ListItem\",\"position\":1,\"name\":\"Startseite\",\"item\":\"https:\/\/gruene-wuppertal.de\/fraktion\/\"},{\"@type\":\"ListItem\",\"position\":2,\"name\":\"GR\u00dcNE:\"}]},{\"@type\":\"WebSite\",\"@id\":\"https:\/\/gruene-wuppertal.de\/fraktion\/#website\",\"url\":\"https:\/\/gruene-wuppertal.de\/fraktion\/\",\"name\":\"Fraktion von B\u00fcndnis 90 \/ DIE GR\u00dcNEN im Rat der Stadt Wuppertal\",\"description\":\"\",\"potentialAction\":[{\"@type\":\"SearchAction\",\"target\":{\"@type\":\"EntryPoint\",\"urlTemplate\":\"https:\/\/gruene-wuppertal.de\/fraktion\/?s={search_term_string}\"},\"query-input\":\"required name=search_term_string\"}],\"inLanguage\":\"de-DE\"}]}<\/script>\n<!-- \/ Yoast SEO plugin. -->","yoast_head_json":{"title":"GR\u00dcNE: - Fraktion von B\u00fcndnis 90 \/ DIE GR\u00dcNEN im Rat der Stadt Wuppertal","robots":{"index":"index","follow":"follow","max-snippet":"max-snippet:-1","max-image-preview":"max-image-preview:large","max-video-preview":"max-video-preview:-1"},"canonical":"https:\/\/gruene-wuppertal.de\/fraktion\/pressemitteilungen\/grune-47\/","og_locale":"de_DE","og_type":"article","og_title":"GR\u00dcNE: - Fraktion von B\u00fcndnis 90 \/ DIE GR\u00dcNEN im Rat der Stadt Wuppertal","og_description":"Angstr\u00e4ume minimieren, Tunnel schlie\u00dfen","og_url":"https:\/\/gruene-wuppertal.de\/fraktion\/pressemitteilungen\/grune-47\/","og_site_name":"Fraktion von B\u00fcndnis 90 \/ DIE GR\u00dcNEN im Rat der Stadt Wuppertal","twitter_card":"summary_large_image","twitter_misc":{"Gesch\u00e4tzte Lesezeit":"2 Minuten"},"schema":{"@context":"https:\/\/schema.org","@graph":[{"@type":"WebPage","@id":"https:\/\/gruene-wuppertal.de\/fraktion\/pressemitteilungen\/grune-47\/","url":"https:\/\/gruene-wuppertal.de\/fraktion\/pressemitteilungen\/grune-47\/","name":"GR\u00dcNE: - Fraktion von B\u00fcndnis 90 \/ DIE GR\u00dcNEN im Rat der Stadt Wuppertal","isPartOf":{"@id":"https:\/\/gruene-wuppertal.de\/fraktion\/#website"},"datePublished":"2003-07-15T00:00:00+00:00","dateModified":"2003-07-15T00:00:00+00:00","breadcrumb":{"@id":"https:\/\/gruene-wuppertal.de\/fraktion\/pressemitteilungen\/grune-47\/#breadcrumb"},"inLanguage":"de-DE","potentialAction":[{"@type":"ReadAction","target":["https:\/\/gruene-wuppertal.de\/fraktion\/pressemitteilungen\/grune-47\/"]}]},{"@type":"BreadcrumbList","@id":"https:\/\/gruene-wuppertal.de\/fraktion\/pressemitteilungen\/grune-47\/#breadcrumb","itemListElement":[{"@type":"ListItem","position":1,"name":"Startseite","item":"https:\/\/gruene-wuppertal.de\/fraktion\/"},{"@type":"ListItem","position":2,"name":"GR\u00dcNE:"}]},{"@type":"WebSite","@id":"https:\/\/gruene-wuppertal.de\/fraktion\/#website","url":"https:\/\/gruene-wuppertal.de\/fraktion\/","name":"Fraktion von B\u00fcndnis 90 \/ DIE GR\u00dcNEN im Rat der Stadt Wuppertal","description":"","potentialAction":[{"@type":"SearchAction","target":{"@type":"EntryPoint","urlTemplate":"https:\/\/gruene-wuppertal.de\/fraktion\/?s={search_term_string}"},"query-input":"required name=search_term_string"}],"inLanguage":"de-DE"}]}},"post_mailing_queue_ids":[],"_links":{"self":[{"href":"https:\/\/gruene-wuppertal.de\/fraktion\/wp-json\/wp\/v2\/pressemitteilungen\/1003"}],"collection":[{"href":"https:\/\/gruene-wuppertal.de\/fraktion\/wp-json\/wp\/v2\/pressemitteilungen"}],"about":[{"href":"https:\/\/gruene-wuppertal.de\/fraktion\/wp-json\/wp\/v2\/types\/pressemitteilungen"}],"author":[{"embeddable":true,"href":"https:\/\/gruene-wuppertal.de\/fraktion\/wp-json\/wp\/v2\/users\/1"}],"replies":[{"embeddable":true,"href":"https:\/\/gruene-wuppertal.de\/fraktion\/wp-json\/wp\/v2\/comments?post=1003"}],"version-history":[{"count":0,"href":"https:\/\/gruene-wuppertal.de\/fraktion\/wp-json\/wp\/v2\/pressemitteilungen\/1003\/revisions"}],"wp:attachment":[{"href":"https:\/\/gruene-wuppertal.de\/fraktion\/wp-json\/wp\/v2\/media?parent=1003"}],"wp:term":[{"taxonomy":"themen","embeddable":true,"href":"https:\/\/gruene-wuppertal.de\/fraktion\/wp-json\/wp\/v2\/themen?post=1003"}],"curies":[{"name":"wp","href":"https:\/\/api.w.org\/{rel}","templated":true}]}}